{"id":12144,"date":"2023-02-17T13:13:55","date_gmt":"2023-02-17T12:13:55","guid":{"rendered":"https:\/\/projectes.xtec.cat\/internacional\/?p=12144"},"modified":"2023-02-17T18:42:28","modified_gmt":"2023-02-17T17:42:28","slug":"premis-nacionals-etwinning-convocatoria-oberta","status":"publish","type":"post","link":"https:\/\/projectes.xtec.cat\/internacional\/general\/premis-nacionals-etwinning-convocatoria-oberta\/","title":{"rendered":"Convocat\u00f2ria &#8211; Premis Nacionals eTwinning 2023"},"content":{"rendered":"<p><a href=\"https:\/\/projectes.xtec.cat\/internacional\/wp-content\/uploads\/usu1767\/2023\/02\/Premi-nacional_23.png\"><img loading=\"lazy\" decoding=\"async\" class=\"wp-image-12145 alignnone\" src=\"https:\/\/projectes.xtec.cat\/internacional\/wp-content\/uploads\/usu1767\/2023\/02\/Premi-nacional_23.png\" alt=\"\" width=\"230\" height=\"232\" srcset=\"https:\/\/projectes.xtec.cat\/internacional\/wp-content\/uploads\/usu1767\/2023\/02\/Premi-nacional_23.png 436w, https:\/\/projectes.xtec.cat\/internacional\/wp-content\/uploads\/usu1767\/2023\/02\/Premi-nacional_23-298x300.png 298w, https:\/\/projectes.xtec.cat\/internacional\/wp-content\/uploads\/usu1767\/2023\/02\/Premi-nacional_23-150x150.png 150w\" sizes=\"auto, (max-width: 230px) 100vw, 230px\" \/><\/a><\/p>\n<p><strong>Ja podeu presentar els vostres projectes per sol\u00b7licitar els Premis Nacionals eTwinning 2023.\u00a0<\/strong><strong>La convocat\u00f2ria est\u00e0 oberta fins al 10 de mar\u00e7.<\/strong><\/p>\n<p><strong>Requisits:<\/strong><\/p>\n<ul>\n<li>Cal ser docent elegible al projecte internacional que es presenta a aquests premis.<\/li>\n<li>Haver rebut segell de qualitat nacional eTwinning 2022 pel projecte presentat.<\/li>\n<li>No haver obtingut Premi Nacional eTwinning el 2022 en cap de les categories i les modalitats.<\/li>\n<li>El projecte presentat ha de tenir una data d\u02bbinici posterior a l&#8217;1\/09\/2020.<\/li>\n<li>El projecte no pot haver rebut el Premi Nacional eTwinning amb anterioritat.<\/li>\n<\/ul>\n<p>En cas de projectes amb m\u00e9s docents elegibles (amb Segell de Qualitat per aquest projecte), cal presentar una \u00fanica sol\u00b7licitud per projecte. S\u2019ha d\u2019adjuntar l\u2019Annex I degudament emplenat i signat per tots i totes participants. Trobareu m\u00e9s informaci\u00f3 en el seg\u00fcent <a href=\"https:\/\/etwinning.es\/es\/convocatoria-de-premios-nacionales-etwinning-2023\/\">enlla\u00e7.<\/a><\/p>\n<p><a href=\"https:\/\/www.educacionyfp.gob.es\/servicios-al-ciudadano\/catalogo\/profesorado\/profesorado-no-universitario\/premios\/premios-nacionales-etwinning.html\">Aqu\u00ed<\/a> podeu accedir directament a la Convocat\u00f2ria en la seu electr\u00f2nica.<\/p>\n<p>Per fer consultes sobre aquesta convocat\u00f2ria podeu escriure directament a premis.etwinning@educacion.gob<\/p>\n<p>Molta sort a tothom!<\/p>\n<p>&nbsp;<\/p>\n<p>&nbsp;<\/p>\n<p>&nbsp;<\/p>\n","protected":false},"excerpt":{"rendered":"<p><a href=\"https:\/\/projectes.xtec.cat\/internacional\/wp-content\/uploads\/usu1767\/2023\/02\/Premi-nacional_23.png\"><\/a><br \/>\nJa podeu presentar els vostres projectes per sol\u00b7licitar els Premis Nacionals eTwinning 2023.\u00a0La convocat\u00f2ria est\u00e0 oberta fins al 10 de mar\u00e7.<br \/>\nRequisits:<\/p>\n<ul>\n<li>Cal ser docent elegible al projecte internacional que es presenta a aquests premis.<\/li>\n<li>Haver rebut segell de qualitat nacional eTwinning 2022 pel projecte presentat.<\/li>\n<li>No haver&hellip;  <a href=\"https:\/\/projectes.xtec.cat\/internacional\/general\/premis-nacionals-etwinning-convocatoria-oberta\/\" title=\"Read Convocat\u00f2ria &#8211; Premis Nacionals eTwinning 2023\">Llegeix m\u00e9s\u00bb<\/a><br \/>\n","protected":false},"author":1,"featured_media":12145,"comment_status":"open","ping_status":"closed","sticky":false,"template":"","format":"standard","meta":{"_bbp_topic_count":0,"_bbp_reply_count":0,"_bbp_total_topic_count":0,"_bbp_total_reply_count":0,"_bbp_voice_count":0,"_bbp_anonymous_reply_count":0,"_bbp_topic_count_hidden":0,"_bbp_reply_count_hidden":0,"_bbp_forum_subforum_count":0,"footnotes":""},"categories":[1,367,29],"tags":[405,301,384],"class_list":["post-12144","post","type-post","status-publish","format-standard","has-post-thumbnail","hentry","category-general","category-noticies-etwinning-etwinning","category-portada","tag-convocatoria","tag-etwinning","tag-premis-etwinning"],"post_mailing_queue_ids":[],"_links":{"self":[{"href":"https:\/\/projectes.xtec.cat\/internacional\/wp-json\/wp\/v2\/posts\/12144","targetHints":{"allow":["GET"]}}],"collection":[{"href":"https:\/\/projectes.xtec.cat\/internacional\/wp-json\/wp\/v2\/posts"}],"about":[{"href":"https:\/\/projectes.xtec.cat\/internacional\/wp-json\/wp\/v2\/types\/post"}],"author":[{"embeddable":true,"href":"https:\/\/projectes.xtec.cat\/internacional\/wp-json\/wp\/v2\/users\/1"}],"replies":[{"embeddable":true,"href":"https:\/\/projectes.xtec.cat\/internacional\/wp-json\/wp\/v2\/comments?post=12144"}],"version-history":[{"count":4,"href":"https:\/\/projectes.xtec.cat\/internacional\/wp-json\/wp\/v2\/posts\/12144\/revisions"}],"predecessor-version":[{"id":12159,"href":"https:\/\/projectes.xtec.cat\/internacional\/wp-json\/wp\/v2\/posts\/12144\/revisions\/12159"}],"wp:featuredmedia":[{"embeddable":true,"href":"https:\/\/projectes.xtec.cat\/internacional\/wp-json\/wp\/v2\/media\/12145"}],"wp:attachment":[{"href":"https:\/\/projectes.xtec.cat\/internacional\/wp-json\/wp\/v2\/media?parent=12144"}],"wp:term":[{"taxonomy":"category","embeddable":true,"href":"https:\/\/projectes.xtec.cat\/internacional\/wp-json\/wp\/v2\/categories?post=12144"},{"taxonomy":"post_tag","embeddable":true,"href":"https:\/\/projectes.xtec.cat\/internacional\/wp-json\/wp\/v2\/tags?post=12144"}],"curies":[{"name":"wp","href":"https:\/\/api.w.org\/{rel}","templated":true}]}}