{"id":12370,"date":"2023-05-17T14:11:56","date_gmt":"2023-05-17T12:11:56","guid":{"rendered":"https:\/\/projectes.xtec.cat\/internacional\/?p=12370"},"modified":"2023-05-26T13:07:15","modified_gmt":"2023-05-26T11:07:15","slug":"formacio-sobre-mobilitat-educativa-de-llarga-durada-en-projectes-erasmus-ka121-i-ka122","status":"publish","type":"post","link":"https:\/\/projectes.xtec.cat\/internacional\/general\/formacio-sobre-mobilitat-educativa-de-llarga-durada-en-projectes-erasmus-ka121-i-ka122\/","title":{"rendered":"Formaci\u00f3 sobre mobilitat educativa de llarga durada en projectes Erasmus+ KA121 i KA122"},"content":{"rendered":"<p><a href=\"https:\/\/projectes.xtec.cat\/internacional\/wp-content\/uploads\/usu1767\/2023\/05\/blur-g488408540_1280.jpg\"><img loading=\"lazy\" decoding=\"async\" class=\"wp-image-12372 aligncenter\" src=\"https:\/\/projectes.xtec.cat\/internacional\/wp-content\/uploads\/usu1767\/2023\/05\/blur-g488408540_1280-1024x671.jpg\" alt=\"\" width=\"620\" height=\"406\" srcset=\"https:\/\/projectes.xtec.cat\/internacional\/wp-content\/uploads\/usu1767\/2023\/05\/blur-g488408540_1280-1024x671.jpg 1024w, https:\/\/projectes.xtec.cat\/internacional\/wp-content\/uploads\/usu1767\/2023\/05\/blur-g488408540_1280-300x197.jpg 300w, https:\/\/projectes.xtec.cat\/internacional\/wp-content\/uploads\/usu1767\/2023\/05\/blur-g488408540_1280-768x503.jpg 768w, https:\/\/projectes.xtec.cat\/internacional\/wp-content\/uploads\/usu1767\/2023\/05\/blur-g488408540_1280.jpg 1280w\" sizes=\"auto, (max-width: 620px) 100vw, 620px\" \/><\/a><\/p>\n<p>Una de les condicions per a poder participar en una Mobilitat de Llarga Durada de l&#8217;alumnat d&#8217;educaci\u00f3 escolar (MLD), \u00e9s que cada estudiant seleccionat hagi rebut una formaci\u00f3 obligat\u00f2ria de manera pr\u00e8via a la seva sortida. A tal fi, des del SEPIE s&#8217;han organitzat de manera anual dues sessions de formaci\u00f3, dirigides a l&#8217;alumnat i al professorat responsable d&#8217;aquesta activitat (coordinadors o tutors), una a la fi de juny (per a les mobilitats previstes per al primer trimestre del curs seg\u00fcent) i una altra al desembre (per a l&#8217;organitzaci\u00f3 de les mobilitats previstes per al segon i\/o tercer trimestre del curs seg\u00fcent).<\/p>\n<p>Des de la Unitat d&#8217;educaci\u00f3 escolar del SEPIE han impulsat de manera decidida la mobilitat de llarga durada de l&#8217;alumnat. L&#8217;increment que s&#8217;ha observat des de l&#8217;any passat \u00e9s enorme i estem molt satisfets per aix\u00f2. D&#8217;altra banda, les xifres a les quals s&#8217;ha arribat impedeixen l&#8217;organitzaci\u00f3 de la formaci\u00f3 de l&#8217;alumnat de manera presencial i centralitzada en el SEPIE. No obstant aix\u00f2, s\u00ed que es continuar\u00e0 amb la formaci\u00f3 del professorat responsable d&#8217;aquestes mobilitats, amb la mateixa periodicitat (juny i desembre). Durant aquestes sessions, a m\u00e9s de q\u00fcestions de car\u00e0cter organitzatiu, es donaran pautes per a la formaci\u00f3 de l&#8217;alumnat participant.<\/p>\n<p>Per aix\u00f2, la <strong>formaci\u00f3 destinada als centres educatius<\/strong> que organitzin MLD durant l&#8217;1 d&#8217;agost i el 31 de desembre de 2023 s&#8217;organitzar\u00e0 de la seg\u00fcent manera:<\/p>\n<p>\u2022 Jornada de <strong>formaci\u00f3 per a docents coordinadors<\/strong>\/tutors d&#8217;activitats de mobilitat de llarga durada de l&#8217;alumnat escolar: aquesta formaci\u00f3 tindr\u00e0 lloc a Madrid, previsiblement el pr\u00f2xim<strong> 20 de juny<\/strong>, en horari estimat de 10.30 a 14.30, i en format h\u00edbrid, \u00e9s a dir, s&#8217;organitzar\u00e0 una reuni\u00f3 presencial a Madrid i s&#8217;oferir\u00e0 l&#8217;opci\u00f3 de seguir-la virtualment per als qui no desitgin o no puguin despla\u00e7ar-se. Si el nombre d&#8217;assistents presencials fos molt redu\u00eft, es realitzaria \u00fanicament en format virtual.<\/p>\n<p>\u2022 <strong>Formaci\u00f3 per a estudiants<\/strong> en mobilitat de llarga durada pr\u00e8via a la partida: la formaci\u00f3 per a l&#8217;alumnat haur\u00e0 de ser <strong>organitzada pels propis centres educatius<\/strong>, en la data que millor s&#8217;adapti als seus interessos i sempre de manera pr\u00e8via a la sortida de l&#8217;alumnat. Pr\u00f2ximament es far\u00e0 arribar la proposta dels continguts que hauran de ser tractats, aix\u00ed com propostes de material de suport. La formaci\u00f3, que tindr\u00e0 una durada m\u00ednima de dues hores, pot ser a c\u00e0rrec de docents del centre o poden contractar el servei a una persona o empresa especialitzada (amb c\u00e0rrec als fons rebuts per a l&#8217;activitat). Donada que la formaci\u00f3 \u00e9s obligat\u00f2ria per als estudiants abans de la mobilitat, tamb\u00e9 els farem arribar un document per a certificar la participaci\u00f3 en aquesta formaci\u00f3.<\/p>\n<p>Per a tenir una previsi\u00f3 realista d&#8217;aquestes mobilitats, els preguem que emplenin les dades del seg\u00fcent formulari Google: <a href=\"https:\/\/forms.gle\/kgYNhCgS27WdVTHF9\" target=\"_blank\" rel=\"noopener\">https:\/\/forms.gle\/kgYNhCgS27WdVTHF9<\/a> , <strong>abans<\/strong> de les 12.00 del <strong>24 de maig d<\/strong>e 2023 (hora peninsular).<\/p>\n<p>Per raons d&#8217;organitzaci\u00f3, \u00e9s important que respectin el termini establert:<strong> no s&#8217;admetran lliuraments del formulari Google posteriors a aquesta data<\/strong> ni les respostes per correu electr\u00f2nic o per via telef\u00f2nica. Per a la formaci\u00f3 de docents, nom\u00e9s s&#8217;acceptar\u00e0 un representant per centre educatiu.<\/p>\n<p>Sobre les dades d&#8217;alumnat participant en MLD, \u00fanicament s&#8217;ha de notificar el nombre d&#8217;estudiants que participaran en la mobilitat en el primer trimestre de 2023, at\u00e8s que potser encara no hagi finalitzat el proc\u00e9s de selecci\u00f3.<\/p>\n<p>IMPORTANT: Si el vostre centre t\u00e9 previst enviar alumnat a Mobilitats de Llarga Durada en el segon i\/o tercer trimestre del curs 2023\/2024, haureu d&#8217;assistir a la jornada de formaci\u00f3 que se celebrar\u00e0 a mitjan desembre de 2023.<\/p>\n","protected":false},"excerpt":{"rendered":"<p><a href=\"https:\/\/projectes.xtec.cat\/internacional\/wp-content\/uploads\/usu1767\/2023\/05\/blur-g488408540_1280.jpg\"><\/a><br \/>\nUna de les condicions per a poder participar en una Mobilitat de Llarga Durada de l&#8217;alumnat d&#8217;educaci\u00f3 escolar (MLD), \u00e9s que cada estudiant seleccionat hagi rebut una formaci\u00f3 obligat\u00f2ria de manera pr\u00e8via a la seva sortida. A tal fi, des del SEPIE s&#8217;han organitzat&hellip;  <a href=\"https:\/\/projectes.xtec.cat\/internacional\/general\/formacio-sobre-mobilitat-educativa-de-llarga-durada-en-projectes-erasmus-ka121-i-ka122\/\" title=\"Read Formaci\u00f3 sobre mobilitat educativa de llarga durada en projectes Erasmus+ KA121 i KA122\">Llegeix m\u00e9s\u00bb<\/a><\/p>\n","protected":false},"author":1,"featured_media":12372,"comment_status":"closed","ping_status":"closed","sticky":false,"template":"","format":"standard","meta":{"_bbp_topic_count":0,"_bbp_reply_count":0,"_bbp_total_topic_count":0,"_bbp_total_reply_count":0,"_bbp_voice_count":0,"_bbp_anonymous_reply_count":0,"_bbp_topic_count_hidden":0,"_bbp_reply_count_hidden":0,"_bbp_forum_subforum_count":0,"footnotes":""},"categories":[311,1,29,309],"tags":[297,419],"class_list":["post-12370","post","type-post","status-publish","format-standard","has-post-thumbnail","hentry","category-erasmus","category-general","category-portada","category-programa-erasmus-2021-2027","tag-erasmus","tag-mld"],"post_mailing_queue_ids":[],"_links":{"self":[{"href":"https:\/\/projectes.xtec.cat\/internacional\/wp-json\/wp\/v2\/posts\/12370","targetHints":{"allow":["GET"]}}],"collection":[{"href":"https:\/\/projectes.xtec.cat\/internacional\/wp-json\/wp\/v2\/posts"}],"about":[{"href":"https:\/\/projectes.xtec.cat\/internacional\/wp-json\/wp\/v2\/types\/post"}],"author":[{"embeddable":true,"href":"https:\/\/projectes.xtec.cat\/internacional\/wp-json\/wp\/v2\/users\/1"}],"replies":[{"embeddable":true,"href":"https:\/\/projectes.xtec.cat\/internacional\/wp-json\/wp\/v2\/comments?post=12370"}],"version-history":[{"count":3,"href":"https:\/\/projectes.xtec.cat\/internacional\/wp-json\/wp\/v2\/posts\/12370\/revisions"}],"predecessor-version":[{"id":12416,"href":"https:\/\/projectes.xtec.cat\/internacional\/wp-json\/wp\/v2\/posts\/12370\/revisions\/12416"}],"wp:featuredmedia":[{"embeddable":true,"href":"https:\/\/projectes.xtec.cat\/internacional\/wp-json\/wp\/v2\/media\/12372"}],"wp:attachment":[{"href":"https:\/\/projectes.xtec.cat\/internacional\/wp-json\/wp\/v2\/media?parent=12370"}],"wp:term":[{"taxonomy":"category","embeddable":true,"href":"https:\/\/projectes.xtec.cat\/internacional\/wp-json\/wp\/v2\/categories?post=12370"},{"taxonomy":"post_tag","embeddable":true,"href":"https:\/\/projectes.xtec.cat\/internacional\/wp-json\/wp\/v2\/tags?post=12370"}],"curies":[{"name":"wp","href":"https:\/\/api.w.org\/{rel}","templated":true}]}}