{"id":12482,"date":"2023-06-12T17:43:31","date_gmt":"2023-06-12T15:43:31","guid":{"rendered":"https:\/\/projectes.xtec.cat\/internacional\/?p=12482"},"modified":"2023-06-21T12:21:29","modified_gmt":"2023-06-21T10:21:29","slug":"convocatoria-oberta-curs-ambaixada-etwinning-2023-24","status":"publish","type":"post","link":"https:\/\/projectes.xtec.cat\/internacional\/general\/convocatoria-oberta-curs-ambaixada-etwinning-2023-24\/","title":{"rendered":"Convocat\u00f2ria oberta &#8211; Curs Ambaixada eTwinning 2023\/24"},"content":{"rendered":"<p><a href=\"https:\/\/projectes.xtec.cat\/internacional\/wp-content\/uploads\/usu1767\/2023\/06\/Ambajadoras_curso.png\"><img loading=\"lazy\" decoding=\"async\" class=\"alignnone wp-image-12483\" src=\"https:\/\/projectes.xtec.cat\/internacional\/wp-content\/uploads\/usu1767\/2023\/06\/Ambajadoras_curso.png\" alt=\"\" width=\"305\" height=\"292\" srcset=\"https:\/\/projectes.xtec.cat\/internacional\/wp-content\/uploads\/usu1767\/2023\/06\/Ambajadoras_curso.png 460w, https:\/\/projectes.xtec.cat\/internacional\/wp-content\/uploads\/usu1767\/2023\/06\/Ambajadoras_curso-300x288.png 300w\" sizes=\"auto, (max-width: 305px) 100vw, 305px\" \/><\/a><\/p>\n<p>Us comuniquem que es pot fer la inscripci\u00f3 per al curs: &#8220;Embajada eTwinning&#8221; per poder formar part de la xarxa de les ambaixadores i els ambaixadors eTwinning:<\/p>\n<p>El curs &#8220;<span class=\"hiddenSpellError\" style=\"padding-bottom: 2px; background-image: url('..\/..\/..\/..\/..\/images\/squiggle_red.png'); background-repeat: repeat-x; background-position: left bottom; cursor: default; color: #000000; font-family: 'Open Sans', Helvetica, Arial, sans-serif; font-size: 16px; font-style: normal; font-variant-ligatures: normal; font-variant-caps: normal; font-weight: 300; letter-spacing: normal; orphans: 2; text-align: start; text-indent: 0px; text-transform: none; white-space: normal; widows: 2; word-spacing: 0px; -webkit-text-stroke-width: 0px; text-decoration-thickness: initial; text-decoration-style: initial; text-decoration-color: initial;\">Embajada<\/span>\u00a0<span class=\"hiddenSpellError\" style=\"padding-bottom: 2px; background-image: url('..\/..\/..\/..\/..\/images\/squiggle_red.png'); background-repeat: repeat-x; background-position: left bottom; cursor: default; color: #000000; font-family: 'Open Sans', Helvetica, Arial, sans-serif; font-size: 16px; font-style: normal; font-variant-ligatures: normal; font-variant-caps: normal; font-weight: 300; letter-spacing: normal; orphans: 2; text-align: start; text-indent: 0px; text-transform: none; white-space: normal; widows: 2; word-spacing: 0px; -webkit-text-stroke-width: 0px; text-decoration-thickness: initial; text-decoration-style: initial; text-decoration-color: initial;\">eTwinning<\/span>&#8221;<br \/>\nDurada &#8211; 70\u202fh<br \/>\nDades: 20\/09\/2023 &#8211; 15\/11\/2023<br \/>\nInscripci\u00f3: fins al 19\/06\/<span class=\"hiddenGrammarError\" style=\"padding-bottom: 2px; background-image: url('..\/..\/..\/..\/..\/images\/squiggle.png'); background-repeat: repeat-x; background-position: left bottom; cursor: default; color: #000000; font-family: 'Open Sans', Helvetica, Arial, sans-serif; font-size: 16px; font-style: normal; font-variant-ligatures: normal; font-variant-caps: normal; font-weight: 300; letter-spacing: normal; orphans: 2; text-align: start; text-indent: 0px; text-transform: none; white-space: normal; widows: 2; word-spacing: 0px; -webkit-text-stroke-width: 0px; text-decoration-thickness: initial; text-decoration-style: initial; text-decoration-color: initial;\">2023<\/span><\/p>\n<p><strong>Cal complir tres de quatre requisits:<\/strong><\/p>\n<p>1. Haver rebut el Segell de Qualitat Nacional almenys en dues ocasions, o si \u00e9s el cas, Premi Nacional\u00a0<span class=\"hiddenSpellError\">eTwinning<\/span>\u00a0abans de la Convocat\u00f2ria de Premis Nacionals\u00a0<span class=\"hiddenSpellError\">eTwinning<\/span>\u00a02014.<\/p>\n<p>2. Haver participat en qualitat d&#8217;assistent, tutor o coordinador en un curs d&#8217;almenys 10 hores de formaci\u00f3 sobre\u00a0<span class=\"hiddenSpellError\">eTwinning<\/span>\u00a0convocat per alguna de les administracions educatives competents.<\/p>\n<p>3. Haver impartit en almenys 2 ocasions, com a m\u00ednim, 1 hora de formaci\u00f3 sobre projectes internacionals\/Erasmus\/<span class=\"hiddenSpellError\">eTwinning<\/span>\u00a0en una activitat convocada per alguna de les administracions educatives competents.<\/p>\n<p>4. Certificat d&#8217;ambaixador\/a\u00a0<span class=\"hiddenSpellError\">eTwinning<\/span><\/p>\n<p>Aquest curs <strong>habilita per poder exercir d&#8217;ambaixador\/a <span class=\"hiddenSpellError\">eTwinning<\/span><\/strong>. Els i les candidates passaran a ser ambaixador\/a despr\u00e9s de realitzar i superar el curs i la decisi\u00f3 conjunta entre els representants <span class=\"hiddenSpellError\">eTwinning<\/span>\u00a0a les comunitats aut\u00f2nomes i el\u00a0<span class=\"hiddenSpellError\">Servicio<\/span>\u00a0Nacional de\u00a0<span class=\"hiddenGrammarError\">Apoyo<\/span>.<\/p>\n<p>A continuaci\u00f3 trobar\u00e0s <a href=\"https:\/\/www.educacionyfp.gob.es\/servicios-al-ciudadano\/catalogo\/general\/20\/201533\/ficha\/201533-2023-1.html\">l&#8217;enlla\u00e7<\/a> d&#8217;inscripci\u00f3. Per a m\u00e9s informaci\u00f3, consultar <a href=\"https:\/\/www.educacionyfp.gob.es\/dam\/jcr:16bfe942-a5af-460f-ac83-218c0c828ae4\/ficha-embajada-etwinning.pdf\">aqu\u00ed.<\/a><\/p>\n<p>Per qualsevol dubte, estem a la vostra disposici\u00f3: etwinning@xtec.cat<\/p>\n","protected":false},"excerpt":{"rendered":"<p><a href=\"https:\/\/projectes.xtec.cat\/internacional\/wp-content\/uploads\/usu1767\/2023\/06\/Ambajadoras_curso.png\"><\/a><br \/>\nUs comuniquem que es pot fer la inscripci\u00f3 per al curs: &#8220;Embajada eTwinning&#8221; per poder formar part de la xarxa de les ambaixadores i els ambaixadors eTwinning:<br \/>\nEl curs &#8220;Embajada\u00a0eTwinning&#8221;<br \/>\nDurada &#8211; 70\u202fh<br \/>\nDades: 20\/09\/2023 &#8211; 15\/11\/2023<br \/>\nInscripci\u00f3: fins al 19\/06\/2023<br \/>\nCal complir tres de quatre requisits:<br \/>\n1. Haver rebut&hellip;  <a href=\"https:\/\/projectes.xtec.cat\/internacional\/general\/convocatoria-oberta-curs-ambaixada-etwinning-2023-24\/\" title=\"Read Convocat\u00f2ria oberta &#8211; Curs Ambaixada eTwinning 2023\/24\">Llegeix m\u00e9s\u00bb<\/a><\/p>\n","protected":false},"author":1,"featured_media":12483,"comment_status":"closed","ping_status":"closed","sticky":false,"template":"","format":"standard","meta":{"_bbp_topic_count":0,"_bbp_reply_count":0,"_bbp_total_topic_count":0,"_bbp_total_reply_count":0,"_bbp_voice_count":0,"_bbp_anonymous_reply_count":0,"_bbp_topic_count_hidden":0,"_bbp_reply_count_hidden":0,"_bbp_forum_subforum_count":0,"footnotes":""},"categories":[295,1,367,29],"tags":[423,424,301],"class_list":["post-12482","post","type-post","status-publish","format-standard","has-post-thumbnail","hentry","category-etwinning","category-general","category-noticies-etwinning-etwinning","category-portada","tag-ambaixada-etwinning","tag-et","tag-etwinning"],"post_mailing_queue_ids":[],"_links":{"self":[{"href":"https:\/\/projectes.xtec.cat\/internacional\/wp-json\/wp\/v2\/posts\/12482","targetHints":{"allow":["GET"]}}],"collection":[{"href":"https:\/\/projectes.xtec.cat\/internacional\/wp-json\/wp\/v2\/posts"}],"about":[{"href":"https:\/\/projectes.xtec.cat\/internacional\/wp-json\/wp\/v2\/types\/post"}],"author":[{"embeddable":true,"href":"https:\/\/projectes.xtec.cat\/internacional\/wp-json\/wp\/v2\/users\/1"}],"replies":[{"embeddable":true,"href":"https:\/\/projectes.xtec.cat\/internacional\/wp-json\/wp\/v2\/comments?post=12482"}],"version-history":[{"count":4,"href":"https:\/\/projectes.xtec.cat\/internacional\/wp-json\/wp\/v2\/posts\/12482\/revisions"}],"predecessor-version":[{"id":12515,"href":"https:\/\/projectes.xtec.cat\/internacional\/wp-json\/wp\/v2\/posts\/12482\/revisions\/12515"}],"wp:featuredmedia":[{"embeddable":true,"href":"https:\/\/projectes.xtec.cat\/internacional\/wp-json\/wp\/v2\/media\/12483"}],"wp:attachment":[{"href":"https:\/\/projectes.xtec.cat\/internacional\/wp-json\/wp\/v2\/media?parent=12482"}],"wp:term":[{"taxonomy":"category","embeddable":true,"href":"https:\/\/projectes.xtec.cat\/internacional\/wp-json\/wp\/v2\/categories?post=12482"},{"taxonomy":"post_tag","embeddable":true,"href":"https:\/\/projectes.xtec.cat\/internacional\/wp-json\/wp\/v2\/tags?post=12482"}],"curies":[{"name":"wp","href":"https:\/\/api.w.org\/{rel}","templated":true}]}}