{"id":12522,"date":"2023-06-26T15:22:33","date_gmt":"2023-06-26T13:22:33","guid":{"rendered":"https:\/\/projectes.xtec.cat\/internacional\/?p=12522"},"modified":"2023-09-15T11:55:08","modified_gmt":"2023-09-15T09:55:08","slug":"llistat-provisional-de-sollicituds-erasmus-ka1-ka121-i-ka122-sch-i-adu-seleccionades-en-reserva-i-rebutjades","status":"publish","type":"post","link":"https:\/\/projectes.xtec.cat\/internacional\/general\/llistat-provisional-de-sollicituds-erasmus-ka1-ka121-i-ka122-sch-i-adu-seleccionades-en-reserva-i-rebutjades\/","title":{"rendered":"Llistat provisional de sol\u00b7licituds Erasmus + KA1 (KA121 i KA122; SCH i ADU) seleccionades, en reserva i rebutjades"},"content":{"rendered":"<p><a href=\"https:\/\/projectes.xtec.cat\/internacional\/wp-content\/uploads\/usu1767\/2023\/06\/pexels-photo-5711920.jpeg\"><img loading=\"lazy\" decoding=\"async\" class=\"wp-image-12523 aligncenter\" src=\"https:\/\/projectes.xtec.cat\/internacional\/wp-content\/uploads\/usu1767\/2023\/06\/pexels-photo-5711920-1024x683.jpeg\" alt=\"\" width=\"574\" height=\"383\" srcset=\"https:\/\/projectes.xtec.cat\/internacional\/wp-content\/uploads\/usu1767\/2023\/06\/pexels-photo-5711920-1024x683.jpeg 1024w, https:\/\/projectes.xtec.cat\/internacional\/wp-content\/uploads\/usu1767\/2023\/06\/pexels-photo-5711920-300x200.jpeg 300w, https:\/\/projectes.xtec.cat\/internacional\/wp-content\/uploads\/usu1767\/2023\/06\/pexels-photo-5711920-768x512.jpeg 768w, https:\/\/projectes.xtec.cat\/internacional\/wp-content\/uploads\/usu1767\/2023\/06\/pexels-photo-5711920-1536x1024.jpeg 1536w, https:\/\/projectes.xtec.cat\/internacional\/wp-content\/uploads\/usu1767\/2023\/06\/pexels-photo-5711920-2048x1365.jpeg 2048w\" sizes=\"auto, (max-width: 574px) 100vw, 574px\" \/><\/a><\/p>\n<p>Aqu\u00ed teniu <a href=\"http:\/\/sepie.es\/doc\/convocatoria\/2023\/resoluciones\/junio_2023\/ka1\/provisional\/resolucion.pdf\">la resoluci\u00f3<\/a>\u00a0que publica els\u00a0<span style=\"text-decoration: underline;\"><strong>llistats provisionals<\/strong><\/span>\u00a0de\u00a0<strong>sol\u00b7licituds seleccionades, en llista de reserva i\u00a0<\/strong><b>rebutjades<\/b>\u00a0de\u00a0<strong>l\u2019Acci\u00f3 Clau 1<\/strong> \u2013 mobilitat educativa de les persones en el sector d\u2019educaci\u00f3 escolar i de persones adultes <strong>KA121 i KA122 (SCH i ADU) <\/strong>corresponents a la\u00a0<strong>convocat\u00f2ria de 2023.\u00a0<\/strong><\/p>\n<ul>\n<li>Sol\u00b7licituds Erasmus en l\u2019\u00e0mbit de l&#8217; educaci\u00f3 escolar <b>(KA121-SCH)<\/b>\n<ul>\n<li><a href=\"http:\/\/sepie.es\/doc\/convocatoria\/2023\/resoluciones\/junio_2023\/ka1\/provisional\/report_1_fondosprovisional-2023-KA121-SCH-s.pdf\">Llistat provisional de sol\u00b7licituds seleccionades<\/a><\/li>\n<\/ul>\n<\/li>\n<li>Sol\u00b7licituds Erasmus en l\u2019\u00e0mbit de l\u2019educaci\u00f3 escolar<b> (KA122-SCH)<\/b>\n<ul>\n<li><a href=\"http:\/\/sepie.es\/doc\/convocatoria\/2023\/resoluciones\/junio_2023\/ka1\/provisional\/report_2_fondosprovisional-2023-KA122-SCH-s.pdf\">Llistat provisional de sol\u00b7licituds seleccionades<\/a><\/li>\n<li><a href=\"http:\/\/sepie.es\/doc\/convocatoria\/2023\/resoluciones\/junio_2023\/ka1\/provisional\/report_3_fondosprovisional-2023-KA122-SCH-w.pdf\">Llistat provisional de sol\u00b7licituds en llista de reserva<\/a><\/li>\n<li><a href=\"http:\/\/sepie.es\/doc\/convocatoria\/2023\/resoluciones\/junio_2023\/ka1\/provisional\/report_4_fondosprovisional-2023-KA122-SCH-r.pdf\">Llistat provisional de sol\u00b7licituds rebutjades<\/a><\/li>\n<\/ul>\n<\/li>\n<li>Sol\u00b7licituds Erasmus en l\u2019\u00e0mbit de l&#8217;educaci\u00f3 de persones adultes<b> (KA121-ADU)<\/b>\n<ul>\n<li><a href=\"http:\/\/sepie.es\/doc\/convocatoria\/2023\/resoluciones\/junio_2023\/ka1\/provisional\/report_5_fondosprovisional-2023-KA121-ADU-s.pdf\">Llistat provisional de sol\u00b7licituds seleccionades<\/a><\/li>\n<\/ul>\n<\/li>\n<li>Sol\u00b7licituds Erasmus en l&#8217;\u00e0mbit de l&#8217;educaci\u00f3 de persones adultes<b> (KA122-ADU)<\/b>\n<ul>\n<li><a href=\"http:\/\/sepie.es\/doc\/convocatoria\/2023\/resoluciones\/junio_2023\/ka1\/provisional\/report_6_fondosprovisional-2023-KA122-ADU-s.pdf\">Llistat provisional de sol\u00b7licituds seleccionades<\/a><\/li>\n<li><a href=\"http:\/\/sepie.es\/doc\/convocatoria\/2023\/resoluciones\/junio_2023\/ka1\/provisional\/report_7_fondosprovisional-2023-KA122-ADU-r.pdf\">Llistat provisional de sol\u00b7licituds rebutjades<\/a><\/li>\n<\/ul>\n<\/li>\n<\/ul>\n<p>Tots els i les sol\u00b7licitants que constin com a seleccionats, en reserva i rebutjats poden consultar l&#8217;informe de valoraci\u00f3 a <a href=\"https:\/\/sepie.erasmusplus.gob.es\/ulises\/\">Ulises<\/a>.\u00a0El termini per presentar al\u00b7legacions \u00e9s fins el pr\u00f2xim<strong> 30 de juny de 2023 (incl\u00f2s).<\/strong> Podeu tramitar-les a trav\u00e9s de <a href=\"https:\/\/sepie.erasmusplus.gob.es\/ulises\/\">l&#8217;aplicaci\u00f3 web Ulises.<\/a><\/p>\n<p>Restem a l&#8217;espera de la publicaci\u00f3 de les llistes definitives d&#8217;adjudicacions de projectes KA1.<\/p>\n<p>Molta sort a tothom!!<\/p>\n<p>&nbsp;<\/p>\n","protected":false},"excerpt":{"rendered":"<p><a href=\"https:\/\/projectes.xtec.cat\/internacional\/wp-content\/uploads\/usu1767\/2023\/06\/pexels-photo-5711920.jpeg\"><\/a><br \/>\nAqu\u00ed teniu <a href=\"http:\/\/sepie.es\/doc\/convocatoria\/2023\/resoluciones\/junio_2023\/ka1\/provisional\/resolucion.pdf\">la resoluci\u00f3<\/a>\u00a0que publica els\u00a0llistats provisionals\u00a0de\u00a0sol\u00b7licituds seleccionades, en llista de reserva i\u00a0rebutjades\u00a0de\u00a0l\u2019Acci\u00f3 Clau 1 \u2013 mobilitat educativa de les persones en el sector d\u2019educaci\u00f3 escolar i de persones adultes KA121 i KA122 (SCH i ADU) corresponents a la\u00a0convocat\u00f2ria de 2023.\u00a0<\/p>\n<ul>\n<li>Sol\u00b7licituds Erasmus en&hellip;  <a href=\"https:\/\/projectes.xtec.cat\/internacional\/general\/llistat-provisional-de-sollicituds-erasmus-ka1-ka121-i-ka122-sch-i-adu-seleccionades-en-reserva-i-rebutjades\/\" title=\"Read Llistat provisional de sol\u00b7licituds Erasmus + KA1 (KA121 i KA122; SCH i ADU) seleccionades, en reserva i rebutjades\">Llegeix m\u00e9s\u00bb<\/a><br \/>\n","protected":false},"author":1,"featured_media":12523,"comment_status":"open","ping_status":"closed","sticky":false,"template":"","format":"standard","meta":{"_bbp_topic_count":0,"_bbp_reply_count":0,"_bbp_total_topic_count":0,"_bbp_total_reply_count":0,"_bbp_voice_count":0,"_bbp_anonymous_reply_count":0,"_bbp_topic_count_hidden":0,"_bbp_reply_count_hidden":0,"_bbp_forum_subforum_count":0,"footnotes":""},"categories":[311,1,29,299],"tags":[],"class_list":["post-12522","post","type-post","status-publish","format-standard","has-post-thumbnail","hentry","category-erasmus","category-general","category-portada","category-projectes"],"post_mailing_queue_ids":[],"_links":{"self":[{"href":"https:\/\/projectes.xtec.cat\/internacional\/wp-json\/wp\/v2\/posts\/12522","targetHints":{"allow":["GET"]}}],"collection":[{"href":"https:\/\/projectes.xtec.cat\/internacional\/wp-json\/wp\/v2\/posts"}],"about":[{"href":"https:\/\/projectes.xtec.cat\/internacional\/wp-json\/wp\/v2\/types\/post"}],"author":[{"embeddable":true,"href":"https:\/\/projectes.xtec.cat\/internacional\/wp-json\/wp\/v2\/users\/1"}],"replies":[{"embeddable":true,"href":"https:\/\/projectes.xtec.cat\/internacional\/wp-json\/wp\/v2\/comments?post=12522"}],"version-history":[{"count":2,"href":"https:\/\/projectes.xtec.cat\/internacional\/wp-json\/wp\/v2\/posts\/12522\/revisions"}],"predecessor-version":[{"id":12525,"href":"https:\/\/projectes.xtec.cat\/internacional\/wp-json\/wp\/v2\/posts\/12522\/revisions\/12525"}],"wp:featuredmedia":[{"embeddable":true,"href":"https:\/\/projectes.xtec.cat\/internacional\/wp-json\/wp\/v2\/media\/12523"}],"wp:attachment":[{"href":"https:\/\/projectes.xtec.cat\/internacional\/wp-json\/wp\/v2\/media?parent=12522"}],"wp:term":[{"taxonomy":"category","embeddable":true,"href":"https:\/\/projectes.xtec.cat\/internacional\/wp-json\/wp\/v2\/categories?post=12522"},{"taxonomy":"post_tag","embeddable":true,"href":"https:\/\/projectes.xtec.cat\/internacional\/wp-json\/wp\/v2\/tags?post=12522"}],"curies":[{"name":"wp","href":"https:\/\/api.w.org\/{rel}","templated":true}]}}