{"id":12560,"date":"2023-07-21T14:58:20","date_gmt":"2023-07-21T12:58:20","guid":{"rendered":"https:\/\/projectes.xtec.cat\/internacional\/?p=12560"},"modified":"2023-09-15T11:54:45","modified_gmt":"2023-09-15T09:54:45","slug":"llistat-definitiva-de-sollicituds-erasmus-ka1-ka121-i-ka122-sch-i-adu-seleccionades-en-reserva-i-rebutjats","status":"publish","type":"post","link":"https:\/\/projectes.xtec.cat\/internacional\/general\/llistat-definitiva-de-sollicituds-erasmus-ka1-ka121-i-ka122-sch-i-adu-seleccionades-en-reserva-i-rebutjats\/","title":{"rendered":"Llistat definitiu de sol\u00b7licituds Erasmus + KA1 (KA121 i KA122; SCH i ADU) seleccionades, en reserva i rebutjats"},"content":{"rendered":"<p><a href=\"https:\/\/projectes.xtec.cat\/internacional\/wp-content\/uploads\/usu1767\/2023\/07\/wepik-export-20230721125603OCVH.jpeg\"><img loading=\"lazy\" decoding=\"async\" class=\"wp-image-12561 aligncenter\" src=\"https:\/\/projectes.xtec.cat\/internacional\/wp-content\/uploads\/usu1767\/2023\/07\/wepik-export-20230721125603OCVH-1024x683.jpeg\" alt=\"\" width=\"595\" height=\"397\" srcset=\"https:\/\/projectes.xtec.cat\/internacional\/wp-content\/uploads\/usu1767\/2023\/07\/wepik-export-20230721125603OCVH-1024x683.jpeg 1024w, https:\/\/projectes.xtec.cat\/internacional\/wp-content\/uploads\/usu1767\/2023\/07\/wepik-export-20230721125603OCVH-300x200.jpeg 300w, https:\/\/projectes.xtec.cat\/internacional\/wp-content\/uploads\/usu1767\/2023\/07\/wepik-export-20230721125603OCVH-768x512.jpeg 768w, https:\/\/projectes.xtec.cat\/internacional\/wp-content\/uploads\/usu1767\/2023\/07\/wepik-export-20230721125603OCVH-1536x1025.jpeg 1536w, https:\/\/projectes.xtec.cat\/internacional\/wp-content\/uploads\/usu1767\/2023\/07\/wepik-export-20230721125603OCVH.jpeg 2000w\" sizes=\"auto, (max-width: 595px) 100vw, 595px\" \/><\/a><\/p>\n<p>Aqu\u00ed teniu la <a href=\"http:\/\/sepie.es\/doc\/convocatoria\/2023\/resoluciones\/julio_2023\/ka1\/resolucion.pdf\">resoluci\u00f3\u00a0<\/a>que publica els\u00a0<span style=\"text-decoration: underline;\"><strong>llistats definitius<\/strong><\/span>\u00a0de\u00a0<strong>sol\u00b7licituds seleccionades, en llista de reserva i\u00a0<\/strong><b>rebutjades<\/b>\u00a0de\u00a0l\u2019Acci\u00f3 Clau 1 \u2013 <strong>KA121 i KA122 (SCH i ADU) <\/strong>corresponents a la\u00a0<strong>convocat\u00f2ria de 2023.\u00a0<\/strong><\/p>\n<ul>\n<li>Sol\u00b7licituds Erasmus en l\u2019\u00e0mbit de l&#8217;educaci\u00f3 escolar <b>(KA121-SCH)<\/b>\n<ul>\n<li><a href=\"http:\/\/sepie.es\/doc\/convocatoria\/2023\/resoluciones\/julio_2023\/ka1\/report_1%20fondosdefinitivo-2023-KA121-SCH-s.pdf\">Sol\u00b7licituds seleccionades<\/a><\/li>\n<\/ul>\n<\/li>\n<li>Sol\u00b7licituds Erasmus en l\u2019\u00e0mbit de l\u2019educaci\u00f3 escolar<b> (KA122-SCH)<\/b>\n<ul>\n<li><a href=\"http:\/\/sepie.es\/doc\/convocatoria\/2023\/resoluciones\/julio_2023\/ka1\/report_2%20fondosdefinitivo-2023-KA122-SCH-s.pdf\">Sol\u00b7licituds seleccionades<\/a><\/li>\n<li><a href=\"http:\/\/sepie.es\/doc\/convocatoria\/2023\/resoluciones\/julio_2023\/ka1\/report_3%20fondosdefinitivo-2023-KA122-SCH-w.pdf\">Sol\u00b7licituds en llista de reserva<\/a><\/li>\n<li><a href=\"http:\/\/sepie.es\/doc\/convocatoria\/2023\/resoluciones\/julio_2023\/ka1\/report_4%20fondosdefinitivo-2023-KA122-SCH-r.pdf\">Sol\u00b7licituds rebutjades<\/a><\/li>\n<\/ul>\n<\/li>\n<li>Sol\u00b7licituds Erasmus en l\u2019\u00e0mbit de l&#8217;educaci\u00f3 de persones adultes<b> (KA121-ADU)<\/b>\n<ul>\n<li><a href=\"http:\/\/sepie.es\/doc\/convocatoria\/2023\/resoluciones\/julio_2023\/ka1\/report_5%20fondosdefinitivo-2023-KA121-ADU-s.pdf\">Llistat de sol\u00b7licituds seleccionades<\/a><\/li>\n<\/ul>\n<\/li>\n<li>Sol\u00b7licituds Erasmus en l&#8217;\u00e0mbit de l&#8217;educaci\u00f3 de persones adultes<b> (KA122-ADU)<\/b>\n<ul>\n<li><a href=\"http:\/\/sepie.es\/doc\/convocatoria\/2023\/resoluciones\/julio_2023\/ka1\/report_6%20fondosdefinitivo-2023-KA122-ADU-s.pdf\">Sol\u00b7licituds seleccionades<\/a><\/li>\n<li><a href=\"http:\/\/sepie.es\/doc\/convocatoria\/2023\/resoluciones\/julio_2023\/ka1\/report_7%20fondosdefinitivo-2023-KA122-ADU-r.pdf\">Sol\u00b7licituds rebutjades<\/a><\/li>\n<\/ul>\n<\/li>\n<\/ul>\n<p>Tots els i les sol\u00b7licitants de sol\u00b7licituds seleccionades, en llista de reserva i rebutjats (amb codis 1 i 2) poden accedir a l&#8217;<strong>informe d&#8217;avaluaci\u00f3 de qualitat<\/strong> a trav\u00e9s de la<a href=\"https:\/\/sepie.erasmusplus.gob.es\/ulises\/\"> Plataforma de Suport Erasmus + Ulisses<\/a>.<\/p>\n<p>Les sol\u00b7licituds <strong>en llista de reserva<\/strong> podran seleccionar-se, en cas de disposar de fons addicionals, com a m\u00e0xim fins el 31 de gener de 2024. En aquest cas, SEPIE emetr\u00e0 la corresponent resoluci\u00f3 i ho comunicar\u00e0 individualment als sol\u00b7licitants corresponents.<\/p>\n<p>&nbsp;<\/p>\n","protected":false},"excerpt":{"rendered":"<p><a href=\"https:\/\/projectes.xtec.cat\/internacional\/wp-content\/uploads\/usu1767\/2023\/07\/wepik-export-20230721125603OCVH.jpeg\"><\/a><br \/>\nAqu\u00ed teniu la <a href=\"http:\/\/sepie.es\/doc\/convocatoria\/2023\/resoluciones\/julio_2023\/ka1\/resolucion.pdf\">resoluci\u00f3\u00a0<\/a>que publica els\u00a0llistats definitius\u00a0de\u00a0sol\u00b7licituds seleccionades, en llista de reserva i\u00a0rebutjades\u00a0de\u00a0l\u2019Acci\u00f3 Clau 1 \u2013 KA121 i KA122 (SCH i ADU) corresponents a la\u00a0convocat\u00f2ria de 2023.\u00a0<\/p>\n<ul>\n<li>Sol\u00b7licituds Erasmus en l\u2019\u00e0mbit de l&#8217;educaci\u00f3 escolar (KA121-SCH)\n<ul>\n<li><a href=\"http:\/\/sepie.es\/doc\/convocatoria\/2023\/resoluciones\/julio_2023\/ka1\/report_1%20fondosdefinitivo-2023-KA121-SCH-s.pdf\">Sol\u00b7licituds seleccionades<\/a><\/li>\n<\/ul>\n<\/li>\n<li>Sol\u00b7licituds Erasmus en l\u2019\u00e0mbit de l\u2019educaci\u00f3 escolar (KA122-SCH)\n<ul>\n<li><a&hellip;  <a href=\"https:\/\/projectes.xtec.cat\/internacional\/general\/llistat-definitiva-de-sollicituds-erasmus-ka1-ka121-i-ka122-sch-i-adu-seleccionades-en-reserva-i-rebutjats\/\" title=\"Read Llistat definitiu de sol\u00b7licituds Erasmus + KA1 (KA121 i KA122; SCH i ADU) seleccionades, en reserva i rebutjats\">Llegeix m\u00e9s\u00bb<\/a><br \/>\n","protected":false},"author":1,"featured_media":12561,"comment_status":"open","ping_status":"closed","sticky":false,"template":"","format":"standard","meta":{"_bbp_topic_count":0,"_bbp_reply_count":0,"_bbp_total_topic_count":0,"_bbp_total_reply_count":0,"_bbp_voice_count":0,"_bbp_anonymous_reply_count":0,"_bbp_topic_count_hidden":0,"_bbp_reply_count_hidden":0,"_bbp_forum_subforum_count":0,"footnotes":""},"categories":[311,1,29],"tags":[],"class_list":["post-12560","post","type-post","status-publish","format-standard","has-post-thumbnail","hentry","category-erasmus","category-general","category-portada"],"post_mailing_queue_ids":[],"_links":{"self":[{"href":"https:\/\/projectes.xtec.cat\/internacional\/wp-json\/wp\/v2\/posts\/12560","targetHints":{"allow":["GET"]}}],"collection":[{"href":"https:\/\/projectes.xtec.cat\/internacional\/wp-json\/wp\/v2\/posts"}],"about":[{"href":"https:\/\/projectes.xtec.cat\/internacional\/wp-json\/wp\/v2\/types\/post"}],"author":[{"embeddable":true,"href":"https:\/\/projectes.xtec.cat\/internacional\/wp-json\/wp\/v2\/users\/1"}],"replies":[{"embeddable":true,"href":"https:\/\/projectes.xtec.cat\/internacional\/wp-json\/wp\/v2\/comments?post=12560"}],"version-history":[{"count":3,"href":"https:\/\/projectes.xtec.cat\/internacional\/wp-json\/wp\/v2\/posts\/12560\/revisions"}],"predecessor-version":[{"id":12565,"href":"https:\/\/projectes.xtec.cat\/internacional\/wp-json\/wp\/v2\/posts\/12560\/revisions\/12565"}],"wp:featuredmedia":[{"embeddable":true,"href":"https:\/\/projectes.xtec.cat\/internacional\/wp-json\/wp\/v2\/media\/12561"}],"wp:attachment":[{"href":"https:\/\/projectes.xtec.cat\/internacional\/wp-json\/wp\/v2\/media?parent=12560"}],"wp:term":[{"taxonomy":"category","embeddable":true,"href":"https:\/\/projectes.xtec.cat\/internacional\/wp-json\/wp\/v2\/categories?post=12560"},{"taxonomy":"post_tag","embeddable":true,"href":"https:\/\/projectes.xtec.cat\/internacional\/wp-json\/wp\/v2\/tags?post=12560"}],"curies":[{"name":"wp","href":"https:\/\/api.w.org\/{rel}","templated":true}]}}