{"id":12569,"date":"2023-07-28T12:30:01","date_gmt":"2023-07-28T10:30:01","guid":{"rendered":"https:\/\/projectes.xtec.cat\/internacional\/?p=12569"},"modified":"2023-09-08T10:52:42","modified_gmt":"2023-09-08T08:52:42","slug":"llistat-provisional-de-sollicituds-erasmus-ka2-ka210-i-ka220-sch-i-aduseleccionades-en-reserva-i-rebutjades","status":"publish","type":"post","link":"https:\/\/projectes.xtec.cat\/internacional\/general\/llistat-provisional-de-sollicituds-erasmus-ka2-ka210-i-ka220-sch-i-aduseleccionades-en-reserva-i-rebutjades\/","title":{"rendered":"Llistat provisional de sol\u00b7licituds Erasmus + KA2 (KA210 i KA220) SCH i ADU;seleccionades, en reserva i rebutjades"},"content":{"rendered":"<p><img loading=\"lazy\" decoding=\"async\" class=\"aligncenter\" src=\"https:\/\/media.istockphoto.com\/id\/1352603244\/es\/foto\/foto-de-un-empresario-irreconocible-trabajando-en-su-port%C3%A1til-en-la-oficina.jpg?b=1&amp;s=612x612&amp;w=0&amp;k=20&amp;c=p-OSVysgLcwnvtlYvxJIuGyL1FdQ-uU2MJgpFPTqqqg=\" alt=\"40.000+ Fotos y Im\u00e1genes de Ordenador Gratis \u00b7 Banco de ...\" width=\"499\" height=\"287\" \/><\/p>\n<p>Aqu\u00ed teniu\u00a0<a href=\"http:\/\/sepie.es\/doc\/convocatoria\/2023\/resoluciones\/julio_2023\/ka2\/resolucion.pdf\">la resoluci\u00f3<\/a>\u00a0que publica els\u00a0<strong>llistats provisionals<\/strong>\u00a0de\u00a0<strong>sol\u00b7licituds seleccionades, en llista de reserva i\u00a0<\/strong><b>rebutjades<\/b>\u00a0de\u00a0<strong>l\u2019Acci\u00f3 Clau 2<\/strong> \u2013 cooperaci\u00f3 entre organitzacions\u2013<strong> KA210 i KA220<\/strong>; en el sector d\u2019educaci\u00f3 escolar i de persones adultes corresponents a la\u00a0<strong>convocat\u00f2ria de 2023.\u00a0<\/strong><\/p>\n<ul>\n<li>Sol\u00b7licituds Erasmus en l\u2019\u00e0mbit de l\u2019 educaci\u00f3 escolar\u00a0<b>(KA210-SCH)<\/b>\n<ul>\n<li><a href=\"http:\/\/sepie.es\/doc\/convocatoria\/2023\/resoluciones\/julio_2023\/ka2\/report_1%20fondosprovisional-2023-KA210-SCH-s.pdf\">Llistat provisional de sol\u00b7licituds seleccionades<\/a><\/li>\n<li><a href=\"http:\/\/sepie.es\/doc\/convocatoria\/2023\/resoluciones\/julio_2023\/ka2\/report_2%20fondosprovisional-2023-KA210-SCH-w.pdf\">Llistat provisional de sol\u00b7licituds en llista de reserva<\/a><\/li>\n<li><a href=\"http:\/\/sepie.es\/doc\/convocatoria\/2023\/resoluciones\/julio_2023\/ka2\/report_3%20fondosprovisional-2023-KA210-SCH-r.pdf\">Llistat provisional de sol\u00b7licituds rebutjades<\/a><\/li>\n<\/ul>\n<\/li>\n<\/ul>\n<ul>\n<li>Sol\u00b7licituds Erasmus en l\u2019\u00e0mbit de l\u2019educaci\u00f3 escolar<b> (KA220-SCH)<\/b>\n<ul>\n<li><a href=\"http:\/\/sepie.es\/doc\/convocatoria\/2023\/resoluciones\/julio_2023\/ka2\/report_4%20fondosprovisional-2023-KA220-SCH-s.pdf\">Llistat provisional de sol\u00b7licituds seleccionades<\/a><\/li>\n<li><a href=\"http:\/\/sepie.es\/doc\/convocatoria\/2023\/resoluciones\/julio_2023\/ka2\/report_5%20fondosprovisional-2023-KA220-SCH-w.pdf\">Llistat provisional de sol\u00b7licituds en llista de reserva<\/a><\/li>\n<li><a href=\"http:\/\/sepie.es\/doc\/convocatoria\/2023\/resoluciones\/julio_2023\/ka2\/report_6%20fondosprovisional-2023-KA220-SCH-r.pdf\">Llistat provisional de sol\u00b7licituds rebutjades<\/a><\/li>\n<\/ul>\n<\/li>\n<\/ul>\n<ul>\n<li>Sol\u00b7licituds Erasmus en l\u2019\u00e0mbit de l\u2019educaci\u00f3 de persones adultes<b> (KA210-ADU)<\/b>\n<ul>\n<li><a href=\"http:\/\/sepie.es\/doc\/convocatoria\/2023\/resoluciones\/julio_2023\/ka2\/report_15%20fondosprovisional-2023-KA210-ADU-s.pdf\">Llistat provisional de sol\u00b7licituds seleccionades<\/a><\/li>\n<li><a href=\"http:\/\/sepie.es\/doc\/convocatoria\/2023\/resoluciones\/julio_2023\/ka2\/report_16%20fondosprovisional-2023-KA210-ADU-w.pdf\">Llistat provisional de sol\u00b7licituds en llista de reserva<\/a><\/li>\n<li><a href=\"http:\/\/sepie.es\/doc\/convocatoria\/2023\/resoluciones\/julio_2023\/ka2\/report_17%20fondosprovisional-2023-KA210-ADU-r.pdf\">Llistat provisional de sol\u00b7licituds rebutjades<\/a><\/li>\n<\/ul>\n<\/li>\n<\/ul>\n<ul>\n<li>Sol\u00b7licituds Erasmus en l\u2019\u00e0mbit de l\u2019educaci\u00f3 de persones adultes<b> (KA220-ADU)<\/b>\n<ul>\n<li><a href=\"http:\/\/sepie.es\/doc\/convocatoria\/2023\/resoluciones\/julio_2023\/ka2\/report_18%20fondosprovisional-2023-KA220-ADU-s.pdf\">Llistat provisional de sol\u00b7licituds seleccionades<\/a><\/li>\n<li><a href=\"http:\/\/sepie.es\/doc\/convocatoria\/2023\/resoluciones\/julio_2023\/ka2\/report_19%20fondosprovisional-2023-KA220-ADU-w.pdf\">Llistat provisional de sol\u00b7licituds en llista de reserva<\/a><\/li>\n<li><a href=\"http:\/\/sepie.es\/doc\/convocatoria\/2023\/resoluciones\/julio_2023\/ka2\/report_20%20fondosprovisional-2023-KA220-ADU-r.pdf\">Llistat provisional de sol\u00b7licituds rebutjades<\/a><\/li>\n<\/ul>\n<\/li>\n<\/ul>\n<p>Tots els i les sol\u00b7licitants que constin com a seleccionats, en reserva i rebutjats (amb codis 1 i 2) poden consultar l\u2019informe de valoraci\u00f3 a <a href=\"https:\/\/sepie.erasmusplus.gob.es\/ulises\/\">Ulises<\/a>.\u00a0El termini per presentar al\u00b7legacions \u00e9s fins el pr\u00f2xim<strong> 11 d&#8217;agost de 2023 (incl\u00f2s).<\/strong>\u00a0Podeu tramitar-les a trav\u00e9s de\u00a0<a href=\"https:\/\/sepie.erasmusplus.gob.es\/ulises\/\">l\u2019aplicaci\u00f3 web Ulises.<\/a><\/p>\n<p>Les sol\u00b7licituds\u00a0<strong>en llista de reserva<\/strong>\u00a0podran seleccionar-se, en cas de disposar de fons addicionals, com a m\u00e0xim fins el 31 de gener de 2024. En aquest cas, SEPIE emetr\u00e0 la corresponent resoluci\u00f3 i ho comunicar\u00e0 individualment als sol\u00b7licitants corresponents.<\/p>\n<p>Restem a l\u2019espera de la publicaci\u00f3 de les llistes definitives d\u2019adjudicacions de projectes KA2.<\/p>\n<p>Molta sort a tothom!!<\/p>\n","protected":false},"excerpt":{"rendered":"<p>Aqu\u00ed teniu\u00a0<a href=\"http:\/\/sepie.es\/doc\/convocatoria\/2023\/resoluciones\/julio_2023\/ka2\/resolucion.pdf\">la resoluci\u00f3<\/a>\u00a0que publica els\u00a0llistats provisionals\u00a0de\u00a0sol\u00b7licituds seleccionades, en llista de reserva i\u00a0rebutjades\u00a0de\u00a0l\u2019Acci\u00f3 Clau 2 \u2013 cooperaci\u00f3 entre organitzacions\u2013 KA210 i KA220; en el sector d\u2019educaci\u00f3 escolar i de persones adultes corresponents a la\u00a0convocat\u00f2ria de 2023.\u00a0<\/p>\n<ul>\n<li>Sol\u00b7licituds Erasmus en l\u2019\u00e0mbit de l\u2019 educaci\u00f3 escolar\u00a0(KA210-SCH)\n<ul>\n<li><a href=\"http:\/\/sepie.es\/doc\/convocatoria\/2023\/resoluciones\/julio_2023\/ka2\/report_1%20fondosprovisional-2023-KA210-SCH-s.pdf\">Llistat provisional&hellip;  <a href=\"https:\/\/projectes.xtec.cat\/internacional\/general\/llistat-provisional-de-sollicituds-erasmus-ka2-ka210-i-ka220-sch-i-aduseleccionades-en-reserva-i-rebutjades\/\" title=\"Read Llistat provisional de sol\u00b7licituds Erasmus + KA2 (KA210 i KA220) SCH i ADU;seleccionades, en reserva i rebutjades\">Llegeix m\u00e9s\u00bb<\/a><br \/>\n","protected":false},"author":1,"featured_media":12570,"comment_status":"open","ping_status":"closed","sticky":false,"template":"","format":"standard","meta":{"_bbp_topic_count":0,"_bbp_reply_count":0,"_bbp_total_topic_count":0,"_bbp_total_reply_count":0,"_bbp_voice_count":0,"_bbp_anonymous_reply_count":0,"_bbp_topic_count_hidden":0,"_bbp_reply_count_hidden":0,"_bbp_forum_subforum_count":0,"footnotes":""},"categories":[311,1,29],"tags":[],"class_list":["post-12569","post","type-post","status-publish","format-standard","has-post-thumbnail","hentry","category-erasmus","category-general","category-portada"],"post_mailing_queue_ids":[],"_links":{"self":[{"href":"https:\/\/projectes.xtec.cat\/internacional\/wp-json\/wp\/v2\/posts\/12569","targetHints":{"allow":["GET"]}}],"collection":[{"href":"https:\/\/projectes.xtec.cat\/internacional\/wp-json\/wp\/v2\/posts"}],"about":[{"href":"https:\/\/projectes.xtec.cat\/internacional\/wp-json\/wp\/v2\/types\/post"}],"author":[{"embeddable":true,"href":"https:\/\/projectes.xtec.cat\/internacional\/wp-json\/wp\/v2\/users\/1"}],"replies":[{"embeddable":true,"href":"https:\/\/projectes.xtec.cat\/internacional\/wp-json\/wp\/v2\/comments?post=12569"}],"version-history":[{"count":1,"href":"https:\/\/projectes.xtec.cat\/internacional\/wp-json\/wp\/v2\/posts\/12569\/revisions"}],"predecessor-version":[{"id":12571,"href":"https:\/\/projectes.xtec.cat\/internacional\/wp-json\/wp\/v2\/posts\/12569\/revisions\/12571"}],"wp:featuredmedia":[{"embeddable":true,"href":"https:\/\/projectes.xtec.cat\/internacional\/wp-json\/wp\/v2\/media\/12570"}],"wp:attachment":[{"href":"https:\/\/projectes.xtec.cat\/internacional\/wp-json\/wp\/v2\/media?parent=12569"}],"wp:term":[{"taxonomy":"category","embeddable":true,"href":"https:\/\/projectes.xtec.cat\/internacional\/wp-json\/wp\/v2\/categories?post=12569"},{"taxonomy":"post_tag","embeddable":true,"href":"https:\/\/projectes.xtec.cat\/internacional\/wp-json\/wp\/v2\/tags?post=12569"}],"curies":[{"name":"wp","href":"https:\/\/api.w.org\/{rel}","templated":true}]}}