{"id":12648,"date":"2023-09-15T12:09:38","date_gmt":"2023-09-15T10:09:38","guid":{"rendered":"https:\/\/projectes.xtec.cat\/internacional\/?p=12648"},"modified":"2023-09-15T13:22:26","modified_gmt":"2023-09-15T11:22:26","slug":"cicle-de-cinema-escolar-francofon-mardis-cine-a-lifb","status":"publish","type":"post","link":"https:\/\/projectes.xtec.cat\/internacional\/general\/cicle-de-cinema-escolar-francofon-mardis-cine-a-lifb\/","title":{"rendered":"Cicle de cinema escolar franc\u00f2fon \u201cMardis cin\u00e9 \u00e0 l\u2019IFB\u201d"},"content":{"rendered":"<p>&nbsp;<\/p>\n<p><a href=\"https:\/\/projectes.xtec.cat\/internacional\/wp-content\/uploads\/usu1767\/2023\/09\/cinefr.png\"><img loading=\"lazy\" decoding=\"async\" class=\"alignnone wp-image-12655\" src=\"https:\/\/projectes.xtec.cat\/internacional\/wp-content\/uploads\/usu1767\/2023\/09\/cinefr.png\" alt=\"\" width=\"635\" height=\"172\" srcset=\"https:\/\/projectes.xtec.cat\/internacional\/wp-content\/uploads\/usu1767\/2023\/09\/cinefr.png 546w, https:\/\/projectes.xtec.cat\/internacional\/wp-content\/uploads\/usu1767\/2023\/09\/cinefr-300x81.png 300w\" sizes=\"auto, (max-width: 635px) 100vw, 635px\" \/><\/a><\/p>\n<p style=\"font-weight: 400;\">Us informem sobre la iniciativa de<strong> l&#8217;Institut Franc\u00e8s de Barcelona<\/strong> que ha organitzat un nou <strong>cicle de cinema escolar franc\u00f2fon \u201c<em>Mardis cin\u00e9 \u00e0 l\u2019IFB<\/em>\u201d<\/strong><\/p>\n<p style=\"font-weight: 400;\">A trav\u00e9s d&#8217;aquest cicle, <strong>l&#8217;alumnat i professorat dels centres p\u00fablics i concertats de Catalunya<\/strong> tenen l&#8217;oportunitat de descobrir o redescobrir pel\u00b7l\u00edcules franc\u00f2fones en versi\u00f3 original subtitulades en castell\u00e0 a la sala d&#8217;espectacles de l&#8217;Institut Franc\u00e8s (Carrer de Moi\u00e0, 8, 08006 Barcelona) de manera totalment gratu\u00efta.<\/p>\n<p style=\"font-weight: 400;\">L&#8217;acollida dels grups es far\u00e0 30 minuts abans de l&#8217;hora de comen\u00e7ament de la sessi\u00f3. Sempre que sigui possible, es proporcionaran propostes d&#8217;activitats pedag\u00f2giques en relaci\u00f3 amb la pel\u00b7l\u00edcula escollida. Tamb\u00e9 hi haur\u00e0 la possibilitat de visitar la mediateca de l&#8217;Institut amb l&#8217;alumnat participant abans o despr\u00e9s de la sessi\u00f3 de cinema, si l&#8217;aforament ho permet.<\/p>\n<p style=\"font-weight: 400;\">El cicle \u201c<em>Mardis cin\u00e9 \u00e0 l\u2019IFB<\/em>\u201d est\u00e0 destinat als centres p\u00fablics i concertats de Catalunya que imparteixen classes de franc\u00e8s. Les places s\u00f3n limitades i la<strong> inscripci\u00f3 ser\u00e0 definitiva nom\u00e9s despr\u00e9s de rebre la confirmaci\u00f3 per correu electr\u00f2nic de part de l&#8217;Institut Franc\u00e8s.<\/strong><\/p>\n<p style=\"font-weight: 400;\"><strong>Programaci\u00f3\u00a0<em>\u201cMardis cin\u00e9 \u00e0 l\u2019IFB\u201d\u00a0<\/em>2023-2024<\/strong><\/p>\n<ul>\n<li style=\"font-weight: 400;\">Dimarts, el 21 de novembre de 2023 a les 10:30h: <em>Animal<\/em>\u00a0de Cyril Dion<\/li>\n<li style=\"font-weight: 400;\">Dimarts, el 16 de gener de 2024 a les 10:30h: <em>Allons enfants<\/em>\u00a0de Thierry Demaizi\u00e8re i Alban Teurlai<\/li>\n<li style=\"font-weight: 400;\">Dimarts, el 20 de febrer de 2024 a les 10:30h: <em>Un vrai bonhomme<\/em>\u00a0de Benjamin Parent<\/li>\n<li style=\"font-weight: 400;\">Dimarts, el 19 de mar\u00e7 de 2024 a les 10:30h: <em>Aya de Yopougon<\/em>\u00a0de Marguerite Abouet i Cl\u00e9ment Oubrerie<\/li>\n<li style=\"font-weight: 400;\">Dimarts, el 30 d\u2019abril de 2024: <em>Adama<\/em>\u00a0de Simon Rouby<\/li>\n<\/ul>\n<p style=\"font-weight: 400;\">Per fer la inscripci\u00f3, cal omplir el seg\u00fcent formulari: <a href=\"https:\/\/forms.gle\/2QGRfHpqWDpVZdxg6\" data-saferedirecturl=\"https:\/\/www.google.com\/url?q=https:\/\/forms.gle\/2QGRfHpqWDpVZdxg6&amp;source=gmail&amp;ust=1694857981028000&amp;usg=AOvVaw20R_PPsRy8fF_DegL-xLHP\">https:\/\/forms.gle\/2QGRfHpqWDpVZdxg6<\/a><\/p>\n<p>Per a qualsevol informaci\u00f3 addicional, podeu escriure a:\u00a0<a href=\"mailto:rosana.urbano@institutfrancais.es\">rosana.urbano@institutfrancais.es<\/a>.<\/p>\n<p>&nbsp;<\/p>\n","protected":false},"excerpt":{"rendered":"<p>&nbsp;<br \/>\n<a href=\"https:\/\/projectes.xtec.cat\/internacional\/wp-content\/uploads\/usu1767\/2023\/09\/cinefr.png\"><\/a><br \/>\nUs informem sobre la iniciativa de l&#8217;Institut Franc\u00e8s de Barcelona que ha organitzat un nou cicle de cinema escolar franc\u00f2fon \u201cMardis cin\u00e9 \u00e0 l\u2019IFB\u201d<br \/>\nA trav\u00e9s d&#8217;aquest cicle, l&#8217;alumnat i professorat dels centres p\u00fablics i concertats de Catalunya tenen l&#8217;oportunitat de descobrir o redescobrir pel\u00b7l\u00edcules&hellip;  <a href=\"https:\/\/projectes.xtec.cat\/internacional\/general\/cicle-de-cinema-escolar-francofon-mardis-cine-a-lifb\/\" title=\"Read Cicle de cinema escolar franc\u00f2fon \u201cMardis cin\u00e9 \u00e0 l\u2019IFB\u201d\">Llegeix m\u00e9s\u00bb<\/a><\/p>\n","protected":false},"author":1,"featured_media":12655,"comment_status":"open","ping_status":"closed","sticky":false,"template":"","format":"standard","meta":{"_bbp_topic_count":0,"_bbp_reply_count":0,"_bbp_total_topic_count":0,"_bbp_total_reply_count":0,"_bbp_voice_count":0,"_bbp_anonymous_reply_count":0,"_bbp_topic_count_hidden":0,"_bbp_reply_count_hidden":0,"_bbp_forum_subforum_count":0,"footnotes":""},"categories":[1,379,29],"tags":[],"class_list":["post-12648","post","type-post","status-publish","format-standard","has-post-thumbnail","hentry","category-general","category-noticies-de-frances","category-portada"],"post_mailing_queue_ids":[],"_links":{"self":[{"href":"https:\/\/projectes.xtec.cat\/internacional\/wp-json\/wp\/v2\/posts\/12648","targetHints":{"allow":["GET"]}}],"collection":[{"href":"https:\/\/projectes.xtec.cat\/internacional\/wp-json\/wp\/v2\/posts"}],"about":[{"href":"https:\/\/projectes.xtec.cat\/internacional\/wp-json\/wp\/v2\/types\/post"}],"author":[{"embeddable":true,"href":"https:\/\/projectes.xtec.cat\/internacional\/wp-json\/wp\/v2\/users\/1"}],"replies":[{"embeddable":true,"href":"https:\/\/projectes.xtec.cat\/internacional\/wp-json\/wp\/v2\/comments?post=12648"}],"version-history":[{"count":3,"href":"https:\/\/projectes.xtec.cat\/internacional\/wp-json\/wp\/v2\/posts\/12648\/revisions"}],"predecessor-version":[{"id":12663,"href":"https:\/\/projectes.xtec.cat\/internacional\/wp-json\/wp\/v2\/posts\/12648\/revisions\/12663"}],"wp:featuredmedia":[{"embeddable":true,"href":"https:\/\/projectes.xtec.cat\/internacional\/wp-json\/wp\/v2\/media\/12655"}],"wp:attachment":[{"href":"https:\/\/projectes.xtec.cat\/internacional\/wp-json\/wp\/v2\/media?parent=12648"}],"wp:term":[{"taxonomy":"category","embeddable":true,"href":"https:\/\/projectes.xtec.cat\/internacional\/wp-json\/wp\/v2\/categories?post=12648"},{"taxonomy":"post_tag","embeddable":true,"href":"https:\/\/projectes.xtec.cat\/internacional\/wp-json\/wp\/v2\/tags?post=12648"}],"curies":[{"name":"wp","href":"https:\/\/api.w.org\/{rel}","templated":true}]}}