{"id":12680,"date":"2023-09-19T12:24:56","date_gmt":"2023-09-19T10:24:56","guid":{"rendered":"https:\/\/projectes.xtec.cat\/internacional\/?p=12680"},"modified":"2023-09-19T14:31:08","modified_gmt":"2023-09-19T12:31:08","slug":"atencio-sollicitants-erasmus-ka120sch-convocatoria-2023","status":"publish","type":"post","link":"https:\/\/projectes.xtec.cat\/internacional\/general\/atencio-sollicitants-erasmus-ka120sch-convocatoria-2023\/","title":{"rendered":"Atenci\u00f3 sol\u00b7licitants Erasmus KA120SCH- convocat\u00f2ria 2023"},"content":{"rendered":"<p><a href=\"https:\/\/projectes.xtec.cat\/internacional\/wp-content\/uploads\/usu1767\/2023\/09\/businessman-3105873_1280.jpg\"><img loading=\"lazy\" decoding=\"async\" class=\" wp-image-12691 aligncenter\" src=\"https:\/\/projectes.xtec.cat\/internacional\/wp-content\/uploads\/usu1767\/2023\/09\/businessman-3105873_1280-1024x642.jpg\" alt=\"\" width=\"446\" height=\"280\" srcset=\"https:\/\/projectes.xtec.cat\/internacional\/wp-content\/uploads\/usu1767\/2023\/09\/businessman-3105873_1280-1024x642.jpg 1024w, https:\/\/projectes.xtec.cat\/internacional\/wp-content\/uploads\/usu1767\/2023\/09\/businessman-3105873_1280-300x188.jpg 300w, https:\/\/projectes.xtec.cat\/internacional\/wp-content\/uploads\/usu1767\/2023\/09\/businessman-3105873_1280-768x481.jpg 768w, https:\/\/projectes.xtec.cat\/internacional\/wp-content\/uploads\/usu1767\/2023\/09\/businessman-3105873_1280.jpg 1280w\" sizes=\"auto, (max-width: 446px) 100vw, 446px\" \/><\/a><\/p>\n<p>SEPIE (Servicio Espa\u00f1ol para la Internacionalizaci\u00f3n de la Educaci\u00f3n) ha publicat a la seva web que el <a href=\"http:\/\/sepie.es\/doc\/convocatoria\/2023\/EE\/limitacion_numero_acreditaciones_ka120sch_2023.pdf\">nombre m\u00e0xim d&#8217;acreditacions<\/a> Erasmus a l&#8217;\u00e0mbit escolar (KA120SCH) que s&#8217;adjudicaran en la convocat\u00f2ria d&#8217;enguany s\u00f3n <strong>250.<\/strong><\/p>\n<p style=\"text-align: center;\">\n<p>&nbsp;<\/p>\n","protected":false},"excerpt":{"rendered":"<p><a href=\"https:\/\/projectes.xtec.cat\/internacional\/wp-content\/uploads\/usu1767\/2023\/09\/businessman-3105873_1280.jpg\"><\/a><br \/>\nSEPIE (Servicio Espa\u00f1ol para la Internacionalizaci\u00f3n de la Educaci\u00f3n) ha publicat a la seva web que el <a href=\"http:\/\/sepie.es\/doc\/convocatoria\/2023\/EE\/limitacion_numero_acreditaciones_ka120sch_2023.pdf\">nombre m\u00e0xim d&#8217;acreditacions<\/a> Erasmus a l&#8217;\u00e0mbit escolar (KA120SCH) que s&#8217;adjudicaran en la convocat\u00f2ria d&#8217;enguany s\u00f3n 250.<\/p>\n<p>&nbsp;<\/p>\n","protected":false},"author":1,"featured_media":12691,"comment_status":"open","ping_status":"closed","sticky":false,"template":"","format":"standard","meta":{"_bbp_topic_count":0,"_bbp_reply_count":0,"_bbp_total_topic_count":0,"_bbp_total_reply_count":0,"_bbp_voice_count":0,"_bbp_anonymous_reply_count":0,"_bbp_topic_count_hidden":0,"_bbp_reply_count_hidden":0,"_bbp_forum_subforum_count":0,"footnotes":""},"categories":[311,1,29],"tags":[],"class_list":["post-12680","post","type-post","status-publish","format-standard","has-post-thumbnail","hentry","category-erasmus","category-general","category-portada"],"post_mailing_queue_ids":[],"_links":{"self":[{"href":"https:\/\/projectes.xtec.cat\/internacional\/wp-json\/wp\/v2\/posts\/12680","targetHints":{"allow":["GET"]}}],"collection":[{"href":"https:\/\/projectes.xtec.cat\/internacional\/wp-json\/wp\/v2\/posts"}],"about":[{"href":"https:\/\/projectes.xtec.cat\/internacional\/wp-json\/wp\/v2\/types\/post"}],"author":[{"embeddable":true,"href":"https:\/\/projectes.xtec.cat\/internacional\/wp-json\/wp\/v2\/users\/1"}],"replies":[{"embeddable":true,"href":"https:\/\/projectes.xtec.cat\/internacional\/wp-json\/wp\/v2\/comments?post=12680"}],"version-history":[{"count":3,"href":"https:\/\/projectes.xtec.cat\/internacional\/wp-json\/wp\/v2\/posts\/12680\/revisions"}],"predecessor-version":[{"id":12693,"href":"https:\/\/projectes.xtec.cat\/internacional\/wp-json\/wp\/v2\/posts\/12680\/revisions\/12693"}],"wp:featuredmedia":[{"embeddable":true,"href":"https:\/\/projectes.xtec.cat\/internacional\/wp-json\/wp\/v2\/media\/12691"}],"wp:attachment":[{"href":"https:\/\/projectes.xtec.cat\/internacional\/wp-json\/wp\/v2\/media?parent=12680"}],"wp:term":[{"taxonomy":"category","embeddable":true,"href":"https:\/\/projectes.xtec.cat\/internacional\/wp-json\/wp\/v2\/categories?post=12680"},{"taxonomy":"post_tag","embeddable":true,"href":"https:\/\/projectes.xtec.cat\/internacional\/wp-json\/wp\/v2\/tags?post=12680"}],"curies":[{"name":"wp","href":"https:\/\/api.w.org\/{rel}","templated":true}]}}