{"id":12879,"date":"2023-11-21T11:59:12","date_gmt":"2023-11-21T10:59:12","guid":{"rendered":"https:\/\/projectes.xtec.cat\/internacional\/?p=12879"},"modified":"2023-11-28T10:17:43","modified_gmt":"2023-11-28T09:17:43","slug":"participa-en-la-journee-internationale-des-assistants-de-langue-jial","status":"publish","type":"post","link":"https:\/\/projectes.xtec.cat\/internacional\/general\/participa-en-la-journee-internationale-des-assistants-de-langue-jial\/","title":{"rendered":"Participa en la Journ\u00e9e Internationale des Assistants de Langue (JIAL)"},"content":{"rendered":"<p><a href=\"https:\/\/projectes.xtec.cat\/internacional\/wp-content\/uploads\/usu1767\/2023\/11\/ES_1.png\"><img loading=\"lazy\" decoding=\"async\" class=\" wp-image-12881 alignleft\" src=\"https:\/\/projectes.xtec.cat\/internacional\/wp-content\/uploads\/usu1767\/2023\/11\/ES_1-1024x1024.png\" alt=\"\" width=\"195\" height=\"195\" srcset=\"https:\/\/projectes.xtec.cat\/internacional\/wp-content\/uploads\/usu1767\/2023\/11\/ES_1-1024x1024.png 1024w, https:\/\/projectes.xtec.cat\/internacional\/wp-content\/uploads\/usu1767\/2023\/11\/ES_1-300x300.png 300w, https:\/\/projectes.xtec.cat\/internacional\/wp-content\/uploads\/usu1767\/2023\/11\/ES_1-150x150.png 150w, https:\/\/projectes.xtec.cat\/internacional\/wp-content\/uploads\/usu1767\/2023\/11\/ES_1-768x768.png 768w, https:\/\/projectes.xtec.cat\/internacional\/wp-content\/uploads\/usu1767\/2023\/11\/ES_1.png 1080w\" sizes=\"auto, (max-width: 195px) 100vw, 195px\" \/><\/a><\/p>\n<p><strong>Qu\u00e8 \u00e9s?<\/strong><\/p>\n<p>La <a href=\"https:\/\/www.france-education-international.fr\/article\/journee-internationale-des-assistants-de-langue?langue=fr\">Journ\u00e9e Internationale des Assistants de Langue<\/a> (JIAL) \u00e9s una iniciativa de France \u00c9ducation International. Els objectius d&#8217;aquest dia s\u00f3n donar a con\u00e8ixer el programa d&#8217;intercanvi d&#8217;auxiliars de llengua, fer-lo m\u00e9s atractiu i unir la comunitat d&#8217;exalumnes.<\/p>\n<p>Aquest dia, que se celebra cada primer dijous del mes de desembre, se celebrar\u00e0 aquest any el <strong>dijous 7 de desembre<\/strong>.<\/p>\n<p>&nbsp;<\/p>\n<p><strong>Com participar-hi?<\/strong><\/p>\n<p>Pots participar-hi organitzant un esdeveniment al teu centre educatiu!<\/p>\n<p>Algunes idees sobre com poden participar els centres educatius:<a href=\"https:\/\/projectes.xtec.cat\/internacional\/wp-content\/uploads\/usu1767\/2023\/11\/Captura-JLIM.png\"><img loading=\"lazy\" decoding=\"async\" class=\" wp-image-12882 alignleft\" src=\"https:\/\/projectes.xtec.cat\/internacional\/wp-content\/uploads\/usu1767\/2023\/11\/Captura-JLIM.png\" alt=\"\" width=\"127\" height=\"421\" \/><\/a><\/p>\n<ul>\n<li>Implementeu activitats a la classe, dins de l&#8217;escola o centre educatiu per presentar els auxiliars de llengua destinats el 2023\/2024: un dia dedicat a la seva llengua, al seu pa\u00eds d&#8217;origen, a algun aspecte de la seva cultura (cuina, m\u00fasica, dansa, esport, etc.).<\/li>\n<li>Feu v\u00eddeos o p\u00f2dcasts sobre les viv\u00e8ncies dels auxiliars de llengua en actiu o d&#8217;altres cursos al programa.<\/li>\n<li>Creeu concursos o exposicions al voltant del programa d&#8217;auxiliars de llengua (poesia, fotografia, etc.).<\/li>\n<li><span style=\"font-family: inherit; font-size: 1em;\">Administreu una taula rodona amb els auxiliars de llengua i altres participants del programa.<\/span><\/li>\n<li><span style=\"font-family: inherit; font-size: 1em;\">Organitzeu trobades amb els auxiliars de llengua a les ambaixades estrangeres a Fran\u00e7a i a les ambaixades de Fran\u00e7a arreu del m\u00f3n, als Instituts francesos i a les Aliances franceses.<\/span><\/li>\n<li><span style=\"font-family: inherit; font-size: 1em;\">Promocioneu el programa mitjan\u00e7ant cartells a les escoles, instituts i altres centres educatius.<\/span><\/li>\n<\/ul>\n<p>&nbsp;<\/p>\n<p>&nbsp;<\/p>\n<p>No oblideu compartir totes les activitats que feu a les xarxes i etiquetar el servei d&#8217;auxiliars de llengua de France \u00c9ducation International.<a href=\"https:\/\/projectes.xtec.cat\/internacional\/wp-content\/uploads\/usu1767\/2023\/11\/Captura-1.png\"><img loading=\"lazy\" decoding=\"async\" class=\"wp-image-12883 aligncenter\" src=\"https:\/\/projectes.xtec.cat\/internacional\/wp-content\/uploads\/usu1767\/2023\/11\/Captura-1.png\" alt=\"\" width=\"218\" height=\"104\" srcset=\"https:\/\/projectes.xtec.cat\/internacional\/wp-content\/uploads\/usu1767\/2023\/11\/Captura-1.png 535w, https:\/\/projectes.xtec.cat\/internacional\/wp-content\/uploads\/usu1767\/2023\/11\/Captura-1-300x143.png 300w\" sizes=\"auto, (max-width: 218px) 100vw, 218px\" \/><\/a><\/p>\n","protected":false},"excerpt":{"rendered":"<p><a href=\"https:\/\/projectes.xtec.cat\/internacional\/wp-content\/uploads\/usu1767\/2023\/11\/ES_1.png\"><\/a><br \/>\nQu\u00e8 \u00e9s?<br \/>\nLa <a href=\"https:\/\/www.france-education-international.fr\/article\/journee-internationale-des-assistants-de-langue?langue=fr\">Journ\u00e9e Internationale des Assistants de Langue<\/a> (JIAL) \u00e9s una iniciativa de France \u00c9ducation International. Els objectius d&#8217;aquest dia s\u00f3n donar a con\u00e8ixer el programa d&#8217;intercanvi d&#8217;auxiliars de llengua, fer-lo m\u00e9s atractiu i unir la comunitat d&#8217;exalumnes.<br \/>\nAquest dia, que se celebra cada&hellip;  <a href=\"https:\/\/projectes.xtec.cat\/internacional\/general\/participa-en-la-journee-internationale-des-assistants-de-langue-jial\/\" title=\"Read Participa en la Journ\u00e9e Internationale des Assistants de Langue (JIAL)\">Llegeix m\u00e9s\u00bb<\/a><\/p>\n","protected":false},"author":1,"featured_media":12881,"comment_status":"open","ping_status":"closed","sticky":false,"template":"","format":"standard","meta":{"_bbp_topic_count":0,"_bbp_reply_count":0,"_bbp_total_topic_count":0,"_bbp_total_reply_count":0,"_bbp_voice_count":0,"_bbp_anonymous_reply_count":0,"_bbp_topic_count_hidden":0,"_bbp_reply_count_hidden":0,"_bbp_forum_subforum_count":0,"footnotes":""},"categories":[393,1,380,303,379,29],"tags":[404,425],"class_list":["post-12879","post","type-post","status-publish","format-standard","has-post-thumbnail","hentry","category-accions-de-frances","category-general","category-institut-francais-de-barcelone","category-noticies-dauxiliars","category-noticies-de-frances","category-portada","tag-institut-francais","tag-jornades"],"post_mailing_queue_ids":[],"_links":{"self":[{"href":"https:\/\/projectes.xtec.cat\/internacional\/wp-json\/wp\/v2\/posts\/12879","targetHints":{"allow":["GET"]}}],"collection":[{"href":"https:\/\/projectes.xtec.cat\/internacional\/wp-json\/wp\/v2\/posts"}],"about":[{"href":"https:\/\/projectes.xtec.cat\/internacional\/wp-json\/wp\/v2\/types\/post"}],"author":[{"embeddable":true,"href":"https:\/\/projectes.xtec.cat\/internacional\/wp-json\/wp\/v2\/users\/1"}],"replies":[{"embeddable":true,"href":"https:\/\/projectes.xtec.cat\/internacional\/wp-json\/wp\/v2\/comments?post=12879"}],"version-history":[{"count":6,"href":"https:\/\/projectes.xtec.cat\/internacional\/wp-json\/wp\/v2\/posts\/12879\/revisions"}],"predecessor-version":[{"id":12941,"href":"https:\/\/projectes.xtec.cat\/internacional\/wp-json\/wp\/v2\/posts\/12879\/revisions\/12941"}],"wp:featuredmedia":[{"embeddable":true,"href":"https:\/\/projectes.xtec.cat\/internacional\/wp-json\/wp\/v2\/media\/12881"}],"wp:attachment":[{"href":"https:\/\/projectes.xtec.cat\/internacional\/wp-json\/wp\/v2\/media?parent=12879"}],"wp:term":[{"taxonomy":"category","embeddable":true,"href":"https:\/\/projectes.xtec.cat\/internacional\/wp-json\/wp\/v2\/categories?post=12879"},{"taxonomy":"post_tag","embeddable":true,"href":"https:\/\/projectes.xtec.cat\/internacional\/wp-json\/wp\/v2\/tags?post=12879"}],"curies":[{"name":"wp","href":"https:\/\/api.w.org\/{rel}","templated":true}]}}