{"id":12945,"date":"2023-11-28T10:51:53","date_gmt":"2023-11-28T09:51:53","guid":{"rendered":"https:\/\/projectes.xtec.cat\/internacional\/?p=12945"},"modified":"2023-12-15T15:58:24","modified_gmt":"2023-12-15T14:58:24","slug":"concurs-de-fotografia-de-leuropean-week-for-waste-reduction-ewwr","status":"publish","type":"post","link":"https:\/\/projectes.xtec.cat\/internacional\/general\/concurs-de-fotografia-de-leuropean-week-for-waste-reduction-ewwr\/","title":{"rendered":"Concurs de Fotografia de l&#8217;European Week for Waste Reduction (EWWR)"},"content":{"rendered":"<p>Ja tenim guanyador\/a!!!<\/p>\n<p>El guanyador\/a del Concurs de Fotografia 2023 \u00e9s &#8220;<strong>All Round Circular R-park<\/strong>&#8220;.<\/p>\n<p><a href=\"https:\/\/projectes.xtec.cat\/internacional\/wp-content\/uploads\/usu1767\/2023\/11\/unnamed-2.jpg\"><img loading=\"lazy\" decoding=\"async\" class=\"wp-image-12995 aligncenter\" src=\"https:\/\/projectes.xtec.cat\/internacional\/wp-content\/uploads\/usu1767\/2023\/11\/unnamed-2-1024x1024.jpg\" alt=\"\" width=\"369\" height=\"369\" srcset=\"https:\/\/projectes.xtec.cat\/internacional\/wp-content\/uploads\/usu1767\/2023\/11\/unnamed-2-1024x1024.jpg 1024w, https:\/\/projectes.xtec.cat\/internacional\/wp-content\/uploads\/usu1767\/2023\/11\/unnamed-2-300x300.jpg 300w, https:\/\/projectes.xtec.cat\/internacional\/wp-content\/uploads\/usu1767\/2023\/11\/unnamed-2-150x150.jpg 150w, https:\/\/projectes.xtec.cat\/internacional\/wp-content\/uploads\/usu1767\/2023\/11\/unnamed-2-768x768.jpg 768w, https:\/\/projectes.xtec.cat\/internacional\/wp-content\/uploads\/usu1767\/2023\/11\/unnamed-2-1536x1536.jpg 1536w, https:\/\/projectes.xtec.cat\/internacional\/wp-content\/uploads\/usu1767\/2023\/11\/unnamed-2.jpg 2048w\" sizes=\"auto, (max-width: 369px) 100vw, 369px\" \/><\/a><\/p>\n<p>M\u00e9s de 81 participants entusiastes de la 15a edici\u00f3 de l&#8217;EWWR van prendre part al nostre Concurs de Fotografia 2023, compartint amb la resta de la comunitat imatges creatives d&#8217;admirables accions de reducci\u00f3 de residus. La imatge guanyadora \u00e9s &#8220;All Round Circular R-park&#8221; de MiReHu Nonprofit Kft, una empresa de recollida, transport i tractament de residus no perillosos a Borsod-Aba\u00faj-Zempl\u00e9n (Hongria). S&#8217;han instal\u00b7lat set estacions en forma circular al R-park. Els habitants poden fer una passejada circular amb l&#8217;objectiu principal de repensar el que sabem sobre els residus d&#8217;embalatge i el seu cicle de vida.<\/p>\n<p>Coneixeu tots els finalistes en aquest <a href=\"https:\/\/ewwr.eu\/the-winner-and-the-runners-up-of-the-ewwr2023photocontest-revealed\/\">article<\/a>.<\/p>\n<p><strong>El <a href=\"https:\/\/ewwr.eu\/countdown-to-ewwr-2023-join-the-excitement-with-ewwr2023photocontest\/\">Concurs de Fotografia<\/a> de l&#8217;EWWR ha tornat!<\/strong><\/p>\n<p><a href=\"https:\/\/projectes.xtec.cat\/internacional\/wp-content\/uploads\/usu1767\/2023\/11\/unnamed-2.png\"><img loading=\"lazy\" decoding=\"async\" class=\" wp-image-12869 alignleft\" src=\"https:\/\/projectes.xtec.cat\/internacional\/wp-content\/uploads\/usu1767\/2023\/11\/unnamed-2-1024x1024.png\" alt=\"\" width=\"179\" height=\"179\" srcset=\"https:\/\/projectes.xtec.cat\/internacional\/wp-content\/uploads\/usu1767\/2023\/11\/unnamed-2-1024x1024.png 1024w, https:\/\/projectes.xtec.cat\/internacional\/wp-content\/uploads\/usu1767\/2023\/11\/unnamed-2-300x300.png 300w, https:\/\/projectes.xtec.cat\/internacional\/wp-content\/uploads\/usu1767\/2023\/11\/unnamed-2-150x150.png 150w, https:\/\/projectes.xtec.cat\/internacional\/wp-content\/uploads\/usu1767\/2023\/11\/unnamed-2-768x768.png 768w, https:\/\/projectes.xtec.cat\/internacional\/wp-content\/uploads\/usu1767\/2023\/11\/unnamed-2.png 1080w\" sizes=\"auto, (max-width: 179px) 100vw, 179px\" \/><\/a>Participa en l&#8217;edici\u00f3 del 2023 del Concurs de Fotografia de l&#8217;<a href=\"https:\/\/ewwr.eu\/\">EWWR<\/a>.<\/p>\n<p>\u00c9s f\u00e0cil: comparteix una foto de la teva acci\u00f3 de reducci\u00f3 de residus a Facebook o Instagram del 18 al 26 de novembre. Utilitza l&#8217;etiqueta <strong>#EWWR2023PhotoContest.<\/strong> Inclou el nom de l&#8217;acci\u00f3 i una breu explicaci\u00f3.<\/p>\n<p>No oblidis seguir <strong>l&#8217;EWWR<\/strong> a les xarxes socials. Els trobar\u00e0s a Instagram, Facebook i Twitter!<\/p>\n","protected":false},"excerpt":{"rendered":"<p>Ja tenim guanyador\/a!!!<br \/>\nEl guanyador\/a del Concurs de Fotografia 2023 \u00e9s &#8220;All Round Circular R-park&#8220;.<br \/>\n<a href=\"https:\/\/projectes.xtec.cat\/internacional\/wp-content\/uploads\/usu1767\/2023\/11\/unnamed-2.jpg\"><\/a><br \/>\nM\u00e9s de 81 participants entusiastes de la 15a edici\u00f3 de l&#8217;EWWR van prendre part al nostre Concurs de Fotografia 2023, compartint amb la resta de la comunitat imatges creatives d&#8217;admirables accions&hellip;  <a href=\"https:\/\/projectes.xtec.cat\/internacional\/general\/concurs-de-fotografia-de-leuropean-week-for-waste-reduction-ewwr\/\" title=\"Read Concurs de Fotografia de l&#8217;European Week for Waste Reduction (EWWR)\">Llegeix m\u00e9s\u00bb<\/a><\/p>\n","protected":false},"author":1,"featured_media":12995,"comment_status":"open","ping_status":"closed","sticky":false,"template":"","format":"standard","meta":{"_bbp_topic_count":0,"_bbp_reply_count":0,"_bbp_total_topic_count":0,"_bbp_total_reply_count":0,"_bbp_voice_count":0,"_bbp_anonymous_reply_count":0,"_bbp_topic_count_hidden":0,"_bbp_reply_count_hidden":0,"_bbp_forum_subforum_count":0,"footnotes":""},"categories":[376,64,1,29],"tags":[368,317,315],"class_list":["post-12945","post","type-post","status-publish","format-standard","has-post-thumbnail","hentry","category-competencia-global","category-comunitat","category-general","category-portada","tag-concurs","tag-premis","tag-xarxes-socials"],"post_mailing_queue_ids":[],"_links":{"self":[{"href":"https:\/\/projectes.xtec.cat\/internacional\/wp-json\/wp\/v2\/posts\/12945","targetHints":{"allow":["GET"]}}],"collection":[{"href":"https:\/\/projectes.xtec.cat\/internacional\/wp-json\/wp\/v2\/posts"}],"about":[{"href":"https:\/\/projectes.xtec.cat\/internacional\/wp-json\/wp\/v2\/types\/post"}],"author":[{"embeddable":true,"href":"https:\/\/projectes.xtec.cat\/internacional\/wp-json\/wp\/v2\/users\/1"}],"replies":[{"embeddable":true,"href":"https:\/\/projectes.xtec.cat\/internacional\/wp-json\/wp\/v2\/comments?post=12945"}],"version-history":[{"count":6,"href":"https:\/\/projectes.xtec.cat\/internacional\/wp-json\/wp\/v2\/posts\/12945\/revisions"}],"predecessor-version":[{"id":12996,"href":"https:\/\/projectes.xtec.cat\/internacional\/wp-json\/wp\/v2\/posts\/12945\/revisions\/12996"}],"wp:featuredmedia":[{"embeddable":true,"href":"https:\/\/projectes.xtec.cat\/internacional\/wp-json\/wp\/v2\/media\/12995"}],"wp:attachment":[{"href":"https:\/\/projectes.xtec.cat\/internacional\/wp-json\/wp\/v2\/media?parent=12945"}],"wp:term":[{"taxonomy":"category","embeddable":true,"href":"https:\/\/projectes.xtec.cat\/internacional\/wp-json\/wp\/v2\/categories?post=12945"},{"taxonomy":"post_tag","embeddable":true,"href":"https:\/\/projectes.xtec.cat\/internacional\/wp-json\/wp\/v2\/tags?post=12945"}],"curies":[{"name":"wp","href":"https:\/\/api.w.org\/{rel}","templated":true}]}}