{"id":12949,"date":"2023-11-28T10:55:19","date_gmt":"2023-11-28T09:55:19","guid":{"rendered":"https:\/\/projectes.xtec.cat\/internacional\/?p=12949"},"modified":"2023-12-18T13:46:02","modified_gmt":"2023-12-18T12:46:02","slug":"celebracio-del-15e-aniversari-de-leuropean-week-for-waste-reduction-ewwr","status":"publish","type":"post","link":"https:\/\/projectes.xtec.cat\/internacional\/general\/celebracio-del-15e-aniversari-de-leuropean-week-for-waste-reduction-ewwr\/","title":{"rendered":"Celebraci\u00f3 del 15\u00e8 aniversari de l&#8217;European Week for Waste Reduction (EWWR)"},"content":{"rendered":"<p><strong><a href=\"https:\/\/ewwr.eu\/events\/\">Celebraci\u00f3 del 15\u00e8 aniversari<\/a> de l&#8217;EWWR<\/strong><\/p>\n<p><strong>Actualitzaci\u00f3!<\/strong><\/p>\n<p>La campanya ha assolit una fita significativa, arribant al seu quinz\u00e8 any d&#8217;esfor\u00e7os dedicats a promoure iniciatives sostenibles vers la prevenci\u00f3 de residus. L&#8217;<a href=\"https:\/\/ewwr.eu\/\">EWWR<\/a> aprofundeix en la rica hist\u00f2ria de la campanya, amb aportacions de desenvolupadors d&#8217;accions i coordinadors que comparteixen les seves experi\u00e8ncies dels \u00faltims 15 anys.<\/p>\n<p>Explora <a href=\"https:\/\/drive.google.com\/file\/d\/1jzkrqa36XXhXweCulWz6fenXmqtUlt55\/view\">aqu\u00ed<\/a> hist\u00f2ries impactants, an\u00e8cdotes memorables i accions emblem\u00e0tiques de prevenci\u00f3 de residus que han deixat una empremta perdurable al llarg dels anys.<\/p>\n<p>Mantenim viva la celebraci\u00f3 de l&#8217;aniversari amb una s\u00e8rie d&#8217;<a href=\"https:\/\/ewwr.eu\/events\/\">esdeveniments<\/a> emocionants!<\/p>\n<p><img loading=\"lazy\" decoding=\"async\" class=\"alignleft\" src=\"https:\/\/projectes.xtec.cat\/internacional\/wp-content\/uploads\/usu1767\/2023\/11\/unnamed-1-1-1024x256.jpg\" width=\"484\" height=\"121\" \/>L&#8217;<a href=\"https:\/\/ewwr.eu\/\">EWWR<\/a> est\u00e0 arribant a la seva adolesc\u00e8ncia, i celebrem aquesta fita amb una s\u00e8rie d&#8217;esdeveniments i activitats.<\/p>\n<p>Reconeixent que una \u00fanica festa d&#8217;aniversari no seria suficient per a una campanya d&#8217;aquesta envergadura, els m\u00e9s de 30 coordinadors arreu d&#8217;Europa estan canalitzant la seva creativitat per planificar diverses activitats que promoguin efica\u00e7ment els missatges de prevenci\u00f3 de residus de l&#8217;EWWR.<\/p>\n<p>S&#8217;ha creat una p\u00e0gina dedicada per recopilar informaci\u00f3 sobre tots els esdeveniments dins i fora de la fam\u00edlia de l&#8217;EWWR centrats en la prevenci\u00f3 de residus. Podeu enviar suggeriments per a esdeveniments addicionals centrats en la prevenci\u00f3 de residus i participar-hi.<\/p>\n<p>Consulteu la p\u00e0gina d&#8217;esdeveniments i no us perdeu les xarxes socials tampoc, ja que compartiran hist\u00f2ries d&#8217;aquests quinze anys explicades pels protagonistes de la campanya!<\/p>\n","protected":false},"excerpt":{"rendered":"<p><a href=\"https:\/\/ewwr.eu\/events\/\">Celebraci\u00f3 del 15\u00e8 aniversari<\/a> de l&#8217;EWWR<br \/>\nActualitzaci\u00f3!<br \/>\nLa campanya ha assolit una fita significativa, arribant al seu quinz\u00e8 any d&#8217;esfor\u00e7os dedicats a promoure iniciatives sostenibles vers la prevenci\u00f3 de residus. L&#8217;<a href=\"https:\/\/ewwr.eu\/\">EWWR<\/a> aprofundeix en la rica hist\u00f2ria de la campanya, amb aportacions de desenvolupadors d&#8217;accions i&hellip;  <a href=\"https:\/\/projectes.xtec.cat\/internacional\/general\/celebracio-del-15e-aniversari-de-leuropean-week-for-waste-reduction-ewwr\/\" title=\"Read Celebraci\u00f3 del 15\u00e8 aniversari de l&#8217;European Week for Waste Reduction (EWWR)\">Llegeix m\u00e9s\u00bb<\/a><\/p>\n","protected":false},"author":1,"featured_media":12870,"comment_status":"open","ping_status":"closed","sticky":false,"template":"","format":"standard","meta":{"_bbp_topic_count":0,"_bbp_reply_count":0,"_bbp_total_topic_count":0,"_bbp_total_reply_count":0,"_bbp_voice_count":0,"_bbp_anonymous_reply_count":0,"_bbp_topic_count_hidden":0,"_bbp_reply_count_hidden":0,"_bbp_forum_subforum_count":0,"footnotes":""},"categories":[376,64,1,29],"tags":[373,425,315],"class_list":["post-12949","post","type-post","status-publish","format-standard","has-post-thumbnail","hentry","category-competencia-global","category-comunitat","category-general","category-portada","tag-competencia-global","tag-jornades","tag-xarxes-socials"],"post_mailing_queue_ids":[],"_links":{"self":[{"href":"https:\/\/projectes.xtec.cat\/internacional\/wp-json\/wp\/v2\/posts\/12949","targetHints":{"allow":["GET"]}}],"collection":[{"href":"https:\/\/projectes.xtec.cat\/internacional\/wp-json\/wp\/v2\/posts"}],"about":[{"href":"https:\/\/projectes.xtec.cat\/internacional\/wp-json\/wp\/v2\/types\/post"}],"author":[{"embeddable":true,"href":"https:\/\/projectes.xtec.cat\/internacional\/wp-json\/wp\/v2\/users\/1"}],"replies":[{"embeddable":true,"href":"https:\/\/projectes.xtec.cat\/internacional\/wp-json\/wp\/v2\/comments?post=12949"}],"version-history":[{"count":5,"href":"https:\/\/projectes.xtec.cat\/internacional\/wp-json\/wp\/v2\/posts\/12949\/revisions"}],"predecessor-version":[{"id":13017,"href":"https:\/\/projectes.xtec.cat\/internacional\/wp-json\/wp\/v2\/posts\/12949\/revisions\/13017"}],"wp:featuredmedia":[{"embeddable":true,"href":"https:\/\/projectes.xtec.cat\/internacional\/wp-json\/wp\/v2\/media\/12870"}],"wp:attachment":[{"href":"https:\/\/projectes.xtec.cat\/internacional\/wp-json\/wp\/v2\/media?parent=12949"}],"wp:term":[{"taxonomy":"category","embeddable":true,"href":"https:\/\/projectes.xtec.cat\/internacional\/wp-json\/wp\/v2\/categories?post=12949"},{"taxonomy":"post_tag","embeddable":true,"href":"https:\/\/projectes.xtec.cat\/internacional\/wp-json\/wp\/v2\/tags?post=12949"}],"curies":[{"name":"wp","href":"https:\/\/api.w.org\/{rel}","templated":true}]}}