{"id":12988,"date":"2023-12-13T09:09:31","date_gmt":"2023-12-13T08:09:31","guid":{"rendered":"https:\/\/projectes.xtec.cat\/internacional\/?p=12988"},"modified":"2023-12-18T13:47:36","modified_gmt":"2023-12-18T12:47:36","slug":"convocatoria-de-professorat-visitant-als-estats-units-canada-irlanda-alemanya-i-la-xina-pel-curs-2024-25","status":"publish","type":"post","link":"https:\/\/projectes.xtec.cat\/internacional\/general\/convocatoria-de-professorat-visitant-als-estats-units-canada-irlanda-alemanya-i-la-xina-pel-curs-2024-25\/","title":{"rendered":"Convocat\u00f2ria de Professorat Visitant als Estats Units, Canad\u00e0, Irlanda, Alemanya i la Xina pel curs 2024-25"},"content":{"rendered":"<p><a href=\"https:\/\/projectes.xtec.cat\/internacional\/wp-content\/uploads\/usu1767\/2023\/12\/Prof.Visitants.png\"><img loading=\"lazy\" decoding=\"async\" class=\"wp-image-12991 aligncenter\" src=\"https:\/\/projectes.xtec.cat\/internacional\/wp-content\/uploads\/usu1767\/2023\/12\/Prof.Visitants.png\" alt=\"\" width=\"321\" height=\"262\" srcset=\"https:\/\/projectes.xtec.cat\/internacional\/wp-content\/uploads\/usu1767\/2023\/12\/Prof.Visitants.png 919w, https:\/\/projectes.xtec.cat\/internacional\/wp-content\/uploads\/usu1767\/2023\/12\/Prof.Visitants-300x245.png 300w, https:\/\/projectes.xtec.cat\/internacional\/wp-content\/uploads\/usu1767\/2023\/12\/Prof.Visitants-768x626.png 768w\" sizes=\"auto, (max-width: 321px) 100vw, 321px\" \/><\/a><\/p>\n<p>Si us interessa con\u00e8ixer el <a href=\"https:\/\/www.educacionyfp.gob.es\/servicios-al-ciudadano\/catalogo\/profesorado\/convocatorias-para-el-extranjero\/profesorado-visitante.html\">Programa de Professor Visitant<\/a>, apunteu-vos a les sessions informatives, general i per pa\u00efsos, que es duran a terme per difondre la convocat\u00f2ria de Professor Visitant als Estats Units, Canad\u00e0, Irlanda, Alemanya i la Xina pel curs 2024-25.<\/p>\n<p>Us podeu descarregar <a href=\"https:\/\/drive.google.com\/file\/d\/1SjWzQa7p8SZu2U_dTAbr4B-_zLuY8J3o\/view?usp=sharing\">aqu\u00ed<\/a> el fullet\u00f3 de la sessi\u00f3 informativa amb l&#8217;enlla\u00e7 de la convocat\u00f2ria, que tindr\u00e0 lloc a trav\u00e9s de TEAMS dem\u00e0 dia 19 de desembre a les 17h.<\/p>\n<p>La sessi\u00f3 durar\u00e0 aproximadament 50 minuts i els candidats podran interactuar amb els ponents per plantejar consultes que es resoldran en directe.<\/p>\n<p>El termini de presentaci\u00f3 i registre de sol\u00b7licituds <strong>FINALITZA EL 8 DE GENER<\/strong> a les 14 hores.<\/p>\n","protected":false},"excerpt":{"rendered":"<p><a href=\"https:\/\/projectes.xtec.cat\/internacional\/wp-content\/uploads\/usu1767\/2023\/12\/Prof.Visitants.png\"><\/a><br \/>\nSi us interessa con\u00e8ixer el <a href=\"https:\/\/www.educacionyfp.gob.es\/servicios-al-ciudadano\/catalogo\/profesorado\/convocatorias-para-el-extranjero\/profesorado-visitante.html\">Programa de Professor Visitant<\/a>, apunteu-vos a les sessions informatives, general i per pa\u00efsos, que es duran a terme per difondre la convocat\u00f2ria de Professor Visitant als Estats Units, Canad\u00e0, Irlanda, Alemanya i la Xina pel curs 2024-25.<br \/>\nUs podeu&hellip;  <a href=\"https:\/\/projectes.xtec.cat\/internacional\/general\/convocatoria-de-professorat-visitant-als-estats-units-canada-irlanda-alemanya-i-la-xina-pel-curs-2024-25\/\" title=\"Read Convocat\u00f2ria de Professorat Visitant als Estats Units, Canad\u00e0, Irlanda, Alemanya i la Xina pel curs 2024-25\">Llegeix m\u00e9s\u00bb<\/a><\/p>\n","protected":false},"author":1,"featured_media":12991,"comment_status":"open","ping_status":"closed","sticky":false,"template":"","format":"standard","meta":{"_bbp_topic_count":0,"_bbp_reply_count":0,"_bbp_total_topic_count":0,"_bbp_total_reply_count":0,"_bbp_voice_count":0,"_bbp_anonymous_reply_count":0,"_bbp_topic_count_hidden":0,"_bbp_reply_count_hidden":0,"_bbp_forum_subforum_count":0,"footnotes":""},"categories":[64,66,154,1,29],"tags":[],"class_list":["post-12988","post","type-post","status-publish","format-standard","has-post-thumbnail","hentry","category-comunitat","category-dinamitzacio","category-formacio","category-general","category-portada"],"post_mailing_queue_ids":[],"_links":{"self":[{"href":"https:\/\/projectes.xtec.cat\/internacional\/wp-json\/wp\/v2\/posts\/12988","targetHints":{"allow":["GET"]}}],"collection":[{"href":"https:\/\/projectes.xtec.cat\/internacional\/wp-json\/wp\/v2\/posts"}],"about":[{"href":"https:\/\/projectes.xtec.cat\/internacional\/wp-json\/wp\/v2\/types\/post"}],"author":[{"embeddable":true,"href":"https:\/\/projectes.xtec.cat\/internacional\/wp-json\/wp\/v2\/users\/1"}],"replies":[{"embeddable":true,"href":"https:\/\/projectes.xtec.cat\/internacional\/wp-json\/wp\/v2\/comments?post=12988"}],"version-history":[{"count":6,"href":"https:\/\/projectes.xtec.cat\/internacional\/wp-json\/wp\/v2\/posts\/12988\/revisions"}],"predecessor-version":[{"id":13019,"href":"https:\/\/projectes.xtec.cat\/internacional\/wp-json\/wp\/v2\/posts\/12988\/revisions\/13019"}],"wp:featuredmedia":[{"embeddable":true,"href":"https:\/\/projectes.xtec.cat\/internacional\/wp-json\/wp\/v2\/media\/12991"}],"wp:attachment":[{"href":"https:\/\/projectes.xtec.cat\/internacional\/wp-json\/wp\/v2\/media?parent=12988"}],"wp:term":[{"taxonomy":"category","embeddable":true,"href":"https:\/\/projectes.xtec.cat\/internacional\/wp-json\/wp\/v2\/categories?post=12988"},{"taxonomy":"post_tag","embeddable":true,"href":"https:\/\/projectes.xtec.cat\/internacional\/wp-json\/wp\/v2\/tags?post=12988"}],"curies":[{"name":"wp","href":"https:\/\/api.w.org\/{rel}","templated":true}]}}