{"id":13007,"date":"2023-12-18T13:22:17","date_gmt":"2023-12-18T12:22:17","guid":{"rendered":"https:\/\/projectes.xtec.cat\/internacional\/?p=13007"},"modified":"2023-12-25T19:21:07","modified_gmt":"2023-12-25T18:21:07","slug":"projecte-erasmus-greenco-una-lectura-per-gaudir-dun-nadal-sostenible","status":"publish","type":"post","link":"https:\/\/projectes.xtec.cat\/internacional\/general\/projecte-erasmus-greenco-una-lectura-per-gaudir-dun-nadal-sostenible\/","title":{"rendered":"Projecte Erasmus+ GreenCo: una lectura per gaudir d&#8217;un Nadal sostenible!"},"content":{"rendered":"<div class=\"flex-1 overflow-hidden\">\n<div class=\"react-scroll-to-bottom--css-vcejz-79elbk h-full\">\n<div class=\"react-scroll-to-bottom--css-vcejz-1n7m0yu\">\n<div class=\"flex flex-col pb-9 text-sm\">\n<div class=\"w-full text-token-text-primary\" data-testid=\"conversation-turn-13\">\n<div class=\"px-4 py-2 justify-center text-base md:gap-6 m-auto\">\n<div class=\"flex flex-1 text-base mx-auto gap-3 md:px-5 lg:px-1 xl:px-5 md:max-w-3xl lg:max-w-[40rem] xl:max-w-[48rem] group final-completion\">\n<div class=\"relative flex w-full flex-col lg:w-[calc(100%-115px)] agent-turn\">\n<div class=\"flex-col gap-1 md:gap-3\">\n<div class=\"flex flex-grow flex-col max-w-full\">\n<div class=\"min-h-[20px] text-message flex flex-col items-start gap-3 whitespace-pre-wrap break-words [.text-message+&amp;]:mt-5 overflow-x-auto\" data-message-author-role=\"assistant\" data-message-id=\"d3eb2692-4a08-4cea-84e4-937920bbce27\">\n<div class=\"markdown prose w-full break-words dark:prose-invert light\">\n<p><a href=\"https:\/\/projectes.xtec.cat\/internacional\/wp-content\/uploads\/usu1767\/2023\/12\/unnamed-4.jpg\"><img loading=\"lazy\" decoding=\"async\" class=\"wp-image-13008 alignleft\" src=\"https:\/\/projectes.xtec.cat\/internacional\/wp-content\/uploads\/usu1767\/2023\/12\/unnamed-4.jpg\" alt=\"\" width=\"402\" height=\"304\" srcset=\"https:\/\/projectes.xtec.cat\/internacional\/wp-content\/uploads\/usu1767\/2023\/12\/unnamed-4.jpg 600w, https:\/\/projectes.xtec.cat\/internacional\/wp-content\/uploads\/usu1767\/2023\/12\/unnamed-4-300x227.jpg 300w, https:\/\/projectes.xtec.cat\/internacional\/wp-content\/uploads\/usu1767\/2023\/12\/unnamed-4-200x150.jpg 200w\" sizes=\"auto, (max-width: 402px) 100vw, 402px\" \/><\/a><\/p>\n<p>El Nadal \u00e9s un moment de descans i trobada amb la fam\u00edlia i els amics. No obstant aix\u00f2, tamb\u00e9 \u00e9s un per\u00edode de consum i residus. Us recomanem una <strong>lectura<\/strong> que us obrir\u00e0 els ulls a una amena\u00e7a invisible: els r<strong>esidus digitals i la contaminaci\u00f3 digital.<\/strong><\/p>\n<p>El <a href=\"https:\/\/greenco-project.eu\/\">Projecte GreenCo<\/a>, cofinan\u00e7at pel<strong> Programa Erasmus+ de la Uni\u00f3 Europea,<\/strong> ha creat un <strong>llibre electr\u00f2nic<\/strong> esclaridor per guiar-vos cap a pr\u00e0ctiques digitals sostenibles.<\/p>\n<p>Aquest llibre electr\u00f2nic us proporciona les eines necess\u00e0ries per prendre decisions m\u00e9s informades, millorar la sostenibilitat dels vostres h\u00e0bits i con\u00e8ixer millor les iniciatives que donen suport a la consci\u00e8ncia ecol\u00f2gica i al benestar.<\/p>\n<p>Descarregueu <a href=\"https:\/\/greenco-project.eu\/ebook\/\">aqu\u00ed <\/a>el<strong> llibre electr\u00f2nic de GreenCo.<\/strong><\/p>\n<\/div>\n<\/div>\n<\/div>\n<\/div>\n<\/div>\n<\/div>\n<\/div>\n<\/div>\n<\/div>\n<\/div>\n<\/div>\n<\/div>\n","protected":false},"excerpt":{"rendered":"<p><a href=\"https:\/\/projectes.xtec.cat\/internacional\/wp-content\/uploads\/usu1767\/2023\/12\/unnamed-4.jpg\"><\/a><br \/>\nEl Nadal \u00e9s un moment de descans i trobada amb la fam\u00edlia i els amics. No obstant aix\u00f2, tamb\u00e9 \u00e9s un per\u00edode de consum i residus. Us recomanem una lectura que us obrir\u00e0 els ulls a una amena\u00e7a invisible: els residus digitals i la&hellip;  <a href=\"https:\/\/projectes.xtec.cat\/internacional\/general\/projecte-erasmus-greenco-una-lectura-per-gaudir-dun-nadal-sostenible\/\" title=\"Read Projecte Erasmus+ GreenCo: una lectura per gaudir d&#8217;un Nadal sostenible!\">Llegeix m\u00e9s\u00bb<\/a><\/p>\n","protected":false},"author":1,"featured_media":13008,"comment_status":"open","ping_status":"closed","sticky":false,"template":"","format":"standard","meta":{"_bbp_topic_count":0,"_bbp_reply_count":0,"_bbp_total_topic_count":0,"_bbp_total_reply_count":0,"_bbp_voice_count":0,"_bbp_anonymous_reply_count":0,"_bbp_topic_count_hidden":0,"_bbp_reply_count_hidden":0,"_bbp_forum_subforum_count":0,"footnotes":""},"categories":[376,64,66,1,29],"tags":[],"class_list":["post-13007","post","type-post","status-publish","format-standard","has-post-thumbnail","hentry","category-competencia-global","category-comunitat","category-dinamitzacio","category-general","category-portada"],"post_mailing_queue_ids":[],"_links":{"self":[{"href":"https:\/\/projectes.xtec.cat\/internacional\/wp-json\/wp\/v2\/posts\/13007","targetHints":{"allow":["GET"]}}],"collection":[{"href":"https:\/\/projectes.xtec.cat\/internacional\/wp-json\/wp\/v2\/posts"}],"about":[{"href":"https:\/\/projectes.xtec.cat\/internacional\/wp-json\/wp\/v2\/types\/post"}],"author":[{"embeddable":true,"href":"https:\/\/projectes.xtec.cat\/internacional\/wp-json\/wp\/v2\/users\/1"}],"replies":[{"embeddable":true,"href":"https:\/\/projectes.xtec.cat\/internacional\/wp-json\/wp\/v2\/comments?post=13007"}],"version-history":[{"count":3,"href":"https:\/\/projectes.xtec.cat\/internacional\/wp-json\/wp\/v2\/posts\/13007\/revisions"}],"predecessor-version":[{"id":13049,"href":"https:\/\/projectes.xtec.cat\/internacional\/wp-json\/wp\/v2\/posts\/13007\/revisions\/13049"}],"wp:featuredmedia":[{"embeddable":true,"href":"https:\/\/projectes.xtec.cat\/internacional\/wp-json\/wp\/v2\/media\/13008"}],"wp:attachment":[{"href":"https:\/\/projectes.xtec.cat\/internacional\/wp-json\/wp\/v2\/media?parent=13007"}],"wp:term":[{"taxonomy":"category","embeddable":true,"href":"https:\/\/projectes.xtec.cat\/internacional\/wp-json\/wp\/v2\/categories?post=13007"},{"taxonomy":"post_tag","embeddable":true,"href":"https:\/\/projectes.xtec.cat\/internacional\/wp-json\/wp\/v2\/tags?post=13007"}],"curies":[{"name":"wp","href":"https:\/\/api.w.org\/{rel}","templated":true}]}}