{"id":13020,"date":"2023-12-19T10:12:45","date_gmt":"2023-12-19T09:12:45","guid":{"rendered":"https:\/\/projectes.xtec.cat\/internacional\/?p=13020"},"modified":"2023-12-25T19:17:49","modified_gmt":"2023-12-25T18:17:49","slug":"convocatoria-per-a-professors-visitants-als-estats-units-2024-2025","status":"publish","type":"post","link":"https:\/\/projectes.xtec.cat\/internacional\/general\/convocatoria-per-a-professors-visitants-als-estats-units-2024-2025\/","title":{"rendered":"Convocat\u00f2ria per a Professors Visitants als Estats Units 2024-2025"},"content":{"rendered":"<p><a href=\"https:\/\/projectes.xtec.cat\/internacional\/wp-content\/uploads\/usu1767\/2023\/12\/unnamed-5.jpg\"><img loading=\"lazy\" decoding=\"async\" class=\"wp-image-13021 alignleft\" src=\"https:\/\/projectes.xtec.cat\/internacional\/wp-content\/uploads\/usu1767\/2023\/12\/unnamed-5.jpg\" alt=\"\" width=\"404\" height=\"202\" srcset=\"https:\/\/projectes.xtec.cat\/internacional\/wp-content\/uploads\/usu1767\/2023\/12\/unnamed-5.jpg 900w, https:\/\/projectes.xtec.cat\/internacional\/wp-content\/uploads\/usu1767\/2023\/12\/unnamed-5-300x150.jpg 300w, https:\/\/projectes.xtec.cat\/internacional\/wp-content\/uploads\/usu1767\/2023\/12\/unnamed-5-768x384.jpg 768w\" sizes=\"auto, (max-width: 404px) 100vw, 404px\" \/><\/a>Ets docent d&#8217;ensenyament reglat no universitari?<\/p>\n<p>T&#8217;agradaria viure i treballar als Estats Units?<\/p>\n<p>Vols participar en el programa de professorat visitant? +<\/p>\n<p>Aquesta \u00e9s la teva gran oportunitat!<\/p>\n<p>&nbsp;<\/p>\n<p>El <strong>Programa de Professors Visitants Internacionals<\/strong> \u00e9s una convocat\u00f2ria del Ministerio de Educaci\u00f3n, Formaci\u00f3n Profesional y Deportes que ofereix<strong> 606 places per a docents<\/strong> que vulguin treballar impartint classe en escoles dels EE.UU.<\/p>\n<p>La convocat\u00f2ria per al curs acad\u00e8mic 2024-2025 est\u00e0 oberta fins al <strong>8 de gener de 2024 a les 14h<\/strong>.<\/p>\n<p>Troba tota la informaci\u00f3 <a href=\"https:\/\/www.educacionyfp.gob.es\/servicios-al-ciudadano\/catalogo\/general\/05\/051070\/ficha\/051070-2024.html\">AQU\u00cd\u00a0<\/a><\/p>\n","protected":false},"excerpt":{"rendered":"<p><a href=\"https:\/\/projectes.xtec.cat\/internacional\/wp-content\/uploads\/usu1767\/2023\/12\/unnamed-5.jpg\"><\/a>Ets docent d&#8217;ensenyament reglat no universitari?<br \/>\nT&#8217;agradaria viure i treballar als Estats Units?<br \/>\nVols participar en el programa de professorat visitant? +<br \/>\nAquesta \u00e9s la teva gran oportunitat!<br \/>\n&nbsp;<br \/>\nEl Programa de Professors Visitants Internacionals \u00e9s una convocat\u00f2ria del Ministerio de Educaci\u00f3n, Formaci\u00f3n Profesional y Deportes que ofereix 606&hellip;  <a href=\"https:\/\/projectes.xtec.cat\/internacional\/general\/convocatoria-per-a-professors-visitants-als-estats-units-2024-2025\/\" title=\"Read Convocat\u00f2ria per a Professors Visitants als Estats Units 2024-2025\">Llegeix m\u00e9s\u00bb<\/a><\/p>\n","protected":false},"author":1,"featured_media":0,"comment_status":"open","ping_status":"closed","sticky":false,"template":"","format":"standard","meta":{"_bbp_topic_count":0,"_bbp_reply_count":0,"_bbp_total_topic_count":0,"_bbp_total_reply_count":0,"_bbp_voice_count":0,"_bbp_anonymous_reply_count":0,"_bbp_topic_count_hidden":0,"_bbp_reply_count_hidden":0,"_bbp_forum_subforum_count":0,"footnotes":""},"categories":[64,306,66,1,29],"tags":[],"class_list":["post-13020","post","type-post","status-publish","format-standard","hentry","category-comunitat","category-connect-us","category-dinamitzacio","category-general","category-portada"],"post_mailing_queue_ids":[],"_links":{"self":[{"href":"https:\/\/projectes.xtec.cat\/internacional\/wp-json\/wp\/v2\/posts\/13020","targetHints":{"allow":["GET"]}}],"collection":[{"href":"https:\/\/projectes.xtec.cat\/internacional\/wp-json\/wp\/v2\/posts"}],"about":[{"href":"https:\/\/projectes.xtec.cat\/internacional\/wp-json\/wp\/v2\/types\/post"}],"author":[{"embeddable":true,"href":"https:\/\/projectes.xtec.cat\/internacional\/wp-json\/wp\/v2\/users\/1"}],"replies":[{"embeddable":true,"href":"https:\/\/projectes.xtec.cat\/internacional\/wp-json\/wp\/v2\/comments?post=13020"}],"version-history":[{"count":5,"href":"https:\/\/projectes.xtec.cat\/internacional\/wp-json\/wp\/v2\/posts\/13020\/revisions"}],"predecessor-version":[{"id":13047,"href":"https:\/\/projectes.xtec.cat\/internacional\/wp-json\/wp\/v2\/posts\/13020\/revisions\/13047"}],"wp:attachment":[{"href":"https:\/\/projectes.xtec.cat\/internacional\/wp-json\/wp\/v2\/media?parent=13020"}],"wp:term":[{"taxonomy":"category","embeddable":true,"href":"https:\/\/projectes.xtec.cat\/internacional\/wp-json\/wp\/v2\/categories?post=13020"},{"taxonomy":"post_tag","embeddable":true,"href":"https:\/\/projectes.xtec.cat\/internacional\/wp-json\/wp\/v2\/tags?post=13020"}],"curies":[{"name":"wp","href":"https:\/\/api.w.org\/{rel}","templated":true}]}}