{"id":13037,"date":"2023-12-21T11:01:39","date_gmt":"2023-12-21T10:01:39","guid":{"rendered":"https:\/\/projectes.xtec.cat\/internacional\/?p=13037"},"modified":"2023-12-25T19:09:41","modified_gmt":"2023-12-25T18:09:41","slug":"cicle-de-seminaris-web-le-coin-du-prof-de-linstitut-francais","status":"publish","type":"post","link":"https:\/\/projectes.xtec.cat\/internacional\/general\/cicle-de-seminaris-web-le-coin-du-prof-de-linstitut-francais\/","title":{"rendered":"Cicle de seminaris web Le coin du prof  de l&#8217;Institut Fran\u00e7ais"},"content":{"rendered":"<p><a href=\"https:\/\/projectes.xtec.cat\/internacional\/wp-content\/uploads\/usu1767\/2023\/12\/social-media.png\"><img loading=\"lazy\" decoding=\"async\" class=\"wp-image-13038 alignleft\" src=\"https:\/\/projectes.xtec.cat\/internacional\/wp-content\/uploads\/usu1767\/2023\/12\/social-media-1024x536.png\" alt=\"\" width=\"216\" height=\"113\" srcset=\"https:\/\/projectes.xtec.cat\/internacional\/wp-content\/uploads\/usu1767\/2023\/12\/social-media-1024x536.png 1024w, https:\/\/projectes.xtec.cat\/internacional\/wp-content\/uploads\/usu1767\/2023\/12\/social-media-300x157.png 300w, https:\/\/projectes.xtec.cat\/internacional\/wp-content\/uploads\/usu1767\/2023\/12\/social-media-768x402.png 768w, https:\/\/projectes.xtec.cat\/internacional\/wp-content\/uploads\/usu1767\/2023\/12\/social-media.png 1200w\" sizes=\"auto, (max-width: 216px) 100vw, 216px\" \/><\/a>El servei de cooperaci\u00f3 educativa i ling\u00fc\u00edstica de l&#8217;Institut Fran\u00e7ais d&#8217;Espagne ofereix, a partir de gener, un <strong>cicle de seminaris web informatius<\/strong> sobre les seves activitats a Espanya.<\/p>\n<p>Cada mes, es duran a terme seminaris web sobre temes diferents.<\/p>\n<p>El <strong>dijous 11 de gener tindr\u00e0 lloc el 2n seminari<\/strong> web sobre la campanya <a href=\"https:\/\/www.labelfranceducation.fr\/es\">LabelFrancEducation 2024<\/a>, que \u00e9s un segell que atorga el Govern de Fran\u00e7a als instituts i centres d&#8217;ensenyament escolars estrangers que participen en la difusi\u00f3 de la llengua i la cultura franceses en el marc de la seva ensenyan\u00e7a nacional.<\/p>\n<p>Per participar, inscriviu-vos al seg\u00fcent <a href=\"https:\/\/us06web.zoom.us\/webinar\/register\/WN_uCHV4JfWR26GiZI_8UqPFg\">enlla\u00e7.<\/a><\/p>\n<p>Rebreu la informaci\u00f3 per connectar-vos despr\u00e9s de la inscripci\u00f3.<\/p>\n<p>Podeu trobar els enregistraments\u00a0 dels anteriors seminaris web a la p\u00e0gina de <a href=\"https:\/\/youtube.com\/playlist?list=PL9-ADzojOAQePahpsuBptMFQ3r6eP8-Jk&amp;feature=shared\">Youtube<\/a> de l&#8217;Institut Fran\u00e7ais.<\/p>\n<p>Animeu-vos-hi!!<\/p>\n","protected":false},"excerpt":{"rendered":"<p><a href=\"https:\/\/projectes.xtec.cat\/internacional\/wp-content\/uploads\/usu1767\/2023\/12\/social-media.png\"><\/a>El servei de cooperaci\u00f3 educativa i ling\u00fc\u00edstica de l&#8217;Institut Fran\u00e7ais d&#8217;Espagne ofereix, a partir de gener, un cicle de seminaris web informatius sobre les seves activitats a Espanya.<br \/>\nCada mes, es duran a terme seminaris web sobre temes diferents.<br \/>\nEl dijous 11 de gener tindr\u00e0 lloc&hellip;  <a href=\"https:\/\/projectes.xtec.cat\/internacional\/general\/cicle-de-seminaris-web-le-coin-du-prof-de-linstitut-francais\/\" title=\"Read Cicle de seminaris web Le coin du prof  de l&#8217;Institut Fran\u00e7ais\">Llegeix m\u00e9s\u00bb<\/a><\/p>\n","protected":false},"author":1,"featured_media":13038,"comment_status":"open","ping_status":"closed","sticky":false,"template":"","format":"standard","meta":{"_bbp_topic_count":0,"_bbp_reply_count":0,"_bbp_total_topic_count":0,"_bbp_total_reply_count":0,"_bbp_voice_count":0,"_bbp_anonymous_reply_count":0,"_bbp_topic_count_hidden":0,"_bbp_reply_count_hidden":0,"_bbp_forum_subforum_count":0,"footnotes":""},"categories":[393,1,380,379,29],"tags":[],"class_list":["post-13037","post","type-post","status-publish","format-standard","has-post-thumbnail","hentry","category-accions-de-frances","category-general","category-institut-francais-de-barcelone","category-noticies-de-frances","category-portada"],"post_mailing_queue_ids":[],"_links":{"self":[{"href":"https:\/\/projectes.xtec.cat\/internacional\/wp-json\/wp\/v2\/posts\/13037","targetHints":{"allow":["GET"]}}],"collection":[{"href":"https:\/\/projectes.xtec.cat\/internacional\/wp-json\/wp\/v2\/posts"}],"about":[{"href":"https:\/\/projectes.xtec.cat\/internacional\/wp-json\/wp\/v2\/types\/post"}],"author":[{"embeddable":true,"href":"https:\/\/projectes.xtec.cat\/internacional\/wp-json\/wp\/v2\/users\/1"}],"replies":[{"embeddable":true,"href":"https:\/\/projectes.xtec.cat\/internacional\/wp-json\/wp\/v2\/comments?post=13037"}],"version-history":[{"count":4,"href":"https:\/\/projectes.xtec.cat\/internacional\/wp-json\/wp\/v2\/posts\/13037\/revisions"}],"predecessor-version":[{"id":13044,"href":"https:\/\/projectes.xtec.cat\/internacional\/wp-json\/wp\/v2\/posts\/13037\/revisions\/13044"}],"wp:featuredmedia":[{"embeddable":true,"href":"https:\/\/projectes.xtec.cat\/internacional\/wp-json\/wp\/v2\/media\/13038"}],"wp:attachment":[{"href":"https:\/\/projectes.xtec.cat\/internacional\/wp-json\/wp\/v2\/media?parent=13037"}],"wp:term":[{"taxonomy":"category","embeddable":true,"href":"https:\/\/projectes.xtec.cat\/internacional\/wp-json\/wp\/v2\/categories?post=13037"},{"taxonomy":"post_tag","embeddable":true,"href":"https:\/\/projectes.xtec.cat\/internacional\/wp-json\/wp\/v2\/tags?post=13037"}],"curies":[{"name":"wp","href":"https:\/\/api.w.org\/{rel}","templated":true}]}}