{"id":13076,"date":"2023-12-29T12:43:48","date_gmt":"2023-12-29T11:43:48","guid":{"rendered":"https:\/\/projectes.xtec.cat\/internacional\/?p=13076"},"modified":"2024-01-08T13:54:42","modified_gmt":"2024-01-08T12:54:42","slug":"jornades-per-al-professorat-dalemany-deutschleherinnentag-2023","status":"publish","type":"post","link":"https:\/\/projectes.xtec.cat\/internacional\/general\/jornades-per-al-professorat-dalemany-deutschleherinnentag-2023\/","title":{"rendered":"Jornades per al professorat d&#8217;alemany &#8211; Deutschleher*innentag 2023"},"content":{"rendered":"<p><a href=\"https:\/\/projectes.xtec.cat\/internacional\/wp-content\/uploads\/usu1767\/2023\/12\/DLT.png\"><img loading=\"lazy\" decoding=\"async\" class=\"alignnone wp-image-13078\" src=\"https:\/\/projectes.xtec.cat\/internacional\/wp-content\/uploads\/usu1767\/2023\/12\/DLT-1024x536.png\" alt=\"\" width=\"621\" height=\"325\" srcset=\"https:\/\/projectes.xtec.cat\/internacional\/wp-content\/uploads\/usu1767\/2023\/12\/DLT-1024x536.png 1024w, https:\/\/projectes.xtec.cat\/internacional\/wp-content\/uploads\/usu1767\/2023\/12\/DLT-300x157.png 300w, https:\/\/projectes.xtec.cat\/internacional\/wp-content\/uploads\/usu1767\/2023\/12\/DLT-768x402.png 768w, https:\/\/projectes.xtec.cat\/internacional\/wp-content\/uploads\/usu1767\/2023\/12\/DLT.png 1237w\" sizes=\"auto, (max-width: 621px) 100vw, 621px\" \/><\/a><\/p>\n<p>Un dels esdeveniments m\u00e9s destacats per al professorat d&#8217;alemany del 1r trimestre van ser les Jornades organitzades per al Goethe Institut, Barcelona en col\u00b7laboraci\u00f3 amb el Departament d&#8217;Educaci\u00f3.<\/p>\n<p>&#8220;Deutschlehrertag&#8221; aquest cop es va celebrar els dies 15 i 16 de setembre al Campus de la Ciutadella de la Universitat Pompeu Fabra a Barcelona sota el lema; &#8220;Parlar amb flu\u00efdesa: melodia, accents, articulaci\u00f3&#8221;.<\/p>\n<p>Aquest v\u00eddeo resumeix les impressions i experi\u00e8ncies m\u00e9s destacades d&#8217;aquesta jornada:<\/p>\n<p><iframe loading=\"lazy\" title=\"YouTube video player\" src=\"\/\/www.youtube.com\/embed\/Ra1JGU-s3dQ?si=zus0s5sIxCgtA_yL\" width=\"560\" height=\"315\" frameborder=\"0\" allowfullscreen=\"allowfullscreen\"><\/iframe><\/p>\n<p><a href=\"https:\/\/www.goethe.de\/ins\/es\/de\/spr\/unt\/for\/gia\/deutschlehrerinnentag-2023.html\">Aqu\u00ed<\/a> trobareu el material de les pon\u00e8ncies.<\/p>\n<p>Moltes gr\u00e0cies per participar-hi i us hi esperem a la seg\u00fcent edici\u00f3!<\/p>\n<p>&nbsp;<\/p>\n","protected":false},"excerpt":{"rendered":"<p><a href=\"https:\/\/projectes.xtec.cat\/internacional\/wp-content\/uploads\/usu1767\/2023\/12\/DLT.png\"><\/a><br \/>\nUn dels esdeveniments m\u00e9s destacats per al professorat d&#8217;alemany del 1r trimestre van ser les Jornades organitzades per al Goethe Institut, Barcelona en col\u00b7laboraci\u00f3 amb el Departament d&#8217;Educaci\u00f3.<br \/>\n&#8220;Deutschlehrertag&#8221; aquest cop es va celebrar els dies 15 i 16 de setembre al Campus de la&hellip;  <a href=\"https:\/\/projectes.xtec.cat\/internacional\/general\/jornades-per-al-professorat-dalemany-deutschleherinnentag-2023\/\" title=\"Read Jornades per al professorat d&#8217;alemany &#8211; Deutschleher*innentag 2023\">Llegeix m\u00e9s\u00bb<\/a><\/p>\n","protected":false},"author":1,"featured_media":13078,"comment_status":"open","ping_status":"closed","sticky":false,"template":"","format":"standard","meta":{"_bbp_topic_count":0,"_bbp_reply_count":0,"_bbp_total_topic_count":0,"_bbp_total_reply_count":0,"_bbp_voice_count":0,"_bbp_anonymous_reply_count":0,"_bbp_topic_count_hidden":0,"_bbp_reply_count_hidden":0,"_bbp_forum_subforum_count":0,"footnotes":""},"categories":[1,375,29],"tags":[369,425],"class_list":["post-13076","post","type-post","status-publish","format-standard","has-post-thumbnail","hentry","category-general","category-noticies-dalemany","category-portada","tag-alemany","tag-jornades"],"post_mailing_queue_ids":[],"_links":{"self":[{"href":"https:\/\/projectes.xtec.cat\/internacional\/wp-json\/wp\/v2\/posts\/13076","targetHints":{"allow":["GET"]}}],"collection":[{"href":"https:\/\/projectes.xtec.cat\/internacional\/wp-json\/wp\/v2\/posts"}],"about":[{"href":"https:\/\/projectes.xtec.cat\/internacional\/wp-json\/wp\/v2\/types\/post"}],"author":[{"embeddable":true,"href":"https:\/\/projectes.xtec.cat\/internacional\/wp-json\/wp\/v2\/users\/1"}],"replies":[{"embeddable":true,"href":"https:\/\/projectes.xtec.cat\/internacional\/wp-json\/wp\/v2\/comments?post=13076"}],"version-history":[{"count":6,"href":"https:\/\/projectes.xtec.cat\/internacional\/wp-json\/wp\/v2\/posts\/13076\/revisions"}],"predecessor-version":[{"id":13141,"href":"https:\/\/projectes.xtec.cat\/internacional\/wp-json\/wp\/v2\/posts\/13076\/revisions\/13141"}],"wp:featuredmedia":[{"embeddable":true,"href":"https:\/\/projectes.xtec.cat\/internacional\/wp-json\/wp\/v2\/media\/13078"}],"wp:attachment":[{"href":"https:\/\/projectes.xtec.cat\/internacional\/wp-json\/wp\/v2\/media?parent=13076"}],"wp:term":[{"taxonomy":"category","embeddable":true,"href":"https:\/\/projectes.xtec.cat\/internacional\/wp-json\/wp\/v2\/categories?post=13076"},{"taxonomy":"post_tag","embeddable":true,"href":"https:\/\/projectes.xtec.cat\/internacional\/wp-json\/wp\/v2\/tags?post=13076"}],"curies":[{"name":"wp","href":"https:\/\/api.w.org\/{rel}","templated":true}]}}