{"id":13126,"date":"2024-01-05T16:10:28","date_gmt":"2024-01-05T15:10:28","guid":{"rendered":"https:\/\/projectes.xtec.cat\/internacional\/?p=13126"},"modified":"2024-01-05T16:10:28","modified_gmt":"2024-01-05T15:10:28","slug":"exemple-de-bones-practiques-collaboracio-entre-centres-educatius-de-paris-i-barcelona-amb-global-scholars-i-erasmus","status":"publish","type":"post","link":"https:\/\/projectes.xtec.cat\/internacional\/general\/exemple-de-bones-practiques-collaboracio-entre-centres-educatius-de-paris-i-barcelona-amb-global-scholars-i-erasmus\/","title":{"rendered":"Exemple de bones pr\u00e0ctiques &#8211; col\u00b7laboraci\u00f3 entre centres educatius de Par\u00eds i Barcelona amb Global Scholars i Erasmus+"},"content":{"rendered":"<p><a href=\"https:\/\/projectes.xtec.cat\/internacional\/wp-content\/uploads\/usu1767\/2024\/01\/paris.png\"><img loading=\"lazy\" decoding=\"async\" class=\"alignnone wp-image-13127\" src=\"https:\/\/projectes.xtec.cat\/internacional\/wp-content\/uploads\/usu1767\/2024\/01\/paris-1024x490.png\" alt=\"\" width=\"587\" height=\"281\" srcset=\"https:\/\/projectes.xtec.cat\/internacional\/wp-content\/uploads\/usu1767\/2024\/01\/paris-1024x490.png 1024w, https:\/\/projectes.xtec.cat\/internacional\/wp-content\/uploads\/usu1767\/2024\/01\/paris-300x144.png 300w, https:\/\/projectes.xtec.cat\/internacional\/wp-content\/uploads\/usu1767\/2024\/01\/paris-768x368.png 768w, https:\/\/projectes.xtec.cat\/internacional\/wp-content\/uploads\/usu1767\/2024\/01\/paris.png 1350w\" sizes=\"auto, (max-width: 587px) 100vw, 587px\" \/><\/a><\/p>\n<p>Avui ens plau destacar un dels projectes excepcionals de l&#8217;any 2023 que va reunir amb \u00e8xit dos programes internacionals de renom: <strong>Global Scholars i Erasmus+.<\/strong><\/p>\n<p><strong>Raquel Hern\u00e1ndez<\/strong> <a href=\"https:\/\/www.escolalesacacies.cat\/\">l&#8217;Escola Les Ac\u00e0cies<\/a> de Barcelona i <strong>Michael Combier<\/strong> de <a href=\"https:\/\/pia.ac-paris.fr\/serail\/jcms\/s6_231502\/fr\/accueil\">l&#8217;Escola Georges Brassens<\/a> de Par\u00eds, van integrar la tem\u00e0tica del projecte virtual Global Scholars: &#8220;World of Water&#8221; amb un projecte paral\u00b7lel d&#8217;Erasmus+. Aquesta iniciativa va portar a l&#8217;alumnat dels dos centres educatius a explorar la import\u00e0ncia de l&#8217;aigua, aprofundint en temes com la contaminaci\u00f3 de l&#8217;aigua, els impactes del canvi clim\u00e0tic i acc\u00e9s equitatiu a l&#8217;aigua potable, entre altres. Gr\u00e0cies a la subvenci\u00f3 de la Uni\u00f3 Europea del projecte Erasmus+, un moment culminant d&#8217;aquests dos projectes va ser la trobada f\u00edsica on l&#8217;alumnat i la docent de Barcelona van viatjar a Par\u00eds i conjuntament amb l&#8217;alumnat franc\u00e8s van tenir l&#8217;oportunitat de desenvolupar diverses activitats relacionades amb els dos projectes.<\/p>\n<p>Aquesta col\u00b7laboraci\u00f3 internacional \u00e9s un testimoni viu del poder transformador de la internacionalitzaci\u00f3, educaci\u00f3 global i la cooperaci\u00f3 entre comunitats escolars. Enhorabona a tots els agents implicats en aquesta experi\u00e8ncia singular que ha enriquit la vida dels nois i noies i establert connexions m\u00e9s enll\u00e0 de les aules.<\/p>\n<p>Compartim amb vosaltres la not\u00edcia audiovisual d&#8217;aquesta trobada elaborada per <a href=\"https:\/\/www.bloomberg.org\/\">Bloomberg Philanthropies<\/a>, responsables del projecte Global Scholars:<\/p>\n<p>&nbsp;<\/p>\n<p><iframe loading=\"lazy\" title=\"YouTube video player\" src=\"\/\/www.youtube.com\/embed\/tI2CTAaacjA?si=OYqnpGa9PDyoaDfw\" width=\"560\" height=\"315\" frameborder=\"0\" allowfullscreen=\"allowfullscreen\"><\/iframe><\/p>\n<p>&nbsp;<\/p>\n<p>&nbsp;<\/p>\n","protected":false},"excerpt":{"rendered":"<p><a href=\"https:\/\/projectes.xtec.cat\/internacional\/wp-content\/uploads\/usu1767\/2024\/01\/paris.png\"><\/a><br \/>\nAvui ens plau destacar un dels projectes excepcionals de l&#8217;any 2023 que va reunir amb \u00e8xit dos programes internacionals de renom: Global Scholars i Erasmus+.<br \/>\nRaquel Hern\u00e1ndez <a href=\"https:\/\/www.escolalesacacies.cat\/\">l&#8217;Escola Les Ac\u00e0cies<\/a> de Barcelona i Michael Combier de <a href=\"https:\/\/pia.ac-paris.fr\/serail\/jcms\/s6_231502\/fr\/accueil\">l&#8217;Escola Georges Brassens<\/a> de Par\u00eds, van integrar&hellip;  <a href=\"https:\/\/projectes.xtec.cat\/internacional\/general\/exemple-de-bones-practiques-collaboracio-entre-centres-educatius-de-paris-i-barcelona-amb-global-scholars-i-erasmus\/\" title=\"Read Exemple de bones pr\u00e0ctiques &#8211; col\u00b7laboraci\u00f3 entre centres educatius de Par\u00eds i Barcelona amb Global Scholars i Erasmus+\">Llegeix m\u00e9s\u00bb<\/a><\/p>\n","protected":false},"author":1,"featured_media":13127,"comment_status":"open","ping_status":"closed","sticky":false,"template":"","format":"standard","meta":{"_bbp_topic_count":0,"_bbp_reply_count":0,"_bbp_total_topic_count":0,"_bbp_total_reply_count":0,"_bbp_voice_count":0,"_bbp_anonymous_reply_count":0,"_bbp_topic_count_hidden":0,"_bbp_reply_count_hidden":0,"_bbp_forum_subforum_count":0,"footnotes":""},"categories":[376,1,29],"tags":[373,297,383],"class_list":["post-13126","post","type-post","status-publish","format-standard","has-post-thumbnail","hentry","category-competencia-global","category-general","category-portada","tag-competencia-global","tag-erasmus","tag-global-scholars"],"post_mailing_queue_ids":[],"_links":{"self":[{"href":"https:\/\/projectes.xtec.cat\/internacional\/wp-json\/wp\/v2\/posts\/13126","targetHints":{"allow":["GET"]}}],"collection":[{"href":"https:\/\/projectes.xtec.cat\/internacional\/wp-json\/wp\/v2\/posts"}],"about":[{"href":"https:\/\/projectes.xtec.cat\/internacional\/wp-json\/wp\/v2\/types\/post"}],"author":[{"embeddable":true,"href":"https:\/\/projectes.xtec.cat\/internacional\/wp-json\/wp\/v2\/users\/1"}],"replies":[{"embeddable":true,"href":"https:\/\/projectes.xtec.cat\/internacional\/wp-json\/wp\/v2\/comments?post=13126"}],"version-history":[{"count":6,"href":"https:\/\/projectes.xtec.cat\/internacional\/wp-json\/wp\/v2\/posts\/13126\/revisions"}],"predecessor-version":[{"id":13140,"href":"https:\/\/projectes.xtec.cat\/internacional\/wp-json\/wp\/v2\/posts\/13126\/revisions\/13140"}],"wp:featuredmedia":[{"embeddable":true,"href":"https:\/\/projectes.xtec.cat\/internacional\/wp-json\/wp\/v2\/media\/13127"}],"wp:attachment":[{"href":"https:\/\/projectes.xtec.cat\/internacional\/wp-json\/wp\/v2\/media?parent=13126"}],"wp:term":[{"taxonomy":"category","embeddable":true,"href":"https:\/\/projectes.xtec.cat\/internacional\/wp-json\/wp\/v2\/categories?post=13126"},{"taxonomy":"post_tag","embeddable":true,"href":"https:\/\/projectes.xtec.cat\/internacional\/wp-json\/wp\/v2\/tags?post=13126"}],"curies":[{"name":"wp","href":"https:\/\/api.w.org\/{rel}","templated":true}]}}