{"id":13206,"date":"2024-01-12T13:14:53","date_gmt":"2024-01-12T12:14:53","guid":{"rendered":"https:\/\/projectes.xtec.cat\/internacional\/?p=13206"},"modified":"2024-01-15T14:11:00","modified_gmt":"2024-01-15T13:11:00","slug":"jornada-de-la-inclusion-y-la-diversidad-en-proyectos-ka1-en-educacion-escolar-y-de-personas-adultas","status":"publish","type":"post","link":"https:\/\/projectes.xtec.cat\/internacional\/portada\/jornada-de-la-inclusion-y-la-diversidad-en-proyectos-ka1-en-educacion-escolar-y-de-personas-adultas\/","title":{"rendered":"Jornada del SEPIE sobre la inclusi\u00f3 i la diversitat en projectes KA1 en Educaci\u00f3 Escolar i de Persones Adultes"},"content":{"rendered":"<p><img decoding=\"async\" class=\"aligncenter\" src=\"https:\/\/www.google.com\/url?sa=i&amp;url=http%3A%2F%2Fsepie.es%2Finclusion.html&amp;psig=AOvVaw2buOfZT-CEsK7LASNPO_iB&amp;ust=1705410421759000&amp;source=images&amp;cd=vfe&amp;opi=89978449&amp;ved=0CBIQjRxqFwoTCLCXnYW734MDFQAAAAAdAAAAABAD\" alt=\"\" \/><span style=\"font-family: inherit; font-size: 1em;\">El <\/span><strong style=\"font-family: inherit; font-size: 1em;\">Servicio Espa\u00f1ol para la Internacionalizaci\u00f3n de la Educaci\u00f3n<\/strong><span style=\"font-family: inherit; font-size: 1em;\"> (<\/span><strong style=\"font-family: inherit; font-size: 1em;\">SEPIE<\/strong><span style=\"font-family: inherit; font-size: 1em;\">), organisme que actua com a Ag\u00e8ncia Nacional del programa Erasmus+ de la Uni\u00f3 Europea en els \u00e0mbits de l&#8217;educaci\u00f3 i la formaci\u00f3, i que est\u00e0 adscrit al Ministeri d&#8217;Universitats, organitza una jornada amb el tema <\/span><strong style=\"font-family: inherit; font-size: 1em;\">\u201cLa inclusi\u00f3n y la diversidad en proyectos KA1 en Educaci\u00f3n Escolar y de Personas Adultas\u201d<\/strong><\/p>\n<ul>\n<li style=\"list-style-type: none;\">\n<ul>\n<li style=\"list-style-type: none;\">\n<ul class=\"jornadas\">\n<li><strong>Data de la jornada: <\/strong>31 de gener de 2024.<\/li>\n<li><strong>Programa:\u00a0<a href=\"http:\/\/www.sepie.es\/doc\/comunicacion\/jornadas\/2024\/31_enero\/programa.pdf\">cliqueu per accedir-hi<\/a><\/strong><br \/>\n<i class=\"fa fa-file-pdf-o pdf fa-lg\"><\/i><\/li>\n<li><strong>Format:\u00a0 <\/strong>Online.<\/li>\n<li><strong>Termini d&#8217;inscripci\u00f3: <\/strong>30 de gener de 2024 a las 12:00 (hora peninsular espanyola).<\/li>\n<li><a href=\"https:\/\/sepie.erasmusplus.gob.es\/comunica\/2024\/inclusion_ka1_sch_y_adu\/\">Enlla\u00e7 per inscripci\u00f3<\/a><\/li>\n<\/ul>\n<\/li>\n<\/ul>\n<\/li>\n<\/ul>\n<p>&nbsp;<\/p>\n","protected":false},"excerpt":{"rendered":"<p>El Servicio Espa\u00f1ol para la Internacionalizaci\u00f3n de la Educaci\u00f3n (SEPIE), organisme que actua com a Ag\u00e8ncia Nacional del programa Erasmus+ de la Uni\u00f3 Europea en els \u00e0mbits de l&#8217;educaci\u00f3 i la formaci\u00f3, i que est\u00e0 adscrit al Ministeri d&#8217;Universitats, organitza una jornada amb el tema&hellip;  <a href=\"https:\/\/projectes.xtec.cat\/internacional\/portada\/jornada-de-la-inclusion-y-la-diversidad-en-proyectos-ka1-en-educacion-escolar-y-de-personas-adultas\/\" title=\"Read Jornada del SEPIE sobre la inclusi\u00f3 i la diversitat en projectes KA1 en Educaci\u00f3 Escolar i de Persones Adultes\">Llegeix m\u00e9s\u00bb<\/a><\/p>\n","protected":false},"author":1,"featured_media":0,"comment_status":"open","ping_status":"closed","sticky":false,"template":"","format":"standard","meta":{"_bbp_topic_count":0,"_bbp_reply_count":0,"_bbp_total_topic_count":0,"_bbp_total_reply_count":0,"_bbp_voice_count":0,"_bbp_anonymous_reply_count":0,"_bbp_topic_count_hidden":0,"_bbp_reply_count_hidden":0,"_bbp_forum_subforum_count":0,"footnotes":""},"categories":[312,29,309,436],"tags":[],"class_list":["post-13206","post","type-post","status-publish","format-standard","hentry","category-ka1","category-portada","category-programa-erasmus-2021-2027","category-sepie"],"post_mailing_queue_ids":[],"_links":{"self":[{"href":"https:\/\/projectes.xtec.cat\/internacional\/wp-json\/wp\/v2\/posts\/13206","targetHints":{"allow":["GET"]}}],"collection":[{"href":"https:\/\/projectes.xtec.cat\/internacional\/wp-json\/wp\/v2\/posts"}],"about":[{"href":"https:\/\/projectes.xtec.cat\/internacional\/wp-json\/wp\/v2\/types\/post"}],"author":[{"embeddable":true,"href":"https:\/\/projectes.xtec.cat\/internacional\/wp-json\/wp\/v2\/users\/1"}],"replies":[{"embeddable":true,"href":"https:\/\/projectes.xtec.cat\/internacional\/wp-json\/wp\/v2\/comments?post=13206"}],"version-history":[{"count":6,"href":"https:\/\/projectes.xtec.cat\/internacional\/wp-json\/wp\/v2\/posts\/13206\/revisions"}],"predecessor-version":[{"id":13232,"href":"https:\/\/projectes.xtec.cat\/internacional\/wp-json\/wp\/v2\/posts\/13206\/revisions\/13232"}],"wp:attachment":[{"href":"https:\/\/projectes.xtec.cat\/internacional\/wp-json\/wp\/v2\/media?parent=13206"}],"wp:term":[{"taxonomy":"category","embeddable":true,"href":"https:\/\/projectes.xtec.cat\/internacional\/wp-json\/wp\/v2\/categories?post=13206"},{"taxonomy":"post_tag","embeddable":true,"href":"https:\/\/projectes.xtec.cat\/internacional\/wp-json\/wp\/v2\/tags?post=13206"}],"curies":[{"name":"wp","href":"https:\/\/api.w.org\/{rel}","templated":true}]}}