{"id":13255,"date":"2024-01-19T11:31:23","date_gmt":"2024-01-19T10:31:23","guid":{"rendered":"https:\/\/projectes.xtec.cat\/internacional\/?p=13255"},"modified":"2024-01-19T11:43:14","modified_gmt":"2024-01-19T10:43:14","slug":"sessio-online-del-sepie-sobre-oportunitats-de-mobilitat-erasmus-pel-sector-deducacio-de-persones-adultes","status":"publish","type":"post","link":"https:\/\/projectes.xtec.cat\/internacional\/general\/sessio-online-del-sepie-sobre-oportunitats-de-mobilitat-erasmus-pel-sector-deducacio-de-persones-adultes\/","title":{"rendered":"Sessi\u00f3 online del SEPIE sobre oportunitats de mobilitat Erasmus+ pel sector d&#8217;Educaci\u00f3 de Persones Adultes"},"content":{"rendered":"<p><img loading=\"lazy\" decoding=\"async\" class=\"aligncenter\" src=\"https:\/\/sepie.erasmusplus.gob.es\/comunica\/img\/banner_adu.png\" alt=\"\" width=\"647\" height=\"126\" \/><\/p>\n<p>Arran de l&#8217;especial inter\u00e8s de la Comissi\u00f3 Europea i les ag\u00e8ncies nacionals gestores del programa Erasmus, entre les quals el SEPIE, per fomentar els projectes de mobilitat en el sector d&#8217;Educaci\u00f3 de Persones Adultes, es convoca una sessi\u00f3 informativa online titulada <strong>Oportunidades de movilidad Erasmus+ para el sector de la Educaci\u00f3n de Personas Adultas<\/strong>, dirigida a institucions educatives i altres organitzacions actives en l&#8217;\u00e0mbit de l&#8217;educaci\u00f3 de persones adultes (centres d&#8217;educaci\u00f3 de persones adultes, Escoles Oficial d&#8217;Idiomes, autoritats educatives&#8230;) que vulguin informar-se sobre aquesta q\u00fcesti\u00f3.<\/p>\n<p>Data i hora:\u00a0<strong>5 de febrer de 2024, 12h.<\/strong><\/p>\n<p><strong>Programa<\/strong>: cliqueu aquest\u00a0<a href=\"http:\/\/www.sepie.es\/doc\/comunicacion\/jornadas\/2024\/5_febrero\/programa.pdf\">enlla\u00e7<\/a><\/p>\n<p>Termini per inscripci\u00f3: <strong>2 de febrer de 2024, 12h,<\/strong><\/p>\n<p><a href=\"https:\/\/sepie.erasmusplus.gob.es\/comunica\/2024\/webinario_oportunidades_erasmus_adultos_febrero\/\">Formulari electr\u00f2nic d&#8217;inscripci\u00f3<\/a><\/p>\n","protected":false},"excerpt":{"rendered":"<p>Arran de l&#8217;especial inter\u00e8s de la Comissi\u00f3 Europea i les ag\u00e8ncies nacionals gestores del programa Erasmus, entre les quals el SEPIE, per fomentar els projectes de mobilitat en el sector d&#8217;Educaci\u00f3 de Persones Adultes, es convoca una sessi\u00f3 informativa online titulada Oportunidades de movilidad Erasmus+&hellip;  <a href=\"https:\/\/projectes.xtec.cat\/internacional\/general\/sessio-online-del-sepie-sobre-oportunitats-de-mobilitat-erasmus-pel-sector-deducacio-de-persones-adultes\/\" title=\"Read Sessi\u00f3 online del SEPIE sobre oportunitats de mobilitat Erasmus+ pel sector d&#8217;Educaci\u00f3 de Persones Adultes\">Llegeix m\u00e9s\u00bb<\/a><\/p>\n","protected":false},"author":1,"featured_media":0,"comment_status":"open","ping_status":"closed","sticky":false,"template":"","format":"standard","meta":{"_bbp_topic_count":0,"_bbp_reply_count":0,"_bbp_total_topic_count":0,"_bbp_total_reply_count":0,"_bbp_voice_count":0,"_bbp_anonymous_reply_count":0,"_bbp_topic_count_hidden":0,"_bbp_reply_count_hidden":0,"_bbp_forum_subforum_count":0,"footnotes":""},"categories":[1,29,309,436],"tags":[],"class_list":["post-13255","post","type-post","status-publish","format-standard","hentry","category-general","category-portada","category-programa-erasmus-2021-2027","category-sepie"],"post_mailing_queue_ids":[],"_links":{"self":[{"href":"https:\/\/projectes.xtec.cat\/internacional\/wp-json\/wp\/v2\/posts\/13255","targetHints":{"allow":["GET"]}}],"collection":[{"href":"https:\/\/projectes.xtec.cat\/internacional\/wp-json\/wp\/v2\/posts"}],"about":[{"href":"https:\/\/projectes.xtec.cat\/internacional\/wp-json\/wp\/v2\/types\/post"}],"author":[{"embeddable":true,"href":"https:\/\/projectes.xtec.cat\/internacional\/wp-json\/wp\/v2\/users\/1"}],"replies":[{"embeddable":true,"href":"https:\/\/projectes.xtec.cat\/internacional\/wp-json\/wp\/v2\/comments?post=13255"}],"version-history":[{"count":2,"href":"https:\/\/projectes.xtec.cat\/internacional\/wp-json\/wp\/v2\/posts\/13255\/revisions"}],"predecessor-version":[{"id":13257,"href":"https:\/\/projectes.xtec.cat\/internacional\/wp-json\/wp\/v2\/posts\/13255\/revisions\/13257"}],"wp:attachment":[{"href":"https:\/\/projectes.xtec.cat\/internacional\/wp-json\/wp\/v2\/media?parent=13255"}],"wp:term":[{"taxonomy":"category","embeddable":true,"href":"https:\/\/projectes.xtec.cat\/internacional\/wp-json\/wp\/v2\/categories?post=13255"},{"taxonomy":"post_tag","embeddable":true,"href":"https:\/\/projectes.xtec.cat\/internacional\/wp-json\/wp\/v2\/tags?post=13255"}],"curies":[{"name":"wp","href":"https:\/\/api.w.org\/{rel}","templated":true}]}}