{"id":13261,"date":"2024-01-25T12:10:27","date_gmt":"2024-01-25T11:10:27","guid":{"rendered":"https:\/\/projectes.xtec.cat\/internacional\/?p=13261"},"modified":"2024-01-25T12:23:32","modified_gmt":"2024-01-25T11:23:32","slug":"convocatoria-oberta-premis-europeus-etwinning-2024","status":"publish","type":"post","link":"https:\/\/projectes.xtec.cat\/internacional\/general\/convocatoria-oberta-premis-europeus-etwinning-2024\/","title":{"rendered":"Convocat\u00f2ria oberta &#8211; Premis Europeus eTwinning 2024"},"content":{"rendered":"<p><a href=\"https:\/\/projectes.xtec.cat\/internacional\/wp-content\/uploads\/usu1767\/2024\/01\/premi-E_24.png\"><img loading=\"lazy\" decoding=\"async\" class=\"alignnone wp-image-13262\" src=\"https:\/\/projectes.xtec.cat\/internacional\/wp-content\/uploads\/usu1767\/2024\/01\/premi-E_24.png\" alt=\"\" width=\"360\" height=\"361\" srcset=\"https:\/\/projectes.xtec.cat\/internacional\/wp-content\/uploads\/usu1767\/2024\/01\/premi-E_24.png 532w, https:\/\/projectes.xtec.cat\/internacional\/wp-content\/uploads\/usu1767\/2024\/01\/premi-E_24-300x300.png 300w, https:\/\/projectes.xtec.cat\/internacional\/wp-content\/uploads\/usu1767\/2024\/01\/premi-E_24-150x150.png 150w\" sizes=\"auto, (max-width: 360px) 100vw, 360px\" \/><\/a><\/p>\n<p>Est\u00e0 oberta la convocat\u00f2ria per <strong>sol\u00b7licitar els Premis Europeus eTwinning 2024 fins al 12 de febrer 2024<\/strong>.<\/p>\n<p>Com sabeu, els premis europeus s\u00f3n uns reconeixaments d&#8217;eTwinning que tenen la finalitat de donar visibilitat als projectes europeus eTwinning destacats. L&#8217;objectiu principal \u00e9s descobrir, implementar i promoure <strong>pr\u00e0ctiques innovadores<\/strong>.<\/p>\n<p>Les sol\u00b7licituds es poden presentar en diverses categories:<\/p>\n<ul>\n<li>Categoria per als projectes realitzats amb <strong>alumnat de fins a 6 anys<\/strong>.<\/li>\n<li>Categoria per edats de <strong>7 a 11 any<\/strong>s<\/li>\n<li>Categoria per edats de <strong>12 a 15 anys<\/strong><\/li>\n<li>Categoria per edats de <strong>16 a 19 anys<\/strong><\/li>\n<li>Projectes <strong>d&#8217;educaci\u00f3 i formaci\u00f3 professional inicial<\/strong> (FP inicial)<\/li>\n<\/ul>\n<p><strong>Requisits:<\/strong><\/p>\n<ul>\n<li>Per sol\u00b7licitar el premi, els usuaris han d&#8217;estar registrats i validats a eTwinning.<\/li>\n<li>El formulari de sol\u00b7licitud s&#8217;ha d&#8217;emplenar \u00edntegrament i s&#8217;ha de presentar abans de la data l\u00edmit.<\/li>\n<li>La sol\u00b7licitud ha de referir-se a projectes que hagin estat guardonats amb el <strong>Segell Europeu de Qualitat<\/strong> en qualsevol any de la vida del projecte i que hagin estat actius el curs escolar anterior.<\/li>\n<li>En principi, els projectes nom\u00e9s poden participar una vegada en el proc\u00e9s d&#8217;avaluaci\u00f3 dels Premis eTwinning.<\/li>\n<\/ul>\n<p><strong>Important:<\/strong> <strong>Cada projecte nom\u00e9s pot tenir una candidatura.<\/strong> Per tant, a cada projecte hi ha d&#8217;haver <strong>un acord entre els col\u00b7laboradors i les col\u00b7laboradores per decidir qui presenta la sol\u00b7licitud <\/strong>i envia la candidatura. La resta de persones que pertanyen al projecte poden completar i enriquir la sol\u00b7licitus. S\u2019ha d\u2019adjuntar l\u2019Annex I degudament emplenat i signat per tots i totes participants.<\/p>\n<p>Trobareu m\u00e9s informaci\u00f3 en el seg\u00fcent <a href=\"https:\/\/school-education.ec.europa.eu\/es\/informacion-adicional-sobre-los-premios-europeos-etwinning\">enlla\u00e7.<\/a><\/p>\n<p>Molta sort a tothom!<\/p>\n","protected":false},"excerpt":{"rendered":"<p><a href=\"https:\/\/projectes.xtec.cat\/internacional\/wp-content\/uploads\/usu1767\/2024\/01\/premi-E_24.png\"><\/a><br \/>\nEst\u00e0 oberta la convocat\u00f2ria per sol\u00b7licitar els Premis Europeus eTwinning 2024 fins al 12 de febrer 2024.<br \/>\nCom sabeu, els premis europeus s\u00f3n uns reconeixaments d&#8217;eTwinning que tenen la finalitat de donar visibilitat als projectes europeus eTwinning destacats. L&#8217;objectiu principal \u00e9s descobrir, implementar i promoure&hellip;  <a href=\"https:\/\/projectes.xtec.cat\/internacional\/general\/convocatoria-oberta-premis-europeus-etwinning-2024\/\" title=\"Read Convocat\u00f2ria oberta &#8211; Premis Europeus eTwinning 2024\">Llegeix m\u00e9s\u00bb<\/a><\/p>\n","protected":false},"author":1,"featured_media":13262,"comment_status":"closed","ping_status":"closed","sticky":false,"template":"","format":"standard","meta":{"_bbp_topic_count":0,"_bbp_reply_count":0,"_bbp_total_topic_count":0,"_bbp_total_reply_count":0,"_bbp_voice_count":0,"_bbp_anonymous_reply_count":0,"_bbp_topic_count_hidden":0,"_bbp_reply_count_hidden":0,"_bbp_forum_subforum_count":0,"footnotes":""},"categories":[1,367,29],"tags":[301,384,390],"class_list":["post-13261","post","type-post","status-publish","format-standard","has-post-thumbnail","hentry","category-general","category-noticies-etwinning-etwinning","category-portada","tag-etwinning","tag-premis-etwinning","tag-reconeixements-etwinning"],"post_mailing_queue_ids":[],"_links":{"self":[{"href":"https:\/\/projectes.xtec.cat\/internacional\/wp-json\/wp\/v2\/posts\/13261","targetHints":{"allow":["GET"]}}],"collection":[{"href":"https:\/\/projectes.xtec.cat\/internacional\/wp-json\/wp\/v2\/posts"}],"about":[{"href":"https:\/\/projectes.xtec.cat\/internacional\/wp-json\/wp\/v2\/types\/post"}],"author":[{"embeddable":true,"href":"https:\/\/projectes.xtec.cat\/internacional\/wp-json\/wp\/v2\/users\/1"}],"replies":[{"embeddable":true,"href":"https:\/\/projectes.xtec.cat\/internacional\/wp-json\/wp\/v2\/comments?post=13261"}],"version-history":[{"count":5,"href":"https:\/\/projectes.xtec.cat\/internacional\/wp-json\/wp\/v2\/posts\/13261\/revisions"}],"predecessor-version":[{"id":13274,"href":"https:\/\/projectes.xtec.cat\/internacional\/wp-json\/wp\/v2\/posts\/13261\/revisions\/13274"}],"wp:featuredmedia":[{"embeddable":true,"href":"https:\/\/projectes.xtec.cat\/internacional\/wp-json\/wp\/v2\/media\/13262"}],"wp:attachment":[{"href":"https:\/\/projectes.xtec.cat\/internacional\/wp-json\/wp\/v2\/media?parent=13261"}],"wp:term":[{"taxonomy":"category","embeddable":true,"href":"https:\/\/projectes.xtec.cat\/internacional\/wp-json\/wp\/v2\/categories?post=13261"},{"taxonomy":"post_tag","embeddable":true,"href":"https:\/\/projectes.xtec.cat\/internacional\/wp-json\/wp\/v2\/tags?post=13261"}],"curies":[{"name":"wp","href":"https:\/\/api.w.org\/{rel}","templated":true}]}}