{"id":13372,"date":"2024-02-05T09:19:03","date_gmt":"2024-02-05T08:19:03","guid":{"rendered":"https:\/\/projectes.xtec.cat\/internacional\/?p=13372"},"modified":"2024-02-05T09:28:16","modified_gmt":"2024-02-05T08:28:16","slug":"esep-busca-persones-collaboradores-per-a-les-seves-formacions","status":"publish","type":"post","link":"https:\/\/projectes.xtec.cat\/internacional\/general\/esep-busca-persones-collaboradores-per-a-les-seves-formacions\/","title":{"rendered":"ESEP busca persones col\u00b7laboradores per a les seves formacions"},"content":{"rendered":"<p><a href=\"https:\/\/projectes.xtec.cat\/internacional\/wp-content\/uploads\/usu1767\/2024\/02\/ESEP_experts.png\"><img loading=\"lazy\" decoding=\"async\" class=\"alignnone wp-image-13373\" src=\"https:\/\/projectes.xtec.cat\/internacional\/wp-content\/uploads\/usu1767\/2024\/02\/ESEP_experts.png\" alt=\"\" width=\"523\" height=\"456\" srcset=\"https:\/\/projectes.xtec.cat\/internacional\/wp-content\/uploads\/usu1767\/2024\/02\/ESEP_experts.png 664w, https:\/\/projectes.xtec.cat\/internacional\/wp-content\/uploads\/usu1767\/2024\/02\/ESEP_experts-300x262.png 300w\" sizes=\"auto, (max-width: 523px) 100vw, 523px\" \/><\/a><\/p>\n<p><span class=\"hiddenSpellError\">ESEP<\/span> cerca la col\u00b7laboraci\u00f3 de professionals de l&#8217;educaci\u00f3 i la recerca per contribuir a la configuraci\u00f3 de l&#8217;oferta de formaci\u00f3 de la plataforma d&#8217;aquest any. L&#8217;oportunitat s&#8217;obre per als interessats en el disseny de cursos en l\u00ednia, l&#8217;organitzaci\u00f3 de tallers, la producci\u00f3 de contingut de v\u00eddeo i la realitzaci\u00f3 de presentacions en directe. Aquesta iniciativa t\u00e9 com a objectiu enriquir l&#8217;experi\u00e8ncia educativa del personal docent i millorar les seves compet\u00e8ncies professionals.<\/p>\n<p>Persones interessades han de completar <a href=\"https:\/\/forms.office.com\/pages\/responsepage.aspx?id=8Rgd4hIhz06mfNIK7b0Ys37BufV51YtKtQhCJ1lAT-9UNElEUEFJWkNFMUEzN1o4OU82VVRITUJaWS4u&amp;fbclid=IwAR3k_0Sw8QTtAg4kSSMTt8VxZ3Up1JzGvN0f_9Vtd-S40F09xmndn0Q0sY0\">el seg\u00fcent formulari.\u00a0<\/a><\/p>\n","protected":false},"excerpt":{"rendered":"<p><a href=\"https:\/\/projectes.xtec.cat\/internacional\/wp-content\/uploads\/usu1767\/2024\/02\/ESEP_experts.png\"><\/a><br \/>\nESEP cerca la col\u00b7laboraci\u00f3 de professionals de l&#8217;educaci\u00f3 i la recerca per contribuir a la configuraci\u00f3 de l&#8217;oferta de formaci\u00f3 de la plataforma d&#8217;aquest any. L&#8217;oportunitat s&#8217;obre per als interessats en el disseny de cursos en l\u00ednia, l&#8217;organitzaci\u00f3 de tallers, la producci\u00f3 de contingut&hellip;  <a href=\"https:\/\/projectes.xtec.cat\/internacional\/general\/esep-busca-persones-collaboradores-per-a-les-seves-formacions\/\" title=\"Read ESEP busca persones col\u00b7laboradores per a les seves formacions\">Llegeix m\u00e9s\u00bb<\/a><\/p>\n","protected":false},"author":1,"featured_media":13373,"comment_status":"closed","ping_status":"closed","sticky":false,"template":"","format":"standard","meta":{"_bbp_topic_count":0,"_bbp_reply_count":0,"_bbp_total_topic_count":0,"_bbp_total_reply_count":0,"_bbp_voice_count":0,"_bbp_anonymous_reply_count":0,"_bbp_topic_count_hidden":0,"_bbp_reply_count_hidden":0,"_bbp_forum_subforum_count":0,"footnotes":""},"categories":[295,1,367,29],"tags":[301,362],"class_list":["post-13372","post","type-post","status-publish","format-standard","has-post-thumbnail","hentry","category-etwinning","category-general","category-noticies-etwinning-etwinning","category-portada","tag-etwinning","tag-formacio"],"post_mailing_queue_ids":[],"_links":{"self":[{"href":"https:\/\/projectes.xtec.cat\/internacional\/wp-json\/wp\/v2\/posts\/13372","targetHints":{"allow":["GET"]}}],"collection":[{"href":"https:\/\/projectes.xtec.cat\/internacional\/wp-json\/wp\/v2\/posts"}],"about":[{"href":"https:\/\/projectes.xtec.cat\/internacional\/wp-json\/wp\/v2\/types\/post"}],"author":[{"embeddable":true,"href":"https:\/\/projectes.xtec.cat\/internacional\/wp-json\/wp\/v2\/users\/1"}],"replies":[{"embeddable":true,"href":"https:\/\/projectes.xtec.cat\/internacional\/wp-json\/wp\/v2\/comments?post=13372"}],"version-history":[{"count":6,"href":"https:\/\/projectes.xtec.cat\/internacional\/wp-json\/wp\/v2\/posts\/13372\/revisions"}],"predecessor-version":[{"id":13383,"href":"https:\/\/projectes.xtec.cat\/internacional\/wp-json\/wp\/v2\/posts\/13372\/revisions\/13383"}],"wp:featuredmedia":[{"embeddable":true,"href":"https:\/\/projectes.xtec.cat\/internacional\/wp-json\/wp\/v2\/media\/13373"}],"wp:attachment":[{"href":"https:\/\/projectes.xtec.cat\/internacional\/wp-json\/wp\/v2\/media?parent=13372"}],"wp:term":[{"taxonomy":"category","embeddable":true,"href":"https:\/\/projectes.xtec.cat\/internacional\/wp-json\/wp\/v2\/categories?post=13372"},{"taxonomy":"post_tag","embeddable":true,"href":"https:\/\/projectes.xtec.cat\/internacional\/wp-json\/wp\/v2\/tags?post=13372"}],"curies":[{"name":"wp","href":"https:\/\/api.w.org\/{rel}","templated":true}]}}