{"id":13384,"date":"2024-02-05T11:50:01","date_gmt":"2024-02-05T10:50:01","guid":{"rendered":"https:\/\/projectes.xtec.cat\/internacional\/?p=13384"},"modified":"2024-02-05T11:50:36","modified_gmt":"2024-02-05T10:50:36","slug":"premis-europa-jove-i-que-es-per-a-tu-europa-dirigits-a-estudiants-de-segon-cicle-deso-batxillerat-i-fp-sobre-tematica-europea","status":"publish","type":"post","link":"https:\/\/projectes.xtec.cat\/internacional\/portada\/premis-europa-jove-i-que-es-per-a-tu-europa-dirigits-a-estudiants-de-segon-cicle-deso-batxillerat-i-fp-sobre-tematica-europea\/","title":{"rendered":"Premis &#8220;EUROPA JOVE&#8221; i &#8220;QU\u00c8 \u00c9S PER A TU EUROPA?&#8221; dirigits a estudiants de segon cicle d&#8217;ESO, Batxillerat i FP sobre tem\u00e0tica europea"},"content":{"rendered":"<p><img decoding=\"async\" src=\"https:\/\/www.catalunyaeuropa.net\/admin\/assets\/uploads\/files\/cfdfe-twitter_1024x512esta-tica.jpg\" alt=\"Fundaci\u00f3 Catalunya Europa\" \/><\/p>\n<p style=\"font-weight: 400;\">S&#8217;ha convocat\u00a0 la\u00a0<strong><a href=\"https:\/\/www.catalunyaeuropa.cat\/ca\/activitats\/310\/convocat-el-premi-europa-jove-2024-per-a-treballs-de-recerca-de-batxillerat.html\" data-saferedirecturl=\"https:\/\/www.google.com\/url?q=https:\/\/www.catalunyaeuropa.cat\/ca\/activitats\/310\/convocat-el-premi-europa-jove-2024-per-a-treballs-de-recerca-de-batxillerat.html&amp;source=gmail&amp;ust=1707214189825000&amp;usg=AOvVaw0nmKbTJ3MlROpPTmJJRyEs\">3a edici\u00f3 del Premi \u201cEuropa Jove\u201d <\/a><\/strong><span style=\"font-family: inherit; font-size: 1em;\">que reconeix <\/span><strong style=\"font-family: inherit; font-size: 1em;\">treballs de recerca<\/strong><span style=\"font-family: inherit; font-size: 1em;\">\u00a0de batxillerat de tem\u00e0tica europea.<\/span><\/p>\n<p style=\"font-weight: 400;\">Data l\u00edmit per presentar treballs\u00a0<strong>fins el 8 d\u2019abril del 2024<\/strong>\u00a0a trav\u00e9s del\u00a0<a href=\"https:\/\/ec.europa.eu\/eusurvey\/runner\/PremiEuropaJove?showecas=true\" data-saferedirecturl=\"https:\/\/www.google.com\/url?q=https:\/\/ec.europa.eu\/eusurvey\/runner\/PremiEuropaJove?showecas%3Dtrue&amp;source=gmail&amp;ust=1707214189825000&amp;usg=AOvVaw3twxllTdch0UsSXCh-WcIr\">FORMULARI DE SOL\u00b7LICITUD<\/a>.<\/p>\n<p><img decoding=\"async\" src=\"https:\/\/www.catalunyaeuropa.net\/php\/rz.php?src=https:\/\/www.catalunyaeuropa.net\/admin\/assets\/uploads\/files\/d6965-flyerque-es-per-tu-europa2023v3_2.jpg&amp;w=900&amp;q=80&amp;zc=1\" alt=\"Fundaci\u00f3 Catalunya Europa\" \/><\/p>\n<p style=\"font-weight: 400;\">S&#8217;ha convocat tamb\u00e9 la <strong><a href=\"https:\/\/www.catalunyaeuropa.cat\/ca\/activitats\/327\/convocada-la-4a-edici%C3%B3-del-premi-qu%C3%A8-%C3%A9s-per-a-tu-europa-2024.html\" data-saferedirecturl=\"https:\/\/www.google.com\/url?q=https:\/\/www.catalunyaeuropa.cat\/ca\/activitats\/327\/convocada-la-4a-edici%25C3%25B3-del-premi-qu%25C3%25A8-%25C3%25A9s-per-a-tu-europa-2024.html&amp;source=gmail&amp;ust=1707214189825000&amp;usg=AOvVaw33nosl3jcudHVvl1ppkVxk\">4a edici\u00f3 del Premi \u201cQu\u00e8 \u00e9s per a tu Europa?\u201d<\/a><\/strong>\u00a0dirigit a segon cicle de secund\u00e0ria, batxillerat i FP que a trav\u00e9s de la\u00a0<strong>fotografia, v\u00eddeo o altres formats art\u00edstics<\/strong>\u00a0han d\u2019expressar la seva idea d\u2019Europa.<\/p>\n<p style=\"font-weight: 400;\">Data l\u00edmit per presentar creacions\u00a0<strong>fins el 8 d\u2019abril del 2024<\/strong>\u00a0a trav\u00e9s del\u00a0<a href=\"https:\/\/forms.gle\/PUrMrrQBeRiX8pqX7\" data-saferedirecturl=\"https:\/\/www.google.com\/url?q=https:\/\/forms.gle\/PUrMrrQBeRiX8pqX7&amp;source=gmail&amp;ust=1707214189825000&amp;usg=AOvVaw0_mQqBurA1oxe95NgdLHwo\">FORMULARI DE SOL\u00b7LICITUD<\/a>.<\/p>\n<p>&nbsp;<\/p>\n","protected":false},"excerpt":{"rendered":"<p>S&#8217;ha convocat\u00a0 la\u00a0<a href=\"https:\/\/www.catalunyaeuropa.cat\/ca\/activitats\/310\/convocat-el-premi-europa-jove-2024-per-a-treballs-de-recerca-de-batxillerat.html\" data-saferedirecturl=\"https:\/\/www.google.com\/url?q=https:\/\/www.catalunyaeuropa.cat\/ca\/activitats\/310\/convocat-el-premi-europa-jove-2024-per-a-treballs-de-recerca-de-batxillerat.html&amp;source=gmail&amp;ust=1707214189825000&amp;usg=AOvVaw0nmKbTJ3MlROpPTmJJRyEs\">3a edici\u00f3 del Premi \u201cEuropa Jove\u201d <\/a>que reconeix treballs de recerca\u00a0de batxillerat de tem\u00e0tica europea.<br \/>\nData l\u00edmit per presentar treballs\u00a0fins el 8 d\u2019abril del 2024\u00a0a trav\u00e9s del\u00a0<a href=\"https:\/\/ec.europa.eu\/eusurvey\/runner\/PremiEuropaJove?showecas=true\" data-saferedirecturl=\"https:\/\/www.google.com\/url?q=https:\/\/ec.europa.eu\/eusurvey\/runner\/PremiEuropaJove?showecas%3Dtrue&amp;source=gmail&amp;ust=1707214189825000&amp;usg=AOvVaw3twxllTdch0UsSXCh-WcIr\">FORMULARI DE SOL\u00b7LICITUD<\/a>.<\/p>\n<p>S&#8217;ha convocat tamb\u00e9 la <a href=\"https:\/\/www.catalunyaeuropa.cat\/ca\/activitats\/327\/convocada-la-4a-edici%C3%B3-del-premi-qu%C3%A8-%C3%A9s-per-a-tu-europa-2024.html\" data-saferedirecturl=\"https:\/\/www.google.com\/url?q=https:\/\/www.catalunyaeuropa.cat\/ca\/activitats\/327\/convocada-la-4a-edici%25C3%25B3-del-premi-qu%25C3%25A8-%25C3%25A9s-per-a-tu-europa-2024.html&amp;source=gmail&amp;ust=1707214189825000&amp;usg=AOvVaw33nosl3jcudHVvl1ppkVxk\">4a edici\u00f3 del Premi \u201cQu\u00e8 \u00e9s&hellip;  <a href=\"https:\/\/projectes.xtec.cat\/internacional\/portada\/premis-europa-jove-i-que-es-per-a-tu-europa-dirigits-a-estudiants-de-segon-cicle-deso-batxillerat-i-fp-sobre-tematica-europea\/\" title=\"Read Premis &#8220;EUROPA JOVE&#8221; i &#8220;QU\u00c8 \u00c9S PER A TU EUROPA?&#8221; dirigits a estudiants de segon cicle d&#8217;ESO, Batxillerat i FP sobre tem\u00e0tica europea\">Llegeix m\u00e9s\u00bb<\/a><\/p>\n","protected":false},"author":1,"featured_media":0,"comment_status":"open","ping_status":"closed","sticky":false,"template":"","format":"standard","meta":{"_bbp_topic_count":0,"_bbp_reply_count":0,"_bbp_total_topic_count":0,"_bbp_total_reply_count":0,"_bbp_voice_count":0,"_bbp_anonymous_reply_count":0,"_bbp_topic_count_hidden":0,"_bbp_reply_count_hidden":0,"_bbp_forum_subforum_count":0,"footnotes":""},"categories":[66,29],"tags":[],"class_list":["post-13384","post","type-post","status-publish","format-standard","hentry","category-dinamitzacio","category-portada"],"post_mailing_queue_ids":[],"_links":{"self":[{"href":"https:\/\/projectes.xtec.cat\/internacional\/wp-json\/wp\/v2\/posts\/13384","targetHints":{"allow":["GET"]}}],"collection":[{"href":"https:\/\/projectes.xtec.cat\/internacional\/wp-json\/wp\/v2\/posts"}],"about":[{"href":"https:\/\/projectes.xtec.cat\/internacional\/wp-json\/wp\/v2\/types\/post"}],"author":[{"embeddable":true,"href":"https:\/\/projectes.xtec.cat\/internacional\/wp-json\/wp\/v2\/users\/1"}],"replies":[{"embeddable":true,"href":"https:\/\/projectes.xtec.cat\/internacional\/wp-json\/wp\/v2\/comments?post=13384"}],"version-history":[{"count":3,"href":"https:\/\/projectes.xtec.cat\/internacional\/wp-json\/wp\/v2\/posts\/13384\/revisions"}],"predecessor-version":[{"id":13387,"href":"https:\/\/projectes.xtec.cat\/internacional\/wp-json\/wp\/v2\/posts\/13384\/revisions\/13387"}],"wp:attachment":[{"href":"https:\/\/projectes.xtec.cat\/internacional\/wp-json\/wp\/v2\/media?parent=13384"}],"wp:term":[{"taxonomy":"category","embeddable":true,"href":"https:\/\/projectes.xtec.cat\/internacional\/wp-json\/wp\/v2\/categories?post=13384"},{"taxonomy":"post_tag","embeddable":true,"href":"https:\/\/projectes.xtec.cat\/internacional\/wp-json\/wp\/v2\/tags?post=13384"}],"curies":[{"name":"wp","href":"https:\/\/api.w.org\/{rel}","templated":true}]}}