{"id":13424,"date":"2024-02-08T11:13:18","date_gmt":"2024-02-08T10:13:18","guid":{"rendered":"https:\/\/projectes.xtec.cat\/internacional\/?p=13424"},"modified":"2024-02-08T11:13:50","modified_gmt":"2024-02-08T10:13:50","slug":"25-3-2024-dia-dels-autors-europeus","status":"publish","type":"post","link":"https:\/\/projectes.xtec.cat\/internacional\/portada\/25-3-2024-dia-dels-autors-europeus\/","title":{"rendered":"25\/3\/2024: Dia dels Autors Europeus"},"content":{"rendered":"<p><img loading=\"lazy\" decoding=\"async\" class=\"\" src=\"https:\/\/culture.ec.europa.eu\/sites\/default\/files\/styles\/eac_ratio_16_9_xl\/public\/2023-02\/day-authors-2023.png?h=8abcec71&amp;itok=BFOccToD\" alt=\"Various figures from literature in miniature on top of a book with the EU stars\" width=\"769\" height=\"432\" \/><\/p>\n<p>El\u00a0<strong>25 de mar\u00e7 de 2024<\/strong> se celebra la segona edici\u00f3 del <strong>Dia dels Autors Europeus<\/strong>. Aquesta iniciativa de la <strong>Comissi\u00f3 Europea<\/strong> celebra i ajuda les generacions m\u00e9s joves a explorar la gran diversitat de la literatura europea i a fomentar la compet\u00e8ncia lectora. Aquesta iniciativa permet que els estudiants participin en activitats com con\u00e8ixer autors, aprendre sobre el proc\u00e9s de publicaci\u00f3, compartir les seves experi\u00e8ncies, entre d&#8217;altres.<\/p>\n<p>En aquesta <a style=\"color: #2795b6;\" href=\"https:\/\/culture.ec.europa.eu\/cultural-and-creative-sectors\/books-and-publishing\/day-of-european-authors\" data-saferedirecturl=\"https:\/\/www.google.com\/url?q=https:\/\/culture.ec.europa.eu\/cultural-and-creative-sectors\/books-and-publishing\/day-of-european-authors&amp;source=gmail&amp;ust=1707468304458000&amp;usg=AOvVaw1ngCxuEKAheEOkclPMFtS8\">web<\/a> es pot trobar informaci\u00f3 sobre com poden participar els centres educatius, biblioteques i altres organitzacions. Podeu consultar aquest <a href=\"https:\/\/ec.europa.eu\/assets\/eac\/culture\/day-of-european-authors\/factsheet-2023-day-of-eu-authors.pdf\" data-saferedirecturl=\"https:\/\/www.google.com\/url?q=https:\/\/ec.europa.eu\/assets\/eac\/culture\/day-of-european-authors\/factsheet-2023-day-of-eu-authors.pdf&amp;source=gmail&amp;ust=1707468304458000&amp;usg=AOvVaw3sQH3_zpNdtMLnt-PBy45g\">fullet\u00f3 informatiu<\/a>, i algunes <a href=\"https:\/\/ec.europa.eu\/assets\/eac\/culture\/day-of-european-authors\/2024-day-of-european-authors-get-inspired.pdf\" data-saferedirecturl=\"https:\/\/www.google.com\/url?q=https:\/\/ec.europa.eu\/assets\/eac\/culture\/day-of-european-authors\/2024-day-of-european-authors-get-inspired.pdf&amp;source=gmail&amp;ust=1707468304458000&amp;usg=AOvVaw32TiD1hfswPp8XDmsSt4HX\">hist\u00f2ries inspiradores<\/a> de la primera edici\u00f3.<\/p>\n<p>Per enregistrar una activitat de lectura heu d&#8217;emplenar aquest <a href=\"https:\/\/ec.europa.eu\/eusurvey\/runner\/EuropeanAuthors2024\">FORMULARI<\/a><\/p>\n<p style=\"font-weight: 400;\">La participaci\u00f3 en aquesta mena d&#8217;iniciatives i campanyes incrementa la qualitat de la difusi\u00f3 dels projectes Erasmus+, cosa que es pot recollir en els informes finals.<\/p>\n<p>Animeu-vos a participar!<\/p>\n<p style=\"font-weight: 400;\"><a href=\"https:\/\/twitter.com\/hashtag\/ReadWithEurope?src=hashtag_click\" data-saferedirecturl=\"https:\/\/www.google.com\/url?q=https:\/\/twitter.com\/hashtag\/ReadWithEurope?src%3Dhashtag_click&amp;source=gmail&amp;ust=1707468304458000&amp;usg=AOvVaw0t02h1cfoTL-OkVx4RRpXW\">#ReadWithEurope<\/a>\u00a0<a href=\"https:\/\/twitter.com\/hashtag\/LeeConEuropa?src=hashtag_click\">#LeeConEuropa<\/a><\/p>\n<p style=\"font-weight: 400;\">\n","protected":false},"excerpt":{"rendered":"<p>El\u00a025 de mar\u00e7 de 2024 se celebra la segona edici\u00f3 del Dia dels Autors Europeus. Aquesta iniciativa de la Comissi\u00f3 Europea celebra i ajuda les generacions m\u00e9s joves a explorar la gran diversitat de la literatura europea i a fomentar la compet\u00e8ncia lectora. Aquesta iniciativa&hellip;  <a href=\"https:\/\/projectes.xtec.cat\/internacional\/portada\/25-3-2024-dia-dels-autors-europeus\/\" title=\"Read 25\/3\/2024: Dia dels Autors Europeus\">Llegeix m\u00e9s\u00bb<\/a><\/p>\n","protected":false},"author":1,"featured_media":0,"comment_status":"open","ping_status":"closed","sticky":false,"template":"","format":"standard","meta":{"_bbp_topic_count":0,"_bbp_reply_count":0,"_bbp_total_topic_count":0,"_bbp_total_reply_count":0,"_bbp_voice_count":0,"_bbp_anonymous_reply_count":0,"_bbp_topic_count_hidden":0,"_bbp_reply_count_hidden":0,"_bbp_forum_subforum_count":0,"footnotes":""},"categories":[311,29,309,436],"tags":[],"class_list":["post-13424","post","type-post","status-publish","format-standard","hentry","category-erasmus","category-portada","category-programa-erasmus-2021-2027","category-sepie"],"post_mailing_queue_ids":[],"_links":{"self":[{"href":"https:\/\/projectes.xtec.cat\/internacional\/wp-json\/wp\/v2\/posts\/13424","targetHints":{"allow":["GET"]}}],"collection":[{"href":"https:\/\/projectes.xtec.cat\/internacional\/wp-json\/wp\/v2\/posts"}],"about":[{"href":"https:\/\/projectes.xtec.cat\/internacional\/wp-json\/wp\/v2\/types\/post"}],"author":[{"embeddable":true,"href":"https:\/\/projectes.xtec.cat\/internacional\/wp-json\/wp\/v2\/users\/1"}],"replies":[{"embeddable":true,"href":"https:\/\/projectes.xtec.cat\/internacional\/wp-json\/wp\/v2\/comments?post=13424"}],"version-history":[{"count":1,"href":"https:\/\/projectes.xtec.cat\/internacional\/wp-json\/wp\/v2\/posts\/13424\/revisions"}],"predecessor-version":[{"id":13425,"href":"https:\/\/projectes.xtec.cat\/internacional\/wp-json\/wp\/v2\/posts\/13424\/revisions\/13425"}],"wp:attachment":[{"href":"https:\/\/projectes.xtec.cat\/internacional\/wp-json\/wp\/v2\/media?parent=13424"}],"wp:term":[{"taxonomy":"category","embeddable":true,"href":"https:\/\/projectes.xtec.cat\/internacional\/wp-json\/wp\/v2\/categories?post=13424"},{"taxonomy":"post_tag","embeddable":true,"href":"https:\/\/projectes.xtec.cat\/internacional\/wp-json\/wp\/v2\/tags?post=13424"}],"curies":[{"name":"wp","href":"https:\/\/api.w.org\/{rel}","templated":true}]}}