{"id":13530,"date":"2024-03-05T14:33:41","date_gmt":"2024-03-05T13:33:41","guid":{"rendered":"https:\/\/projectes.xtec.cat\/internacional\/?p=13530"},"modified":"2024-03-07T11:13:39","modified_gmt":"2024-03-07T10:13:39","slug":"the-principles-of-well-being-for-school-leaders-taller-per-a-direccions-de-etwinning-schools","status":"publish","type":"post","link":"https:\/\/projectes.xtec.cat\/internacional\/general\/the-principles-of-well-being-for-school-leaders-taller-per-a-direccions-de-etwinning-schools\/","title":{"rendered":"The Principles of Well-being for School Leaders &#8211; Taller per a les direccions de eTwinning schools"},"content":{"rendered":"<p><a href=\"https:\/\/projectes.xtec.cat\/internacional\/wp-content\/uploads\/usu1767\/2024\/03\/taller_direccions.png\"><img loading=\"lazy\" decoding=\"async\" class=\"alignnone wp-image-13531\" src=\"https:\/\/projectes.xtec.cat\/internacional\/wp-content\/uploads\/usu1767\/2024\/03\/taller_direccions-1024x270.png\" alt=\"\" width=\"717\" height=\"189\" srcset=\"https:\/\/projectes.xtec.cat\/internacional\/wp-content\/uploads\/usu1767\/2024\/03\/taller_direccions-1024x270.png 1024w, https:\/\/projectes.xtec.cat\/internacional\/wp-content\/uploads\/usu1767\/2024\/03\/taller_direccions-300x79.png 300w, https:\/\/projectes.xtec.cat\/internacional\/wp-content\/uploads\/usu1767\/2024\/03\/taller_direccions-768x202.png 768w, https:\/\/projectes.xtec.cat\/internacional\/wp-content\/uploads\/usu1767\/2024\/03\/taller_direccions-1536x404.png 1536w, https:\/\/projectes.xtec.cat\/internacional\/wp-content\/uploads\/usu1767\/2024\/03\/taller_direccions.png 1819w\" sizes=\"auto, (max-width: 717px) 100vw, 717px\" \/><\/a><\/p>\n<p>El Servei Central de Suport eTwinning ha organitzat un taller de desenvolupament professional destinat <strong>a les direccions de centres eTwinning<\/strong>.<\/p>\n<p>L&#8217;esdeveniment es desenvolupar\u00e0 en l\u00ednia durant els dies <strong>22 i 23 de mar\u00e7<\/strong> i es titula: <strong>\u201cThe principles of well-being for school leaders\u201d.<\/strong><\/p>\n<p>Els l\u00edders escolars tenen un paper essencial en la configuraci\u00f3 tant de l&#8217;\u00e8xit acad\u00e8mic com del benestar general de l&#8217;alumnat, del professorat i de tota la comunitat escolar. Per aconseguir-ho, han de posseir fortes habilitats comunicatives per establir relacions i fomentar la col\u00b7laboraci\u00f3 dins i fora de l&#8217;entorn escolar.\u00a0 En aquest context, el taller en l\u00ednia pret\u00e9n oferir un espai perqu\u00e8 els responsables escolars de centres eTwinning debatin i explorin els diferents aspectes del benestar, englobant tant perspectives personals com institucionals.<\/p>\n<p>\u00c9s important que els participants tinguin un nivell d&#8217;angl\u00e8s que els permeti assistir i participar en les diferents sessions. A m\u00e9s de les sessions plen\u00e0ries, els i les interessats hauran de triar dos tallers a l&#8217;hora de fer el registre. <a href=\"https:\/\/projectes.xtec.cat\/internacional\/wp-content\/uploads\/usu1767\/2024\/03\/The-Principles-of-Well-being-for-School-Leaders.pdf\" target=\"_blank\" rel=\"noopener\">Aqu\u00ed <\/a> trobareu el programa provisional de l&#8217;esdeveniment.<\/p>\n<p><strong>El per\u00edode d&#8217;inscripci\u00f3 estar\u00e0 obert fins al 13 de mar\u00e7 i es pot fer a trav\u00e9s <a href=\"https:\/\/eu.eventscloud.com\/ereg\/index.php?eventid=200273326&amp;#\" target=\"_blank\" rel=\"noopener\">del seg\u00fcent enlla\u00e7<\/a>.<\/strong><\/p>\n<p>L&#8217;admissi\u00f3 en l&#8217;esdeveniment est\u00e0 subjecta a la validaci\u00f3 per part del SNA i la nostra acceptaci\u00f3, per la qual cosa la inscripci\u00f3 no suposa el registre definitiu en l&#8217;esdeveniment.<\/p>\n<p>Us animem a participar-hi!<\/p>\n<p>&nbsp;<\/p>\n","protected":false},"excerpt":{"rendered":"<p><a href=\"https:\/\/projectes.xtec.cat\/internacional\/wp-content\/uploads\/usu1767\/2024\/03\/taller_direccions.png\"><\/a><br \/>\nEl Servei Central de Suport eTwinning ha organitzat un taller de desenvolupament professional destinat a les direccions de centres eTwinning.<br \/>\nL&#8217;esdeveniment es desenvolupar\u00e0 en l\u00ednia durant els dies 22 i 23 de mar\u00e7 i es titula: \u201cThe principles of well-being for school leaders\u201d.<br \/>\nEls l\u00edders escolars&hellip;  <a href=\"https:\/\/projectes.xtec.cat\/internacional\/general\/the-principles-of-well-being-for-school-leaders-taller-per-a-direccions-de-etwinning-schools\/\" title=\"Read The Principles of Well-being for School Leaders &#8211; Taller per a les direccions de eTwinning schools\">Llegeix m\u00e9s\u00bb<\/a><\/p>\n","protected":false},"author":1,"featured_media":13531,"comment_status":"open","ping_status":"closed","sticky":false,"template":"","format":"standard","meta":{"_bbp_topic_count":0,"_bbp_reply_count":0,"_bbp_total_topic_count":0,"_bbp_total_reply_count":0,"_bbp_voice_count":0,"_bbp_anonymous_reply_count":0,"_bbp_topic_count_hidden":0,"_bbp_reply_count_hidden":0,"_bbp_forum_subforum_count":0,"footnotes":""},"categories":[1,367,29],"tags":[301],"class_list":["post-13530","post","type-post","status-publish","format-standard","has-post-thumbnail","hentry","category-general","category-noticies-etwinning-etwinning","category-portada","tag-etwinning"],"post_mailing_queue_ids":[],"_links":{"self":[{"href":"https:\/\/projectes.xtec.cat\/internacional\/wp-json\/wp\/v2\/posts\/13530","targetHints":{"allow":["GET"]}}],"collection":[{"href":"https:\/\/projectes.xtec.cat\/internacional\/wp-json\/wp\/v2\/posts"}],"about":[{"href":"https:\/\/projectes.xtec.cat\/internacional\/wp-json\/wp\/v2\/types\/post"}],"author":[{"embeddable":true,"href":"https:\/\/projectes.xtec.cat\/internacional\/wp-json\/wp\/v2\/users\/1"}],"replies":[{"embeddable":true,"href":"https:\/\/projectes.xtec.cat\/internacional\/wp-json\/wp\/v2\/comments?post=13530"}],"version-history":[{"count":6,"href":"https:\/\/projectes.xtec.cat\/internacional\/wp-json\/wp\/v2\/posts\/13530\/revisions"}],"predecessor-version":[{"id":13556,"href":"https:\/\/projectes.xtec.cat\/internacional\/wp-json\/wp\/v2\/posts\/13530\/revisions\/13556"}],"wp:featuredmedia":[{"embeddable":true,"href":"https:\/\/projectes.xtec.cat\/internacional\/wp-json\/wp\/v2\/media\/13531"}],"wp:attachment":[{"href":"https:\/\/projectes.xtec.cat\/internacional\/wp-json\/wp\/v2\/media?parent=13530"}],"wp:term":[{"taxonomy":"category","embeddable":true,"href":"https:\/\/projectes.xtec.cat\/internacional\/wp-json\/wp\/v2\/categories?post=13530"},{"taxonomy":"post_tag","embeddable":true,"href":"https:\/\/projectes.xtec.cat\/internacional\/wp-json\/wp\/v2\/tags?post=13530"}],"curies":[{"name":"wp","href":"https:\/\/api.w.org\/{rel}","templated":true}]}}