{"id":13542,"date":"2024-03-05T14:39:51","date_gmt":"2024-03-05T13:39:51","guid":{"rendered":"https:\/\/projectes.xtec.cat\/internacional\/?p=13542"},"modified":"2024-03-07T11:13:24","modified_gmt":"2024-03-07T10:13:24","slug":"webinari-le-coin-du-prof-edicio-2024-del-concurs-portavoz","status":"publish","type":"post","link":"https:\/\/projectes.xtec.cat\/internacional\/portada\/webinari-le-coin-du-prof-edicio-2024-del-concurs-portavoz\/","title":{"rendered":"Webinar &#8220;Le coin du prof&#8221;- Edici\u00f3 2024 del concurs Portavoz. Institut Fran\u00e7ais d&#8217;Espagne"},"content":{"rendered":"<p>&nbsp;<\/p>\n<p><img decoding=\"async\" src=\"https:\/\/www.institutfrancais.es\/wp-content\/uploads\/2024\/01\/banner-site-web-webinaires-2-2-scaled.gif\" alt=\"Le coin du prof\" \/><\/p>\n<p>&nbsp;<\/p>\n<p style=\"font-weight: 400;\">El servei de cooperaci\u00f3 educativa i ling\u00fc\u00edstica de l&#8217;<strong>Institut Franc\u00e8s d&#8217;Espanya<\/strong> torna amb el seu cicle de webinars informatius sobre les seves activitats a Espanya.<\/p>\n<p style=\"font-weight: 400;\">El\u00a0<strong><u>dilluns 11 de mar\u00e7 a les 17:30h<\/u><\/strong>\u00a0tindr\u00e0 lloc el quart webinar sobre el llan\u00e7ament de l&#8217;edici\u00f3 2024 del<strong> Concurs Portavoz<\/strong>. El concurs Portavoz t\u00e9 com a objectiu promoure la igualtat, el respecte i el pluriling\u00fcisme a trav\u00e9s de la fotografia. El nou tema de l&#8217;any ser\u00e0 anunciat durant el webinar i comptarem amb la intervenci\u00f3 de la madrina d&#8217;aquesta edici\u00f3, la fot\u00f2grafa Catalina Martin Chico. M\u00e9s informaci\u00f3 sobre el concurs:\u00a0<a href=\"https:\/\/concursoportavoz.org\/\" data-saferedirecturl=\"https:\/\/www.google.com\/url?q=https:\/\/concursoportavoz.org\/&amp;source=gmail&amp;ust=1709729105317000&amp;usg=AOvVaw2zsAG5wUliWfdgdduZhowu\">https:\/\/concursoportavoz.org\/<\/a><\/p>\n<p style=\"font-weight: 400;\">Per participar al webinar, inscriviu-vos al seg\u00fcent enlla\u00e7:\u00a0<a href=\"https:\/\/us06web.zoom.us\/webinar\/register\/WN_wd4PfPlaTfWcgWq6oOWzVg\" data-saferedirecturl=\"https:\/\/www.google.com\/url?q=https:\/\/us06web.zoom.us\/webinar\/register\/WN_wd4PfPlaTfWcgWq6oOWzVg&amp;source=gmail&amp;ust=1709729105317000&amp;usg=AOvVaw0IFl5RQ6aEt-zZrvT3NF3p\">https:\/\/us06web.zoom.us\/webinar\/register\/WN_wd4PfPlaTfWcgWq6oOWzVg<\/a>.\u00a0 Rebr\u00e0 la informaci\u00f3 per connectar-se despr\u00e9s de la inscripci\u00f3.<\/p>\n<p>Podeu trobar les gravacions dels webinars anteriors a la p\u00e0gina de Youtube: <a href=\"https:\/\/youtube.com\/playlist?list=PL9-ADzojOAQePahpsuBptMFQ3r6eP8-Jk&amp;feature=shared\" target=\"_blank\" rel=\"noopener\" data-saferedirecturl=\"https:\/\/www.google.com\/url?q=https:\/\/youtube.com\/playlist?list%3DPL9-ADzojOAQePahpsuBptMFQ3r6eP8-Jk%26feature%3Dshared&amp;source=gmail&amp;ust=1709729105317000&amp;usg=AOvVaw2TXH7r6v3P6PDzGMpQn9pM\">https:\/\/youtube.com\/playlist?<wbr \/>list=PL9-<wbr \/>ADzojOAQePahpsuBptMFQ3r6eP8-<wbr \/>Jk&amp;feature=shared<\/a><\/p>\n<p><img decoding=\"async\" src=\"https:\/\/www.institutfrancais.es\/wp-content\/uploads\/2024\/01\/banner-site-web-webinaires-2-2-scaled.gif\" alt=\"Le coin du prof\" \/><\/p>\n","protected":false},"excerpt":{"rendered":"<p>&nbsp;<\/p>\n<p>&nbsp;<br \/>\nEl servei de cooperaci\u00f3 educativa i ling\u00fc\u00edstica de l&#8217;Institut Franc\u00e8s d&#8217;Espanya torna amb el seu cicle de webinars informatius sobre les seves activitats a Espanya.<br \/>\nEl\u00a0dilluns 11 de mar\u00e7 a les 17:30h\u00a0tindr\u00e0 lloc el quart webinar sobre el llan\u00e7ament de l&#8217;edici\u00f3 2024 del Concurs Portavoz. El&hellip;  <a href=\"https:\/\/projectes.xtec.cat\/internacional\/portada\/webinari-le-coin-du-prof-edicio-2024-del-concurs-portavoz\/\" title=\"Read Webinar &#8220;Le coin du prof&#8221;- Edici\u00f3 2024 del concurs Portavoz. Institut Fran\u00e7ais d&#8217;Espagne\">Llegeix m\u00e9s\u00bb<\/a><\/p>\n","protected":false},"author":1,"featured_media":0,"comment_status":"open","ping_status":"closed","sticky":false,"template":"","format":"standard","meta":{"_bbp_topic_count":0,"_bbp_reply_count":0,"_bbp_total_topic_count":0,"_bbp_total_reply_count":0,"_bbp_voice_count":0,"_bbp_anonymous_reply_count":0,"_bbp_topic_count_hidden":0,"_bbp_reply_count_hidden":0,"_bbp_forum_subforum_count":0,"footnotes":""},"categories":[393,379,29],"tags":[441,293,440],"class_list":["post-13542","post","type-post","status-publish","format-standard","hentry","category-accions-de-frances","category-noticies-de-frances","category-portada","tag-accions-de-frances","tag-general","tag-noticies-de-frances"],"post_mailing_queue_ids":[],"_links":{"self":[{"href":"https:\/\/projectes.xtec.cat\/internacional\/wp-json\/wp\/v2\/posts\/13542","targetHints":{"allow":["GET"]}}],"collection":[{"href":"https:\/\/projectes.xtec.cat\/internacional\/wp-json\/wp\/v2\/posts"}],"about":[{"href":"https:\/\/projectes.xtec.cat\/internacional\/wp-json\/wp\/v2\/types\/post"}],"author":[{"embeddable":true,"href":"https:\/\/projectes.xtec.cat\/internacional\/wp-json\/wp\/v2\/users\/1"}],"replies":[{"embeddable":true,"href":"https:\/\/projectes.xtec.cat\/internacional\/wp-json\/wp\/v2\/comments?post=13542"}],"version-history":[{"count":6,"href":"https:\/\/projectes.xtec.cat\/internacional\/wp-json\/wp\/v2\/posts\/13542\/revisions"}],"predecessor-version":[{"id":13550,"href":"https:\/\/projectes.xtec.cat\/internacional\/wp-json\/wp\/v2\/posts\/13542\/revisions\/13550"}],"wp:attachment":[{"href":"https:\/\/projectes.xtec.cat\/internacional\/wp-json\/wp\/v2\/media?parent=13542"}],"wp:term":[{"taxonomy":"category","embeddable":true,"href":"https:\/\/projectes.xtec.cat\/internacional\/wp-json\/wp\/v2\/categories?post=13542"},{"taxonomy":"post_tag","embeddable":true,"href":"https:\/\/projectes.xtec.cat\/internacional\/wp-json\/wp\/v2\/tags?post=13542"}],"curies":[{"name":"wp","href":"https:\/\/api.w.org\/{rel}","templated":true}]}}