{"id":13552,"date":"2024-03-06T10:54:19","date_gmt":"2024-03-06T09:54:19","guid":{"rendered":"https:\/\/projectes.xtec.cat\/internacional\/?p=13552"},"modified":"2024-03-07T09:20:54","modified_gmt":"2024-03-07T08:20:54","slug":"1a-sessio-de-formacio-per-a-centres-sollicitants-de-projectes-erasmus-ka120-convocatoria-2024","status":"publish","type":"post","link":"https:\/\/projectes.xtec.cat\/internacional\/general\/1a-sessio-de-formacio-per-a-centres-sollicitants-de-projectes-erasmus-ka120-convocatoria-2024\/","title":{"rendered":"1\u00aa sessi\u00f3 de formaci\u00f3 per a centres sol\u00b7licitants de projectes Erasmus KA120. Convocat\u00f2ria 2024"},"content":{"rendered":"<p>El proper dijous 14 de mar\u00e7 de 2024 tindr\u00e0 lloc la primera <strong>sessi\u00f3 de formaci\u00f3 adre\u00e7ada als centres sol\u00b7licitants projecte Erasmus+ KA120 convocat\u00f2ria 2024.<\/strong><\/p>\n<p>Objectius:<img loading=\"lazy\" decoding=\"async\" class=\"alignright\" src=\"https:\/\/cdn.pixabay.com\/photo\/2015\/11\/07\/08\/52\/hand-1030572_1280.jpg\" width=\"439\" height=\"288\" \/><\/p>\n<p>\u25cfAssessorar en els passos previs a la formalitzaci\u00f3 d&#8217;una sol\u00b7licitud.<br \/>\n\u25cfFer el seguiment en l\u2019elaboraci\u00f3 dels projectes i dels formularis de sol\u00b7licitud que els centres proposen&#8230;<br \/>\n\u25cfAssessorar i adequar la proposta econ\u00f2mica del projecte..<\/p>\n<p>\u25cfAssegurar la implicaci\u00f3 del centre, la relaci\u00f3 de la proposta amb el projecte de centre i la transversalitat de les activitats&#8230;<br \/>\n\u25cfGarantir la implementaci\u00f3 del projecte Erasmus+ amb altres projectes del centre\u2026<br \/>\n\u25cfIncrementar la qualitat dels Projectes Erasmus+ que es presenten.<\/p>\n<p>Contingut<\/p>\n<ul>\n<li>Informaci\u00f3 i coordinaci\u00f3 a l&#8217;hora d&#8217;elaborar una proposta de projecte europeu de centre des del punt de vista formal administratiu.<\/li>\n<li>Assessorament i adequaci\u00f3 de la proposta, des del punt de vista del contingut pedag\u00f2gic del projecte.<\/li>\n<li>\u00das de les plataformes europees.<\/li>\n<li>Establiment de pautes i estrat\u00e8gies que garanteixin la implicaci\u00f3 del centre, la transversalitat de les activitats i la implementaci\u00f3 de l&#8217;acci\u00f3 europea amb d&#8217;altres projecte del centre i amb el projecte educatiu.<\/li>\n<\/ul>\n<p>M\u00e9s informaci\u00f3\u00a0<a href=\"https:\/\/aplicacions.gestioeducativa.gencat.cat\/pls\/soloas\/pk_for_mod_ins.p_for_info_tipus?p_tipus=PL24&amp;p_curs=2023-2024\">AQU\u00cd<\/a><\/p>\n","protected":false},"excerpt":{"rendered":"<p>El proper dijous 14 de mar\u00e7 de 2024 tindr\u00e0 lloc la primera sessi\u00f3 de formaci\u00f3 adre\u00e7ada als centres sol\u00b7licitants projecte Erasmus+ KA120 convocat\u00f2ria 2024.<br \/>\nObjectius:<br \/>\n\u25cfAssessorar en els passos previs a la formalitzaci\u00f3 d&#8217;una sol\u00b7licitud.<br \/>\n\u25cfFer el seguiment en l\u2019elaboraci\u00f3 dels projectes i dels formularis de sol\u00b7licitud que&hellip;  <a href=\"https:\/\/projectes.xtec.cat\/internacional\/general\/1a-sessio-de-formacio-per-a-centres-sollicitants-de-projectes-erasmus-ka120-convocatoria-2024\/\" title=\"Read 1\u00aa sessi\u00f3 de formaci\u00f3 per a centres sol\u00b7licitants de projectes Erasmus KA120. Convocat\u00f2ria 2024\">Llegeix m\u00e9s\u00bb<\/a><\/p>\n","protected":false},"author":1,"featured_media":0,"comment_status":"open","ping_status":"closed","sticky":false,"template":"","format":"standard","meta":{"_bbp_topic_count":0,"_bbp_reply_count":0,"_bbp_total_topic_count":0,"_bbp_total_reply_count":0,"_bbp_voice_count":0,"_bbp_anonymous_reply_count":0,"_bbp_topic_count_hidden":0,"_bbp_reply_count_hidden":0,"_bbp_forum_subforum_count":0,"footnotes":""},"categories":[311,154,1,312,29,309],"tags":[297,362,313,310],"class_list":["post-13552","post","type-post","status-publish","format-standard","hentry","category-erasmus","category-formacio","category-general","category-ka1","category-portada","category-programa-erasmus-2021-2027","tag-erasmus","tag-formacio","tag-ka1","tag-programa-erasmus-2021-2027"],"post_mailing_queue_ids":[],"_links":{"self":[{"href":"https:\/\/projectes.xtec.cat\/internacional\/wp-json\/wp\/v2\/posts\/13552","targetHints":{"allow":["GET"]}}],"collection":[{"href":"https:\/\/projectes.xtec.cat\/internacional\/wp-json\/wp\/v2\/posts"}],"about":[{"href":"https:\/\/projectes.xtec.cat\/internacional\/wp-json\/wp\/v2\/types\/post"}],"author":[{"embeddable":true,"href":"https:\/\/projectes.xtec.cat\/internacional\/wp-json\/wp\/v2\/users\/1"}],"replies":[{"embeddable":true,"href":"https:\/\/projectes.xtec.cat\/internacional\/wp-json\/wp\/v2\/comments?post=13552"}],"version-history":[{"count":6,"href":"https:\/\/projectes.xtec.cat\/internacional\/wp-json\/wp\/v2\/posts\/13552\/revisions"}],"predecessor-version":[{"id":13568,"href":"https:\/\/projectes.xtec.cat\/internacional\/wp-json\/wp\/v2\/posts\/13552\/revisions\/13568"}],"wp:attachment":[{"href":"https:\/\/projectes.xtec.cat\/internacional\/wp-json\/wp\/v2\/media?parent=13552"}],"wp:term":[{"taxonomy":"category","embeddable":true,"href":"https:\/\/projectes.xtec.cat\/internacional\/wp-json\/wp\/v2\/categories?post=13552"},{"taxonomy":"post_tag","embeddable":true,"href":"https:\/\/projectes.xtec.cat\/internacional\/wp-json\/wp\/v2\/tags?post=13552"}],"curies":[{"name":"wp","href":"https:\/\/api.w.org\/{rel}","templated":true}]}}