{"id":13557,"date":"2024-03-06T16:04:22","date_gmt":"2024-03-06T15:04:22","guid":{"rendered":"https:\/\/projectes.xtec.cat\/internacional\/?p=13557"},"modified":"2024-03-06T16:12:35","modified_gmt":"2024-03-06T15:12:35","slug":"nova-convocatoria-per-demanar-auxiliars-de-conversa-de-la-quota-del-mefp","status":"publish","type":"post","link":"https:\/\/projectes.xtec.cat\/internacional\/general\/nova-convocatoria-per-demanar-auxiliars-de-conversa-de-la-quota-del-mefp\/","title":{"rendered":"Nova convocat\u00f2ria per demanar auxiliars de conversa de la quota del MEFP"},"content":{"rendered":"<p><a href=\"https:\/\/projectes.xtec.cat\/internacional\/wp-content\/uploads\/usu1767\/2024\/03\/Captura.png\"><img loading=\"lazy\" decoding=\"async\" class=\"wp-image-13558 aligncenter\" src=\"https:\/\/projectes.xtec.cat\/internacional\/wp-content\/uploads\/usu1767\/2024\/03\/Captura.png\" alt=\"\" width=\"224\" height=\"202\" srcset=\"https:\/\/projectes.xtec.cat\/internacional\/wp-content\/uploads\/usu1767\/2024\/03\/Captura.png 444w, https:\/\/projectes.xtec.cat\/internacional\/wp-content\/uploads\/usu1767\/2024\/03\/Captura-300x270.png 300w\" sizes=\"auto, (max-width: 224px) 100vw, 224px\" \/><\/a><\/p>\n<p>Ja s&#8217;ha obert el per\u00edode per tal que els centre educatius puguin demanar auxiliars de conversa de la quota del Ministerio de Educaci\u00f3n, Formaci\u00f3n Profesional y Deportes (MEFP) en alguna de les lleng\u00fces estrangeres curriculars: angl\u00e8s, franc\u00e8s, alemany, itali\u00e0 o xin\u00e8s.<\/p>\n<p>Podeu enviar les vostres sol\u00b7licituds fins el dia <strong>21 de mar\u00e7<\/strong>.<\/p>\n<p><strong>Requisits generals:<\/strong><\/p>\n<ol>\n<li>\u200bPoden sol\u00b7licitar auxiliar de conversa els\u00a0<strong>centres p\u00fablics de titularitat del Departament d&#8217;Educaci\u00f3\u00a0<\/strong>que imparteixen ensenyaments d&#8217;educaci\u00f3 b\u00e0sica, de batxillerat, de formaci\u00f3 professional, i les escoles oficials d&#8217;idiomes. En aquest darrer cas, aix\u00f2 no obstant, nom\u00e9s les que ofereixen ensenyaments d&#8217;itali\u00e0 i rus.<\/li>\n<li>Els centres sol\u00b7licitants han d&#8217;impartir un nombre d&#8217;hores suficients en la llengua estrangera per a la qual sol\u00b7liciten l&#8217;auxiliar de manera que l&#8217;auxiliar cobreixi completament el seu horari: de 14 hores en el cas que l&#8217;auxiliar estigui assignat a un sol centre o d&#8217;un m\u00ednim de 7 hores en el cas que estigui assignat a dos centres al mateix temps.<\/li>\n<li>Nom\u00e9s poden sol\u00b7licitar auxiliar de conversa en angl\u00e8s els centres que no hagin gaudit d&#8217;aquest recurs en el curs escolar 2023-24.<\/li>\n<\/ol>\n<p>Trobareu tota la informaci\u00f3 al <a href=\"https:\/\/inici.espai.educacio.gencat.cat\/\">Portal de centre<\/a>.<a href=\"https:\/\/projectes.xtec.cat\/internacional\/wp-content\/uploads\/usu1767\/2024\/03\/Captura1.png\"><img loading=\"lazy\" decoding=\"async\" class=\"wp-image-13559 aligncenter\" src=\"https:\/\/projectes.xtec.cat\/internacional\/wp-content\/uploads\/usu1767\/2024\/03\/Captura1.png\" alt=\"\" width=\"205\" height=\"224\" srcset=\"https:\/\/projectes.xtec.cat\/internacional\/wp-content\/uploads\/usu1767\/2024\/03\/Captura1.png 461w, https:\/\/projectes.xtec.cat\/internacional\/wp-content\/uploads\/usu1767\/2024\/03\/Captura1-274x300.png 274w\" sizes=\"auto, (max-width: 205px) 100vw, 205px\" \/><\/a><\/p>\n","protected":false},"excerpt":{"rendered":"<p><a href=\"https:\/\/projectes.xtec.cat\/internacional\/wp-content\/uploads\/usu1767\/2024\/03\/Captura.png\"><\/a><br \/>\nJa s&#8217;ha obert el per\u00edode per tal que els centre educatius puguin demanar auxiliars de conversa de la quota del Ministerio de Educaci\u00f3n, Formaci\u00f3n Profesional y Deportes (MEFP) en alguna de les lleng\u00fces estrangeres curriculars: angl\u00e8s, franc\u00e8s, alemany, itali\u00e0 o xin\u00e8s.<br \/>\nPodeu enviar les vostres&hellip;  <a href=\"https:\/\/projectes.xtec.cat\/internacional\/general\/nova-convocatoria-per-demanar-auxiliars-de-conversa-de-la-quota-del-mefp\/\" title=\"Read Nova convocat\u00f2ria per demanar auxiliars de conversa de la quota del MEFP\">Llegeix m\u00e9s\u00bb<\/a><\/p>\n","protected":false},"author":1,"featured_media":13558,"comment_status":"open","ping_status":"closed","sticky":false,"template":"","format":"standard","meta":{"_bbp_topic_count":0,"_bbp_reply_count":0,"_bbp_total_topic_count":0,"_bbp_total_reply_count":0,"_bbp_voice_count":0,"_bbp_anonymous_reply_count":0,"_bbp_topic_count_hidden":0,"_bbp_reply_count_hidden":0,"_bbp_forum_subforum_count":0,"footnotes":""},"categories":[289,1,29],"tags":[],"class_list":["post-13557","post","type-post","status-publish","format-standard","has-post-thumbnail","hentry","category-auxiliars-de-conversa","category-general","category-portada"],"post_mailing_queue_ids":[],"_links":{"self":[{"href":"https:\/\/projectes.xtec.cat\/internacional\/wp-json\/wp\/v2\/posts\/13557","targetHints":{"allow":["GET"]}}],"collection":[{"href":"https:\/\/projectes.xtec.cat\/internacional\/wp-json\/wp\/v2\/posts"}],"about":[{"href":"https:\/\/projectes.xtec.cat\/internacional\/wp-json\/wp\/v2\/types\/post"}],"author":[{"embeddable":true,"href":"https:\/\/projectes.xtec.cat\/internacional\/wp-json\/wp\/v2\/users\/1"}],"replies":[{"embeddable":true,"href":"https:\/\/projectes.xtec.cat\/internacional\/wp-json\/wp\/v2\/comments?post=13557"}],"version-history":[{"count":3,"href":"https:\/\/projectes.xtec.cat\/internacional\/wp-json\/wp\/v2\/posts\/13557\/revisions"}],"predecessor-version":[{"id":13562,"href":"https:\/\/projectes.xtec.cat\/internacional\/wp-json\/wp\/v2\/posts\/13557\/revisions\/13562"}],"wp:featuredmedia":[{"embeddable":true,"href":"https:\/\/projectes.xtec.cat\/internacional\/wp-json\/wp\/v2\/media\/13558"}],"wp:attachment":[{"href":"https:\/\/projectes.xtec.cat\/internacional\/wp-json\/wp\/v2\/media?parent=13557"}],"wp:term":[{"taxonomy":"category","embeddable":true,"href":"https:\/\/projectes.xtec.cat\/internacional\/wp-json\/wp\/v2\/categories?post=13557"},{"taxonomy":"post_tag","embeddable":true,"href":"https:\/\/projectes.xtec.cat\/internacional\/wp-json\/wp\/v2\/tags?post=13557"}],"curies":[{"name":"wp","href":"https:\/\/api.w.org\/{rel}","templated":true}]}}