{"id":13759,"date":"2024-05-15T15:51:31","date_gmt":"2024-05-15T13:51:31","guid":{"rendered":"https:\/\/projectes.xtec.cat\/internacional\/?p=13759"},"modified":"2024-05-16T10:23:19","modified_gmt":"2024-05-16T08:23:19","slug":"escoles-ambaixadores-del-parlament-europeu","status":"publish","type":"post","link":"https:\/\/projectes.xtec.cat\/internacional\/portada\/escoles-ambaixadores-del-parlament-europeu\/","title":{"rendered":"Escoles Ambaixadores del Parlament Europeu"},"content":{"rendered":"<p><span style=\"font-weight: 400;\"><a href=\"https:\/\/projectes.xtec.cat\/internacional\/wp-content\/uploads\/usu1767\/2024\/05\/2017-08_act-cen_escuelas-embajadoras-europa_700.jpg\"><img loading=\"lazy\" decoding=\"async\" class=\"wp-image-13760 alignleft\" src=\"https:\/\/projectes.xtec.cat\/internacional\/wp-content\/uploads\/usu1767\/2024\/05\/2017-08_act-cen_escuelas-embajadoras-europa_700.jpg\" alt=\"\" width=\"305\" height=\"217\" srcset=\"https:\/\/projectes.xtec.cat\/internacional\/wp-content\/uploads\/usu1767\/2024\/05\/2017-08_act-cen_escuelas-embajadoras-europa_700.jpg 700w, https:\/\/projectes.xtec.cat\/internacional\/wp-content\/uploads\/usu1767\/2024\/05\/2017-08_act-cen_escuelas-embajadoras-europa_700-300x213.jpg 300w\" sizes=\"auto, (max-width: 305px) 100vw, 305px\" \/><\/a>El Parlament Europeu impulsa el programa &#8220;<\/span><a href=\"https:\/\/escuelasembajadoras.eu\/\"><span style=\"font-weight: 400;\">Escoles Ambaixadores del Parlament Europeu<\/span><\/a><span style=\"font-weight: 400;\">&#8221; per a acostar la instituci\u00f3 als estudiants i professors, convertint-los en representants de la democr\u00e0cia europea. A trav\u00e9s d&#8217;aquest programa, que es desenvolupa en els 27 estats membres i al Regne Unit, es busca fomentar el coneixement sobre Europa i la democr\u00e0cia parlament\u00e0ria europea entre la joventut, proporcionant-los una comprensi\u00f3 activa de la Uni\u00f3 Europea i del propi Parlament Europeu.<\/span><\/p>\n<p><span style=\"font-weight: 400;\">Aquest programa<\/span><span style=\"font-weight: 400;\"> est\u00e0 destinat a l&#8217;alumnat de centres d&#8217;ensenyament secundari, de formaci\u00f3 professional i d&#8217;educaci\u00f3 especial (4t d&#8217;ESO, 1r i 2n de Batxillerat, FP), i els centres interessats s&#8217;hi podran inscriure a trav\u00e9s d&#8217;aquest <\/span><a href=\"https:\/\/forms.gle\/V6mkgwEAVGz6L7uM6\"><span style=\"font-weight: 400;\">formulari<\/span><\/a><span style=\"font-weight: 400;\"> fins al pr\u00f2xim 16 de maig.<\/span><\/p>\n<p><span style=\"font-weight: 400;\">Els centres seleccionats hauran de participar en una formaci\u00f3 a Madrid, amb les despeses cobertes pel Parlament Europeu, al comen\u00e7ament del curs 2024-2025. A m\u00e9s, hauran de posar en marxa un InfoPoint sobre el Parlament Europeu al seu centre, treballar amb materials did\u00e0ctics proporcionats pel mateix Parlament <\/span><span style=\"font-weight: 400;\">(disponibles en les 24 lleng\u00fces oficials, aix\u00ed com tamb\u00e9 en les cooficials a Espanya, entre les quals el catal\u00e0)<\/span><span style=\"font-weight: 400;\">, realitzar activitats relacionades amb la Uni\u00f3 Europea durant el curs i celebrar el Dia d&#8217;Europa (9 de maig).<\/span><\/p>\n<p><span style=\"font-weight: 400;\">Durant el curs actual, m\u00e9s de 160 centres d&#8217;arreu de les diferents comunitats aut\u00f2nomes espanyoles i m\u00e9s de 2.000 a tota la Uni\u00f3 Europea participen en aquest programa. A Catalunya, s&#8217;han sumat 14 escoles ambaixadores, amb quatre d&#8217;elles actuant com a mentores, procedents de diverses localitats<\/span><span style=\"font-weight: 400;\">: <\/span><span style=\"font-weight: 400;\">Igualada, Salt, Sant Boi de Llobregat i Tarragona.<\/span><\/p>\n<p><span style=\"font-weight: 400;\">Envieu les vostres sol\u00b7licituds mitjan\u00e7ant aquest <\/span><a href=\"https:\/\/forms.gle\/V6mkgwEAVGz6L7uM6\"><span style=\"font-weight: 400;\">formulari<\/span><\/a><span style=\"font-weight: 400;\"> abans del 16 de maig. Per escollir els centres participants es tindr\u00e0 en compte la motivaci\u00f3, els recursos que destinaran al programa, les activitats fetes sobre Europa, l&#8217;equilibri geogr\u00e0fic, el tipus i l&#8217;entorn de centre.<\/span><\/p>\n","protected":false},"excerpt":{"rendered":"<p><a href=\"https:\/\/projectes.xtec.cat\/internacional\/wp-content\/uploads\/usu1767\/2024\/05\/2017-08_act-cen_escuelas-embajadoras-europa_700.jpg\"><\/a>El Parlament Europeu impulsa el programa &#8220;<a href=\"https:\/\/escuelasembajadoras.eu\/\">Escoles Ambaixadores del Parlament Europeu<\/a>&#8221; per a acostar la instituci\u00f3 als estudiants i professors, convertint-los en representants de la democr\u00e0cia europea. A trav\u00e9s d&#8217;aquest programa, que es desenvolupa en els 27 estats membres i al Regne Unit,&hellip;  <a href=\"https:\/\/projectes.xtec.cat\/internacional\/portada\/escoles-ambaixadores-del-parlament-europeu\/\" title=\"Read Escoles Ambaixadores del Parlament Europeu\">Llegeix m\u00e9s\u00bb<\/a><\/p>\n","protected":false},"author":1,"featured_media":13760,"comment_status":"open","ping_status":"closed","sticky":false,"template":"","format":"standard","meta":{"_bbp_topic_count":0,"_bbp_reply_count":0,"_bbp_total_topic_count":0,"_bbp_total_reply_count":0,"_bbp_voice_count":0,"_bbp_anonymous_reply_count":0,"_bbp_topic_count_hidden":0,"_bbp_reply_count_hidden":0,"_bbp_forum_subforum_count":0,"footnotes":""},"categories":[29],"tags":[],"class_list":["post-13759","post","type-post","status-publish","format-standard","has-post-thumbnail","hentry","category-portada"],"post_mailing_queue_ids":[],"_links":{"self":[{"href":"https:\/\/projectes.xtec.cat\/internacional\/wp-json\/wp\/v2\/posts\/13759","targetHints":{"allow":["GET"]}}],"collection":[{"href":"https:\/\/projectes.xtec.cat\/internacional\/wp-json\/wp\/v2\/posts"}],"about":[{"href":"https:\/\/projectes.xtec.cat\/internacional\/wp-json\/wp\/v2\/types\/post"}],"author":[{"embeddable":true,"href":"https:\/\/projectes.xtec.cat\/internacional\/wp-json\/wp\/v2\/users\/1"}],"replies":[{"embeddable":true,"href":"https:\/\/projectes.xtec.cat\/internacional\/wp-json\/wp\/v2\/comments?post=13759"}],"version-history":[{"count":1,"href":"https:\/\/projectes.xtec.cat\/internacional\/wp-json\/wp\/v2\/posts\/13759\/revisions"}],"predecessor-version":[{"id":13761,"href":"https:\/\/projectes.xtec.cat\/internacional\/wp-json\/wp\/v2\/posts\/13759\/revisions\/13761"}],"wp:featuredmedia":[{"embeddable":true,"href":"https:\/\/projectes.xtec.cat\/internacional\/wp-json\/wp\/v2\/media\/13760"}],"wp:attachment":[{"href":"https:\/\/projectes.xtec.cat\/internacional\/wp-json\/wp\/v2\/media?parent=13759"}],"wp:term":[{"taxonomy":"category","embeddable":true,"href":"https:\/\/projectes.xtec.cat\/internacional\/wp-json\/wp\/v2\/categories?post=13759"},{"taxonomy":"post_tag","embeddable":true,"href":"https:\/\/projectes.xtec.cat\/internacional\/wp-json\/wp\/v2\/tags?post=13759"}],"curies":[{"name":"wp","href":"https:\/\/api.w.org\/{rel}","templated":true}]}}