{"id":13814,"date":"2024-05-27T13:26:50","date_gmt":"2024-05-27T11:26:50","guid":{"rendered":"https:\/\/projectes.xtec.cat\/internacional\/?p=13814"},"modified":"2024-05-27T13:26:50","modified_gmt":"2024-05-27T11:26:50","slug":"curs-presencial-onsite-course-per-a-ambaixadors-etwinning-2024","status":"publish","type":"post","link":"https:\/\/projectes.xtec.cat\/internacional\/general\/curs-presencial-onsite-course-per-a-ambaixadors-etwinning-2024\/","title":{"rendered":"Curs Presencial (Onsite Course) per a Ambaixador@s eTwinning 2024"},"content":{"rendered":"<p><a href=\"https:\/\/projectes.xtec.cat\/internacional\/wp-content\/uploads\/usu1767\/2024\/05\/atenas.png\"><img loading=\"lazy\" decoding=\"async\" class=\"alignnone wp-image-13815\" src=\"https:\/\/projectes.xtec.cat\/internacional\/wp-content\/uploads\/usu1767\/2024\/05\/atenas.png\" alt=\"\" width=\"496\" height=\"362\" srcset=\"https:\/\/projectes.xtec.cat\/internacional\/wp-content\/uploads\/usu1767\/2024\/05\/atenas.png 640w, https:\/\/projectes.xtec.cat\/internacional\/wp-content\/uploads\/usu1767\/2024\/05\/atenas-300x219.png 300w\" sizes=\"auto, (max-width: 496px) 100vw, 496px\" \/><\/a><\/p>\n<p>Entre els dies 18 i 20 d&#8217;abril es va celebrar a Atenes (Gr\u00e8cia) el Curs Presencial (Onsite Course) per a Ambaixadors eTwinning 2024. El grup espanyol estava compost per Juan Carlos Garrido, del Servei Nacional de Suport (SNA), i per membres de l&#8217;ambaixada eTwinning a Espanya: Marta Pey (Catalunya), Nuria Vallugera (Illes Balears), Miriam Salinas (Arag\u00f3), Javier Garc\u00eda (Castella-La Manxa) i Rafael Montero (Ast\u00faries).<\/p>\n<p>Aquest esdeveniment, organitzat pel SCA eTwinning a Brussel\u00b7les, va comptar amb la participaci\u00f3 d&#8217;aproximadament 100 ambaixadors de 42 pa\u00efsos diferents.<\/p>\n<p><strong>L&#8217;ambaixadora de Catalunya, Marta Pey,<\/strong> va descriure la seva participaci\u00f3 en l&#8217;esdeveniment europeu com una experi\u00e8ncia enriquidora i gratificant. Va destacar la inspiraci\u00f3 que va suposar con\u00e8ixer eTwinners de tot Europa, intercanviar idees i bones pr\u00e0ctiques, i sentir l&#8217;esperit de col\u00b7laboraci\u00f3 internacional. Va considerar l&#8217;esdeveniment una oportunitat invaluable per enfortir xarxes i fomentar la innovaci\u00f3 educativa i el benestar als centres educatius.<\/p>\n<p>Per a m\u00e9s informaci\u00f3, clica <a href=\"https:\/\/etwinning.es\/curso-para-embajadores-etwinning-en-atenas-grecia\/\">aqu\u00ed<\/a>.<\/p>\n","protected":false},"excerpt":{"rendered":"<p><a href=\"https:\/\/projectes.xtec.cat\/internacional\/wp-content\/uploads\/usu1767\/2024\/05\/atenas.png\"><\/a><br \/>\nEntre els dies 18 i 20 d&#8217;abril es va celebrar a Atenes (Gr\u00e8cia) el Curs Presencial (Onsite Course) per a Ambaixadors eTwinning 2024. El grup espanyol estava compost per Juan Carlos Garrido, del Servei Nacional de Suport (SNA), i per membres de l&#8217;ambaixada eTwinning&hellip;  <a href=\"https:\/\/projectes.xtec.cat\/internacional\/general\/curs-presencial-onsite-course-per-a-ambaixadors-etwinning-2024\/\" title=\"Read Curs Presencial (Onsite Course) per a Ambaixador@s eTwinning 2024\">Llegeix m\u00e9s\u00bb<\/a><\/p>\n","protected":false},"author":1,"featured_media":13815,"comment_status":"closed","ping_status":"closed","sticky":false,"template":"","format":"standard","meta":{"_bbp_topic_count":0,"_bbp_reply_count":0,"_bbp_total_topic_count":0,"_bbp_total_reply_count":0,"_bbp_voice_count":0,"_bbp_anonymous_reply_count":0,"_bbp_topic_count_hidden":0,"_bbp_reply_count_hidden":0,"_bbp_forum_subforum_count":0,"footnotes":""},"categories":[295,1,435,367],"tags":[423,301],"class_list":["post-13814","post","type-post","status-publish","format-standard","has-post-thumbnail","hentry","category-etwinning","category-general","category-noticies-ambaixada-etwinning","category-noticies-etwinning-etwinning","tag-ambaixada-etwinning","tag-etwinning"],"post_mailing_queue_ids":[],"_links":{"self":[{"href":"https:\/\/projectes.xtec.cat\/internacional\/wp-json\/wp\/v2\/posts\/13814","targetHints":{"allow":["GET"]}}],"collection":[{"href":"https:\/\/projectes.xtec.cat\/internacional\/wp-json\/wp\/v2\/posts"}],"about":[{"href":"https:\/\/projectes.xtec.cat\/internacional\/wp-json\/wp\/v2\/types\/post"}],"author":[{"embeddable":true,"href":"https:\/\/projectes.xtec.cat\/internacional\/wp-json\/wp\/v2\/users\/1"}],"replies":[{"embeddable":true,"href":"https:\/\/projectes.xtec.cat\/internacional\/wp-json\/wp\/v2\/comments?post=13814"}],"version-history":[{"count":2,"href":"https:\/\/projectes.xtec.cat\/internacional\/wp-json\/wp\/v2\/posts\/13814\/revisions"}],"predecessor-version":[{"id":13817,"href":"https:\/\/projectes.xtec.cat\/internacional\/wp-json\/wp\/v2\/posts\/13814\/revisions\/13817"}],"wp:featuredmedia":[{"embeddable":true,"href":"https:\/\/projectes.xtec.cat\/internacional\/wp-json\/wp\/v2\/media\/13815"}],"wp:attachment":[{"href":"https:\/\/projectes.xtec.cat\/internacional\/wp-json\/wp\/v2\/media?parent=13814"}],"wp:term":[{"taxonomy":"category","embeddable":true,"href":"https:\/\/projectes.xtec.cat\/internacional\/wp-json\/wp\/v2\/categories?post=13814"},{"taxonomy":"post_tag","embeddable":true,"href":"https:\/\/projectes.xtec.cat\/internacional\/wp-json\/wp\/v2\/tags?post=13814"}],"curies":[{"name":"wp","href":"https:\/\/api.w.org\/{rel}","templated":true}]}}