{"id":13837,"date":"2024-06-03T09:33:48","date_gmt":"2024-06-03T07:33:48","guid":{"rendered":"https:\/\/projectes.xtec.cat\/internacional\/?p=13837"},"modified":"2024-06-03T09:44:06","modified_gmt":"2024-06-03T07:44:06","slug":"nous-recursos-per-a-docents-como-detectar-y-combatir-la-desinformacion","status":"publish","type":"post","link":"https:\/\/projectes.xtec.cat\/internacional\/general\/nous-recursos-per-a-docents-como-detectar-y-combatir-la-desinformacion\/","title":{"rendered":"Nous recursos per a docents: &#8220;C\u00f3mo Detectar y Combatir la Desinformaci\u00f3n&#8221;"},"content":{"rendered":"<p><span style=\"font-weight: 400;\"><a href=\"https:\/\/projectes.xtec.cat\/internacional\/wp-content\/uploads\/usu1767\/2024\/06\/image001.png\"><img loading=\"lazy\" decoding=\"async\" class=\"alignnone size-large wp-image-13838\" src=\"https:\/\/projectes.xtec.cat\/internacional\/wp-content\/uploads\/usu1767\/2024\/06\/image001-1024x576.png\" alt=\"\" width=\"1024\" height=\"576\" srcset=\"https:\/\/projectes.xtec.cat\/internacional\/wp-content\/uploads\/usu1767\/2024\/06\/image001-1024x576.png 1024w, https:\/\/projectes.xtec.cat\/internacional\/wp-content\/uploads\/usu1767\/2024\/06\/image001-300x169.png 300w, https:\/\/projectes.xtec.cat\/internacional\/wp-content\/uploads\/usu1767\/2024\/06\/image001-768x432.png 768w, https:\/\/projectes.xtec.cat\/internacional\/wp-content\/uploads\/usu1767\/2024\/06\/image001.png 1272w\" sizes=\"auto, (max-width: 1024px) 100vw, 1024px\" \/><\/a>La Uni\u00f3 Europea ha publicat nous recursos per docents per a combatre la desinformaci\u00f3. Es tracta d\u2019una <\/span><a href=\"https:\/\/drive.google.com\/file\/d\/1Ns-xetQt-xuBUaSDxC6Tgee4ndPsvmUo\/view?usp=drive_link\"><span style=\"font-weight: 400;\">presentaci\u00f3<\/span><\/a><span style=\"font-weight: 400;\"> i una <\/span><a href=\"https:\/\/drive.google.com\/file\/d\/15w-QAsrJwFXjsNJb7YQqL45PDXLxLLw0\/view?usp=drive_link\"><span style=\"font-weight: 400;\">guia<\/span><\/a><span style=\"font-weight: 400;\"> i estan disponibles en tots els idiomes de la Uni\u00f3 Europea.<\/span><\/p>\n<p><span style=\"font-weight: 400;\">Aquests recursos s\u2019han creat amb l\u2019objectiu de proporcionar als i les docents eines pr\u00e0ctiques i exemples reals per ajudar els estudiants a desenvolupar habilitats cr\u00edtiques per navegar per la informaci\u00f3 de manera efectiva. Entre els seus continguts, s&#8217;inclouen exercicis per realitzar en grup que fomenten el pensament cr\u00edtic i la capacitat dels estudiants per identificar not\u00edcies falses i desinformaci\u00f3.<\/span><\/p>\n<p><span style=\"font-weight: 400;\">Treballar la desinformaci\u00f3 \u00e9s especialment important, considerant la proximitat de les pr\u00f2ximes eleccions europees, que se celebraran del 6 al 9 de juny de 2024. La capacitat dels ciutadans per discernir informaci\u00f3 vera\u00e7 de la falsa \u00e9s crucial per al correcte funcionament de la democr\u00e0cia i per a unes eleccions transparents.<\/span><\/p>\n<p><span style=\"font-weight: 400;\">Convidem a tots els centres educatius i docents a utilitzar i difondre aquests recursos, contribuint aix\u00ed a una formaci\u00f3 integral dels estudiants en la gesti\u00f3 de la informaci\u00f3 i en la construcci\u00f3 d&#8217;una societat m\u00e9s ben informada i m\u00e9s cr\u00edtica.<\/span><\/p>\n<p><span style=\"font-weight: 400;\">Per accedir als materials podeu visitar el lloc <\/span><a href=\"https:\/\/learning-corner.learning.europa.eu\/learning-materials\/how-spot-and-fight-disinformation_es\"><span style=\"font-weight: 400;\">web oficial de la Uni\u00f3 Europea<\/span><\/a><span style=\"font-weight: 400;\">.<\/span><\/p>\n<p><span style=\"font-weight: 400;\">Comptem amb la vostra col\u00b7laboraci\u00f3 per difondre aquesta important iniciativa educativa!<\/span><\/p>\n","protected":false},"excerpt":{"rendered":"<p><a href=\"https:\/\/projectes.xtec.cat\/internacional\/wp-content\/uploads\/usu1767\/2024\/06\/image001.png\"><\/a>La Uni\u00f3 Europea ha publicat nous recursos per docents per a combatre la desinformaci\u00f3. Es tracta d\u2019una <a href=\"https:\/\/drive.google.com\/file\/d\/1Ns-xetQt-xuBUaSDxC6Tgee4ndPsvmUo\/view?usp=drive_link\">presentaci\u00f3<\/a> i una <a href=\"https:\/\/drive.google.com\/file\/d\/15w-QAsrJwFXjsNJb7YQqL45PDXLxLLw0\/view?usp=drive_link\">guia<\/a> i estan disponibles en tots els idiomes de la Uni\u00f3 Europea.<br \/>\nAquests recursos s\u2019han creat amb l\u2019objectiu de proporcionar als i les&hellip;  <a href=\"https:\/\/projectes.xtec.cat\/internacional\/general\/nous-recursos-per-a-docents-como-detectar-y-combatir-la-desinformacion\/\" title=\"Read Nous recursos per a docents: &#8220;C\u00f3mo Detectar y Combatir la Desinformaci\u00f3n&#8221;\">Llegeix m\u00e9s\u00bb<\/a><\/p>\n","protected":false},"author":1,"featured_media":13838,"comment_status":"open","ping_status":"closed","sticky":false,"template":"","format":"standard","meta":{"_bbp_topic_count":0,"_bbp_reply_count":0,"_bbp_total_topic_count":0,"_bbp_total_reply_count":0,"_bbp_voice_count":0,"_bbp_anonymous_reply_count":0,"_bbp_topic_count_hidden":0,"_bbp_reply_count_hidden":0,"_bbp_forum_subforum_count":0,"footnotes":""},"categories":[64,1,29,436],"tags":[],"class_list":["post-13837","post","type-post","status-publish","format-standard","has-post-thumbnail","hentry","category-comunitat","category-general","category-portada","category-sepie"],"post_mailing_queue_ids":[],"_links":{"self":[{"href":"https:\/\/projectes.xtec.cat\/internacional\/wp-json\/wp\/v2\/posts\/13837","targetHints":{"allow":["GET"]}}],"collection":[{"href":"https:\/\/projectes.xtec.cat\/internacional\/wp-json\/wp\/v2\/posts"}],"about":[{"href":"https:\/\/projectes.xtec.cat\/internacional\/wp-json\/wp\/v2\/types\/post"}],"author":[{"embeddable":true,"href":"https:\/\/projectes.xtec.cat\/internacional\/wp-json\/wp\/v2\/users\/1"}],"replies":[{"embeddable":true,"href":"https:\/\/projectes.xtec.cat\/internacional\/wp-json\/wp\/v2\/comments?post=13837"}],"version-history":[{"count":2,"href":"https:\/\/projectes.xtec.cat\/internacional\/wp-json\/wp\/v2\/posts\/13837\/revisions"}],"predecessor-version":[{"id":13840,"href":"https:\/\/projectes.xtec.cat\/internacional\/wp-json\/wp\/v2\/posts\/13837\/revisions\/13840"}],"wp:featuredmedia":[{"embeddable":true,"href":"https:\/\/projectes.xtec.cat\/internacional\/wp-json\/wp\/v2\/media\/13838"}],"wp:attachment":[{"href":"https:\/\/projectes.xtec.cat\/internacional\/wp-json\/wp\/v2\/media?parent=13837"}],"wp:term":[{"taxonomy":"category","embeddable":true,"href":"https:\/\/projectes.xtec.cat\/internacional\/wp-json\/wp\/v2\/categories?post=13837"},{"taxonomy":"post_tag","embeddable":true,"href":"https:\/\/projectes.xtec.cat\/internacional\/wp-json\/wp\/v2\/tags?post=13837"}],"curies":[{"name":"wp","href":"https:\/\/api.w.org\/{rel}","templated":true}]}}