{"id":13929,"date":"2024-06-20T09:33:40","date_gmt":"2024-06-20T07:33:40","guid":{"rendered":"https:\/\/projectes.xtec.cat\/internacional\/?p=13929"},"modified":"2024-06-20T09:34:03","modified_gmt":"2024-06-20T07:34:03","slug":"participacio-global-scholars-2024-2025-convocatoria-oberta","status":"publish","type":"post","link":"https:\/\/projectes.xtec.cat\/internacional\/general\/participacio-global-scholars-2024-2025-convocatoria-oberta\/","title":{"rendered":"Participaci\u00f3 Global Scholars 2024-2025 &#8211; Convocat\u00f2ria oberta"},"content":{"rendered":"<p><a href=\"https:\/\/projectes.xtec.cat\/internacional\/wp-content\/uploads\/usu1767\/2023\/03\/Convocatoria_1.png\"><img loading=\"lazy\" decoding=\"async\" class=\"alignnone size-full wp-image-12185\" src=\"https:\/\/projectes.xtec.cat\/internacional\/wp-content\/uploads\/usu1767\/2023\/03\/Convocatoria_1.png\" alt=\"\" width=\"353\" height=\"228\" srcset=\"https:\/\/projectes.xtec.cat\/internacional\/wp-content\/uploads\/usu1767\/2023\/03\/Convocatoria_1.png 353w, https:\/\/projectes.xtec.cat\/internacional\/wp-content\/uploads\/usu1767\/2023\/03\/Convocatoria_1-300x194.png 300w\" sizes=\"auto, (max-width: 353px) 100vw, 353px\" \/><\/a><\/p>\n<p style=\"font-weight: 400;\">S&#8217;ha obert la convocat\u00f2ria <strong>per oferir 14 grups<\/strong> per a nous centres participants en el <strong>programa <a href=\"https:\/\/www.globalcities.org\/global-scholars\">Global Scholars<\/a> per al curs 2024-2025 de seg\u00fcents Serveis Territorials:<\/strong><\/p>\n<ul>\n<li>Barcelon\u00e8s<\/li>\n<li>Baix Llobregat<\/li>\n<li>Catalunya Central<\/li>\n<li>Maresme-Vall\u00e8s Oriental<\/li>\n<li>Terres de l\u2019Ebre<\/li>\n<li>Vall\u00e8s Occidental<\/li>\n<\/ul>\n<p>El termini per presentar la vostra <strong>sol\u00b7licitud \u00e9s del 20 de juny al 4 de juliol de 2024.\u00a0<\/strong><\/p>\n<p>El Programa Global Scholars \u00e9s una iniciativa impulsada per\u00a0<a title=\"Ves a la p\u00e0gina\" href=\"https:\/\/www.globalcities.org\/vision-mission\" target=\"_blank\" rel=\"noopener\">Global Cities, Inc\u200b<\/a>., un projecte de Bloomberg Philanthropies, organitzaci\u00f3 sense \u00e0nim de lucre amb seu a Nova York. Gr\u00e0cies a la col\u00b7laboraci\u00f3 amb el Departament d&#8217;Educaci\u00f3 els centres catalans poden rebre el seu\u00a0<strong>suport per promoure una educaci\u00f3 pluriling\u00fce i intercultural<\/strong>.<\/p>\n<p>Es tracta d&#8217;un programa internacional d&#8217;aprenentatge en l\u00ednia que connecta m\u00e9s de 11.000 alumnes de centres educatius situats en aproximadament 50 ciutats d&#8217;arreu del m\u00f3n amb l&#8217;objectiu de <strong>preparar-los per esdevenir ciutadans del m\u00f3n i poder interactuar amb \u00e8xit amb persones d&#8217;altres pa\u00efsos<\/strong>. La iniciativa, adre\u00e7ada a\u00a0<strong>estudiants d&#8217;entre 10 i 13 anys <\/strong>( 5\u00e8 o 6\u00e8 de prim\u00e0ria i 1r o 2n de secund\u00e0ria), permet que alumnes d&#8217;arreu del m\u00f3n treballin plegats a l&#8217;entorn de temes d&#8217;inter\u00e8s general i que comparteixin reptes i problemes de car\u00e0cter local que, pel fet de ser comuns a altres contextos, poden tenir una soluci\u00f3 global. L&#8217;alumnat s&#8217;organitza en grups internacionals i les interaccions es fan en llengua anglesa. Per tant, el programa \u00e9s tamb\u00e9 una oportunitat per millorar la compet\u00e8ncia comunicativa de l&#8217;alumnat en angl\u00e8s i per descomptat, la compet\u00e8ncia global.<\/p>\n<p><strong>Els requisits generals s\u00f3n:<\/strong><\/p>\n<ol>\n<li>Poden sol\u00b7licitar la participaci\u00f3 en el programa Global Scholars els centres p\u00fablics de titularitat del Departament d&#8217;Educaci\u00f3 que imparteixen ensenyaments d&#8217;educaci\u00f3 b\u00e0sica.<\/li>\n<li>Els centres sol\u00b7licitants han de disposar d&#8217;un projecte educatiu de centre amb objectius adre\u00e7ats a promoure una educaci\u00f3 pluriling\u00fce i intercultural per al desenvolupament ling\u00fc\u00edstic de l&#8217;alumnat i per a la millora de la seva compet\u00e8ncia global.<\/li>\n<li>Garantir la seva participaci\u00f3 en el programa per un per\u00edode de quatre cursos escolars i una impartici\u00f3 m\u00ednima de dues hores setmanals de classe.<\/li>\n<\/ol>\n<p>Addicionalment, cal complir, com a m\u00ednim, un dels requisits seg\u00fcents:<\/p>\n<ul>\n<li>No haver participat mai en el programa Global Scholars.<\/li>\n<li>Participar en el curs 2023-2024 en un programa de foment de l&#8217;aprenentatge de l&#8217;angl\u00e8s del Departament d&#8217;Educaci\u00f3 o en altres programes de cooperaci\u00f3 educativa internacional.<\/li>\n<li>Tenir integrat al Projecte Ling\u00fc\u00edstic del Centre (PLC) o a la Programaci\u00f3 General Anual del centre (PGA) la impartici\u00f3 d&#8217;\u00e0rees o mat\u00e8ries en llengua estrangera.<\/li>\n<li>Tenir un percentatge d&#8217;alumnat superior al 10% que ha obtingut un resultat baix en llengua anglesa en les proves de compet\u00e8ncies b\u00e0siques a 6\u00e8 de prim\u00e0ria o a 4t d&#8217;ESO, per sota de la mitjana de Catalunya.\u200b<\/li>\n<\/ul>\n<p>El centre es compromet a:<\/p>\n<p>&#8211; Garantir participar en el programa per un per\u00edode de <strong>quatre cursos escolars<\/strong>.<br \/>\n&#8211; Vetllar perqu\u00e8 l\u2019alumnat participant tingui<strong> l\u2019acc\u00e9s a ordinadors i connexi\u00f3 a Internet<\/strong> (com a m\u00ednim un ordinador per a cada dos alumnes) durant les hores de classe en qu\u00e8 s\u2019implementar\u00e0 el programa.<br \/>\n&#8211; Vetllar perqu\u00e8 s&#8217;imparteixi <strong>un m\u00ednim de dues hores setmanals de classe del programa Global Scholars<\/strong> a 5\u00e8 o 6\u00e8 de prim\u00e0ria, o b\u00e9 a 1r o 2n de secund\u00e0ria, i fer-ho constar aix\u00ed en la programaci\u00f3 general anual (PGA) del centre.<br \/>\n&#8211; Vetllar perqu\u00e8 cada docent participant <strong>implementi correctament el programa Global Scholars<\/strong> a l\u2019aula i segueixi les indicacions del Departament d\u2019Educaci\u00f3 i de Global Cities, pel que fa als <strong>continguts i al <\/strong><strong>calendari.<\/strong><br \/>\n&#8211; Assignar <strong>almenys un\/a docent al programa.<\/strong> En cas d\u2019obtenir m\u00e9s d\u2019un grup, cal procurar assignar <strong>docents de diferents mat\u00e8ries i facilitar-ne la coordinaci\u00f3 setmanal.<\/strong><br \/>\n&#8211; Facilitar que els\/les <strong>docents implicats participin en les sessions de desenvolupament professional<\/strong> que planifiqui l\u2019organitzaci\u00f3 Global Cities (1 sessi\u00f3 per cada 5 unitats) i en les sessions de reflexi\u00f3 del Departament d\u2019Educaci\u00f3 o de Global Cities (Formaci\u00f3 de 10 hores certificada per Departament d&#8217;Educaci\u00f3)<br \/>\n&#8211; Vetllar perqu\u00e8 tant el professorat com l\u2019alumnat que participen en el programa <strong>emplenin les enquestes que l\u2019organitzaci\u00f3<\/strong> fa arribar cada any als centres, abans de comen\u00e7ar el curs i un cop finalitzat.<br \/>\n&#8211; Preveure<strong> la transfer\u00e8ncia dels continguts dins i fora del centre<\/strong>, informar el claustre, el consell escolar i la comunitat educativa de la participaci\u00f3 del centre en el programa.<\/p>\n<p>Global Cities, Inc., com a propiet\u00e0ria del programa, estableix les condicions de participaci\u00f3 dels centres educatius i configura el nombre de grups per cada territori. El\u00a0Servei de Lleng\u00fces Estrangeres i d&#8217;Origen\u00a0(SLEO) del Departament d&#8217;Educaci\u00f3, en col\u00b7laboraci\u00f3 amb els\u00a0Serveis Territorials i el Consorci d&#8217;Educaci\u00f3 de Barcelona, gestiona la participaci\u00f3 dels centres de Catalunya en el programa. El nombre de grups d&#8217;alumnes i, per tant, de centres participants es configura cada curs escolar i pot variar segons les necessitats de l&#8217;organitzaci\u00f3 i en funci\u00f3 de la participaci\u00f3 d&#8217;escoles d&#8217;altres pa\u00efsos.\u00a0Enguany,<span style=\"font-weight: 400;\"> a Catalunya\u00a0han participat\u00a0 41 centres educatius amb 78 grups.\u00a0<\/span><\/p>\n<p style=\"font-weight: 400;\">La incorporaci\u00f3 definitiva al programa queda sotmesa a l&#8217;acceptaci\u00f3 per part de l&#8217;organitzaci\u00f3 Global Cities. Acabat el proc\u00e9s de selecci\u00f3 i validaci\u00f3 per part de Global Cities, es confirmar\u00e0 <strong>la participaci\u00f3 definitiva dels centres en el Portal de Centres.\u00a0<\/strong><\/p>\n<p><strong>Tota la informaci\u00f3 trobareu <a href=\"https:\/\/espai.educacio.gencat.cat\/Centres\/Projectes-educatius\/Global-Scholars\/Pagines\/default.aspx\">al portal de Centres.<\/a><\/strong><\/p>\n<p>&nbsp;<\/p>\n","protected":false},"excerpt":{"rendered":"<p><a href=\"https:\/\/projectes.xtec.cat\/internacional\/wp-content\/uploads\/usu1767\/2023\/03\/Convocatoria_1.png\"><\/a><br \/>\nS&#8217;ha obert la convocat\u00f2ria per oferir 14 grups per a nous centres participants en el programa <a href=\"https:\/\/www.globalcities.org\/global-scholars\">Global Scholars<\/a> per al curs 2024-2025 de seg\u00fcents Serveis Territorials:<\/p>\n<ul>\n<li>Barcelon\u00e8s<\/li>\n<li>Baix Llobregat<\/li>\n<li>Catalunya Central<\/li>\n<li>Maresme-Vall\u00e8s Oriental<\/li>\n<li>Terres de l\u2019Ebre<\/li>\n<li>Vall\u00e8s Occidental<\/li>\n<\/ul>\n<p>El termini per presentar la vostra sol\u00b7licitud \u00e9s del 20 de juny&hellip;  <a href=\"https:\/\/projectes.xtec.cat\/internacional\/general\/participacio-global-scholars-2024-2025-convocatoria-oberta\/\" title=\"Read Participaci\u00f3 Global Scholars 2024-2025 &#8211; Convocat\u00f2ria oberta\">Llegeix m\u00e9s\u00bb<\/a><\/p>\n","protected":false},"author":1,"featured_media":12185,"comment_status":"closed","ping_status":"closed","sticky":false,"template":"","format":"standard","meta":{"_bbp_topic_count":0,"_bbp_reply_count":0,"_bbp_total_topic_count":0,"_bbp_total_reply_count":0,"_bbp_voice_count":0,"_bbp_anonymous_reply_count":0,"_bbp_topic_count_hidden":0,"_bbp_reply_count_hidden":0,"_bbp_forum_subforum_count":0,"footnotes":""},"categories":[1,29],"tags":[373,405,383],"class_list":["post-13929","post","type-post","status-publish","format-standard","has-post-thumbnail","hentry","category-general","category-portada","tag-competencia-global","tag-convocatoria","tag-global-scholars"],"post_mailing_queue_ids":[],"_links":{"self":[{"href":"https:\/\/projectes.xtec.cat\/internacional\/wp-json\/wp\/v2\/posts\/13929","targetHints":{"allow":["GET"]}}],"collection":[{"href":"https:\/\/projectes.xtec.cat\/internacional\/wp-json\/wp\/v2\/posts"}],"about":[{"href":"https:\/\/projectes.xtec.cat\/internacional\/wp-json\/wp\/v2\/types\/post"}],"author":[{"embeddable":true,"href":"https:\/\/projectes.xtec.cat\/internacional\/wp-json\/wp\/v2\/users\/1"}],"replies":[{"embeddable":true,"href":"https:\/\/projectes.xtec.cat\/internacional\/wp-json\/wp\/v2\/comments?post=13929"}],"version-history":[{"count":2,"href":"https:\/\/projectes.xtec.cat\/internacional\/wp-json\/wp\/v2\/posts\/13929\/revisions"}],"predecessor-version":[{"id":13931,"href":"https:\/\/projectes.xtec.cat\/internacional\/wp-json\/wp\/v2\/posts\/13929\/revisions\/13931"}],"wp:featuredmedia":[{"embeddable":true,"href":"https:\/\/projectes.xtec.cat\/internacional\/wp-json\/wp\/v2\/media\/12185"}],"wp:attachment":[{"href":"https:\/\/projectes.xtec.cat\/internacional\/wp-json\/wp\/v2\/media?parent=13929"}],"wp:term":[{"taxonomy":"category","embeddable":true,"href":"https:\/\/projectes.xtec.cat\/internacional\/wp-json\/wp\/v2\/categories?post=13929"},{"taxonomy":"post_tag","embeddable":true,"href":"https:\/\/projectes.xtec.cat\/internacional\/wp-json\/wp\/v2\/tags?post=13929"}],"curies":[{"name":"wp","href":"https:\/\/api.w.org\/{rel}","templated":true}]}}