{"id":13937,"date":"2024-06-21T10:16:35","date_gmt":"2024-06-21T08:16:35","guid":{"rendered":"https:\/\/projectes.xtec.cat\/internacional\/?p=13937"},"modified":"2024-06-21T10:16:44","modified_gmt":"2024-06-21T08:16:44","slug":"resolucio-provisional-de-sollicituds-seleccionades-no-seleccionades-i-llista-de-reserva-ka121-i-ka122-sch-i-adu-conv-24","status":"publish","type":"post","link":"https:\/\/projectes.xtec.cat\/internacional\/general\/resolucio-provisional-de-sollicituds-seleccionades-no-seleccionades-i-llista-de-reserva-ka121-i-ka122-sch-i-adu-conv-24\/","title":{"rendered":"Resoluci\u00f3 provisional de sol\u00b7licituds seleccionades, no seleccionades i llista de reserva KA121 i KA122 (SCH i ADU) conv.24"},"content":{"rendered":"<p>&nbsp;<\/p>\n<p><a href=\"https:\/\/projectes.xtec.cat\/internacional\/wp-content\/uploads\/usu1767\/2024\/06\/pexels-photo-3153199.webp\"><img loading=\"lazy\" decoding=\"async\" class=\" wp-image-13938 aligncenter\" src=\"https:\/\/projectes.xtec.cat\/internacional\/wp-content\/uploads\/usu1767\/2024\/06\/pexels-photo-3153199-1024x683.webp\" alt=\"\" width=\"912\" height=\"608\" srcset=\"https:\/\/projectes.xtec.cat\/internacional\/wp-content\/uploads\/usu1767\/2024\/06\/pexels-photo-3153199-1024x683.webp 1024w, https:\/\/projectes.xtec.cat\/internacional\/wp-content\/uploads\/usu1767\/2024\/06\/pexels-photo-3153199-300x200.webp 300w, https:\/\/projectes.xtec.cat\/internacional\/wp-content\/uploads\/usu1767\/2024\/06\/pexels-photo-3153199-768x512.webp 768w, https:\/\/projectes.xtec.cat\/internacional\/wp-content\/uploads\/usu1767\/2024\/06\/pexels-photo-3153199-1536x1024.webp 1536w, https:\/\/projectes.xtec.cat\/internacional\/wp-content\/uploads\/usu1767\/2024\/06\/pexels-photo-3153199-2048x1365.webp 2048w\" sizes=\"auto, (max-width: 912px) 100vw, 912px\" \/><\/a><\/p>\n<p>Publicada la <a href=\"http:\/\/sepie.es\/doc\/convocatoria\/2024\/resoluciones\/junio_2024\/ka1\/resolucion.pdf\">resoluci\u00f3 provisional<\/a>\u00a0de\u00a0<strong>sol\u00b7licituds seleccionades, no seleccionades i en llista de reserva<\/strong>\u00a0de\u00a0<strong>l\u2019Acci\u00f3 Clau 1<\/strong> \u2013 <strong>KA121 i KA122 (SCH i ADU)\u00a0<\/strong>corresponents a la\u00a0<strong>convocat\u00f2ria de 2024.\u00a0<\/strong><\/p>\n<ul>\n<li><b>Sol\u00b7licituds en l\u2019\u00e0mbit de l\u2019educaci\u00f3 escolar (KA121-SCH)<\/b>\n<ul>\n<li><a href=\"http:\/\/sepie.es\/doc\/convocatoria\/2024\/resoluciones\/junio_2024\/ka1\/report_anexo_i1_fondosprovisional2024ka121schs.pdf\">Llistat provisional de sol\u00b7licituds seleccionades<\/a><\/li>\n<\/ul>\n<\/li>\n<\/ul>\n<ul>\n<li><b>Sol\u00b7licituds en l\u2019\u00e0mbit de l\u2019educaci\u00f3 escolar (KA122-SCH)<\/b>\n<ul>\n<li><a href=\"http:\/\/sepie.es\/doc\/convocatoria\/2024\/resoluciones\/junio_2024\/ka1\/report_anexo_i2_fondosprovisional2024ka122schs.pdf\">Llistat provisional de sol\u00b7licituds seleccionades<\/a><\/li>\n<li><a href=\"http:\/\/sepie.es\/doc\/convocatoria\/2024\/resoluciones\/junio_2024\/ka1\/report_anexo_i4_fondosprovisional2024ka122schr.pdf\">Llistat provisional de sol\u00b7licituds no seleccionades<\/a><\/li>\n<li><a href=\"http:\/\/sepie.es\/doc\/convocatoria\/2024\/resoluciones\/junio_2024\/ka1\/report_anexo_i3_fondosprovisional2024ka122schw.pdf\">Llistat provisional de sol\u00b7licituds en llista de reserva<\/a><\/li>\n<\/ul>\n<\/li>\n<\/ul>\n<ul>\n<li><b>Acci\u00f3 Clau 1 \u2013 Sol\u00b7licituds Erasmus en l\u2019\u00e0mbit de l\u2019educaci\u00f3 de persones adultes (KA121-ADU)<\/b>\n<ul>\n<li><a href=\"http:\/\/sepie.es\/doc\/convocatoria\/2024\/resoluciones\/junio_2024\/ka1\/report_anexo_ii1_fondosprovisional2024ka121adus.pdf\">Llistat provisional de sol\u00b7licituds seleccionades<\/a><\/li>\n<\/ul>\n<\/li>\n<\/ul>\n<ul>\n<li><b>Acci\u00f3 Clau 1 \u2013 Sol\u00b7licituds Erasmus en l\u2019\u00e0mbit de l\u2019educaci\u00f3 de persones adultes (KA122-ADU)<\/b>\n<ul>\n<li><a href=\"http:\/\/sepie.es\/doc\/convocatoria\/2024\/resoluciones\/junio_2024\/ka1\/report_anexo_ii2_fondosprovisional2024ka122adus.pdf\">Llistat provisional de sol\u00b7licituds seleccionades<\/a><\/li>\n<li><a href=\"http:\/\/sepie.es\/doc\/convocatoria\/2024\/resoluciones\/junio_2024\/ka1\/report_anexo_ii3_fondosprovisional2024ka122adur.pdf\">Llistat provisional de sol\u00b7licituds no seleccionades<\/a><\/li>\n<\/ul>\n<\/li>\n<\/ul>\n<p>Els sol\u00b7licitants de totes les <strong>accions KA122<\/strong> que figuren en els llistats de sol\u00b7licituds seleccionades, en llista de reserva i rebutjades amb <strong>codi de rebuig 1 i 2<\/strong> podran accedir a<strong> l&#8217;informe corresponent de l&#8217;avaluaci\u00f3 de la qualitat,<\/strong> a trav\u00e9s de la <strong>Plataforma de Suport d&#8217;Erasmus+ Ulises<\/strong> disponible a: <a href=\"https:\/\/sepie.erasmusplus.gob.es\/ulises\/\" target=\"_new\" rel=\"noreferrer noopener\">https:\/\/sepie.erasmusplus.gob.es\/ulises\/<\/a><\/p>\n<p>Podran presentar-se <strong>al\u00b7legacions <\/strong>en relaci\u00f3 amb l&#8217;avaluaci\u00f3 de la qualitat i els motius de rebuig en el termini de 5 dies h\u00e0bils a comptar des de l&#8217;endem\u00e0 de la publicaci\u00f3 d&#8217;aquesta resoluci\u00f3 provisional<strong> (fins al 28 de juny de 2024 incl\u00f2s).<\/strong> La presentaci\u00f3 d&#8217;al\u00b7legacions s&#8217;haur\u00e0 de realitzar a trav\u00e9s del seg\u00fcent enlla\u00e7: <a href=\"https:\/\/sepie.erasmusplus.gob.es\/ulises\/\" target=\"_new\" rel=\"noreferrer noopener\">https:\/\/sepie.erasmusplus.gob.es\/ulises\/<\/a><\/p>\n","protected":false},"excerpt":{"rendered":"<p>&nbsp;<br \/>\n<a href=\"https:\/\/projectes.xtec.cat\/internacional\/wp-content\/uploads\/usu1767\/2024\/06\/pexels-photo-3153199.webp\"><\/a><br \/>\nPublicada la <a href=\"http:\/\/sepie.es\/doc\/convocatoria\/2024\/resoluciones\/junio_2024\/ka1\/resolucion.pdf\">resoluci\u00f3 provisional<\/a>\u00a0de\u00a0sol\u00b7licituds seleccionades, no seleccionades i en llista de reserva\u00a0de\u00a0l\u2019Acci\u00f3 Clau 1 \u2013 KA121 i KA122 (SCH i ADU)\u00a0corresponents a la\u00a0convocat\u00f2ria de 2024.\u00a0<\/p>\n<ul>\n<li>Sol\u00b7licituds en l\u2019\u00e0mbit de l\u2019educaci\u00f3 escolar (KA121-SCH)\n<ul>\n<li><a href=\"http:\/\/sepie.es\/doc\/convocatoria\/2024\/resoluciones\/junio_2024\/ka1\/report_anexo_i1_fondosprovisional2024ka121schs.pdf\">Llistat provisional de sol\u00b7licituds seleccionades<\/a><\/li>\n<\/ul>\n<\/li>\n<\/ul>\n<ul>\n<li>Sol\u00b7licituds en l\u2019\u00e0mbit de l\u2019educaci\u00f3 escolar (KA122-SCH)\n<ul>\n<li><a href=\"http:\/\/sepie.es\/doc\/convocatoria\/2024\/resoluciones\/junio_2024\/ka1\/report_anexo_i2_fondosprovisional2024ka122schs.pdf\">Llistat&hellip;  <a href=\"https:\/\/projectes.xtec.cat\/internacional\/general\/resolucio-provisional-de-sollicituds-seleccionades-no-seleccionades-i-llista-de-reserva-ka121-i-ka122-sch-i-adu-conv-24\/\" title=\"Read Resoluci\u00f3 provisional de sol\u00b7licituds seleccionades, no seleccionades i llista de reserva KA121 i KA122 (SCH i ADU) conv.24\">Llegeix m\u00e9s\u00bb<\/a><br \/>\n","protected":false},"author":1,"featured_media":13938,"comment_status":"open","ping_status":"closed","sticky":false,"template":"","format":"standard","meta":{"_bbp_topic_count":0,"_bbp_reply_count":0,"_bbp_total_topic_count":0,"_bbp_total_reply_count":0,"_bbp_voice_count":0,"_bbp_anonymous_reply_count":0,"_bbp_topic_count_hidden":0,"_bbp_reply_count_hidden":0,"_bbp_forum_subforum_count":0,"footnotes":""},"categories":[311,1,312,29,309,436],"tags":[],"class_list":["post-13937","post","type-post","status-publish","format-standard","has-post-thumbnail","hentry","category-erasmus","category-general","category-ka1","category-portada","category-programa-erasmus-2021-2027","category-sepie"],"post_mailing_queue_ids":[],"_links":{"self":[{"href":"https:\/\/projectes.xtec.cat\/internacional\/wp-json\/wp\/v2\/posts\/13937","targetHints":{"allow":["GET"]}}],"collection":[{"href":"https:\/\/projectes.xtec.cat\/internacional\/wp-json\/wp\/v2\/posts"}],"about":[{"href":"https:\/\/projectes.xtec.cat\/internacional\/wp-json\/wp\/v2\/types\/post"}],"author":[{"embeddable":true,"href":"https:\/\/projectes.xtec.cat\/internacional\/wp-json\/wp\/v2\/users\/1"}],"replies":[{"embeddable":true,"href":"https:\/\/projectes.xtec.cat\/internacional\/wp-json\/wp\/v2\/comments?post=13937"}],"version-history":[{"count":4,"href":"https:\/\/projectes.xtec.cat\/internacional\/wp-json\/wp\/v2\/posts\/13937\/revisions"}],"predecessor-version":[{"id":13942,"href":"https:\/\/projectes.xtec.cat\/internacional\/wp-json\/wp\/v2\/posts\/13937\/revisions\/13942"}],"wp:featuredmedia":[{"embeddable":true,"href":"https:\/\/projectes.xtec.cat\/internacional\/wp-json\/wp\/v2\/media\/13938"}],"wp:attachment":[{"href":"https:\/\/projectes.xtec.cat\/internacional\/wp-json\/wp\/v2\/media?parent=13937"}],"wp:term":[{"taxonomy":"category","embeddable":true,"href":"https:\/\/projectes.xtec.cat\/internacional\/wp-json\/wp\/v2\/categories?post=13937"},{"taxonomy":"post_tag","embeddable":true,"href":"https:\/\/projectes.xtec.cat\/internacional\/wp-json\/wp\/v2\/tags?post=13937"}],"curies":[{"name":"wp","href":"https:\/\/api.w.org\/{rel}","templated":true}]}}