{"id":13992,"date":"2024-07-19T17:39:55","date_gmt":"2024-07-19T15:39:55","guid":{"rendered":"https:\/\/projectes.xtec.cat\/internacional\/?p=13992"},"modified":"2024-07-22T09:48:23","modified_gmt":"2024-07-22T07:48:23","slug":"resolucio-definitiva-de-sollicituds-seleccionades-no-seleccionades-i-llista-de-reserva-ka121-i-ka122-sch-i-adu-conv-24","status":"publish","type":"post","link":"https:\/\/projectes.xtec.cat\/internacional\/general\/resolucio-definitiva-de-sollicituds-seleccionades-no-seleccionades-i-llista-de-reserva-ka121-i-ka122-sch-i-adu-conv-24\/","title":{"rendered":"Resoluci\u00f3 definitiva de sol\u00b7licituds seleccionades, no seleccionades i llista de reserva KA121 i KA122 (SCH i ADU) conv.24"},"content":{"rendered":"<p><a href=\"https:\/\/projectes.xtec.cat\/internacional\/wp-content\/uploads\/usu1767\/2024\/07\/istockphoto-1152850141-612x612-1.jpg\"><img loading=\"lazy\" decoding=\"async\" class=\"wp-image-13999 aligncenter\" src=\"https:\/\/projectes.xtec.cat\/internacional\/wp-content\/uploads\/usu1767\/2024\/07\/istockphoto-1152850141-612x612-1.jpg\" alt=\"\" width=\"788\" height=\"525\" srcset=\"https:\/\/projectes.xtec.cat\/internacional\/wp-content\/uploads\/usu1767\/2024\/07\/istockphoto-1152850141-612x612-1.jpg 612w, https:\/\/projectes.xtec.cat\/internacional\/wp-content\/uploads\/usu1767\/2024\/07\/istockphoto-1152850141-612x612-1-300x200.jpg 300w\" sizes=\"auto, (max-width: 788px) 100vw, 788px\" \/><\/a><\/p>\n<p style=\"text-align: justify;\">Publicada <a href=\"http:\/\/sepie.es\/doc\/convocatoria\/2024\/resoluciones\/julio_2024\/KA1_def\/resolucion.pdf\">la resoluci\u00f3 definitiva\u00a0<\/a>de\u00a0<strong>sol\u00b7licituds seleccionades, no seleccionades i en llista de reserva<\/strong>\u00a0de\u00a0<strong>l\u2019Acci\u00f3 Clau 1<\/strong> \u2013 <strong>KA121 i KA122 (SCH i ADU)\u00a0<\/strong>corresponents a la\u00a0<strong>convocat\u00f2ria de 2024.\u00a0<\/strong><\/p>\n<ul>\n<li><b>Sol\u00b7licituds en l\u2019\u00e0mbit de l\u2019educaci\u00f3 escolar (KA121-SCH)<\/b>\n<ul>\n<li><a href=\"http:\/\/sepie.es\/doc\/convocatoria\/2024\/resoluciones\/julio_2024\/KA1_def\/report_fondosdefinitiva-2024-KA121-SCH-s.pdf\">Llistat definitiu de sol\u00b7licituds seleccionades<\/a><\/li>\n<\/ul>\n<\/li>\n<\/ul>\n<ul>\n<li><b>Sol\u00b7licituds en l\u2019\u00e0mbit de l\u2019educaci\u00f3 escolar (KA122-SCH)<\/b>\n<ul>\n<li><a href=\"http:\/\/sepie.es\/doc\/convocatoria\/2024\/resoluciones\/julio_2024\/KA1_def\/report_fondosdefinitiva-2024-KA122-SCH-s.pdf\">Llistat definitiu de sol\u00b7licituds seleccionades<\/a><\/li>\n<li><a href=\"http:\/\/sepie.es\/doc\/convocatoria\/2024\/resoluciones\/julio_2024\/KA1_def\/report_fondosdefinitiva-2024-KA122-SCH-r.pdf\">Llistat definitiu de sol\u00b7licituds no seleccionades<\/a><\/li>\n<li><a href=\"http:\/\/sepie.es\/doc\/convocatoria\/2024\/resoluciones\/julio_2024\/KA1_def\/report_fondosdefinitiva-2024-KA122-SCH-w.pdf\">Llistat definitiu de sol\u00b7licituds en llista de reserva<\/a><\/li>\n<\/ul>\n<\/li>\n<\/ul>\n<ul>\n<li><b>Acci\u00f3 Clau 1 \u2013 Sol\u00b7licituds Erasmus en l\u2019\u00e0mbit de l\u2019educaci\u00f3 de persones adultes (KA121-ADU)<\/b>\n<ul>\n<li><a href=\"http:\/\/sepie.es\/doc\/convocatoria\/2024\/resoluciones\/julio_2024\/KA1_def\/report_fondosdefinitiva-2024-KA121-ADU-s.pdf\">Llistat definitiu de sol\u00b7licituds seleccionades<\/a><\/li>\n<\/ul>\n<\/li>\n<\/ul>\n<ul>\n<li><b>Acci\u00f3 Clau 1 \u2013 Sol\u00b7licituds Erasmus en l\u2019\u00e0mbit de l\u2019educaci\u00f3 de persones adultes (KA122-ADU)<\/b>\n<ul>\n<li><a href=\"http:\/\/sepie.es\/doc\/convocatoria\/2024\/resoluciones\/julio_2024\/KA1_def\/report_fondosdefinitiva-2024-KA122-ADU-s.pdf\">Llistat definitiu de sol\u00b7licituds seleccionades<\/a><\/li>\n<li><a href=\"http:\/\/sepie.es\/doc\/convocatoria\/2024\/resoluciones\/julio_2024\/KA1_def\/report_fondosdefinitiva-2024-KA122-ADU-r.pdf\">Llistat definitiu de sol\u00b7licituds no seleccionades<\/a><\/li>\n<\/ul>\n<\/li>\n<\/ul>\n<p style=\"text-align: justify;\">Els<strong> sol\u00b7licitants que van presentar al\u00b7legacions<\/strong> a la Resoluci\u00f3 de la Direcci\u00f3 del SEPIE per la qual es publiquen les llistes provisionals de sol\u00b7licituds seleccionades, en llista de reserva i rebutjades (accions KA121, KA122)<strong> podran accedir a la resposta<\/strong> a les al\u00b7legacions, a trav\u00e9s de la Plataforma de Suport d&#8217;Erasmus+ <strong>Ulises<\/strong> disponible a: <strong><a href=\"https:\/\/sepie.erasmusplus.gob.es\/ulises\/\" target=\"_new\" rel=\"noreferrer noopener\">https:\/\/sepie.erasmusplus.gob.es\/ulises\/<\/a><\/strong>.\u00a0 Els projecte KA121 podran consultar la resposta a les al\u00b7legacions, si escau, a l&#8217;apartat Avisos d&#8217;Ulises. Els projectes KA122 que figuren en les llistes de sol\u00b7licituds seleccionades, en llista de reserva i rebutjades amb codi 1 i 2, podran\u00a0accedir a l&#8217;informe corresponent de l&#8217;avaluaci\u00f3 de la Qualitat i a la contestaci\u00f3 de les al\u00b7legacions a l&#8217;apartat de Qualitat a trav\u00e9s de la mencionada plataforma.<\/p>\n<p style=\"text-align: justify;\">Els <strong>projectes KA122 de la llista de reserva<\/strong> podran ser seleccionats,<strong> en cas de disposar de fons addicionals<\/strong>, com a <strong>m\u00e0xim fins al 31 de desembre<\/strong> de 2024, en aquest cas, el SEPIE emetr\u00e0 resoluci\u00f3 i comunicar\u00e0 individualment als sol\u00b7licitants.<\/p>\n<p style=\"text-align: justify;\">Moltes felicitats a totes les institucions amb projecte adjudicat!<\/p>\n","protected":false},"excerpt":{"rendered":"<p><a href=\"https:\/\/projectes.xtec.cat\/internacional\/wp-content\/uploads\/usu1767\/2024\/07\/istockphoto-1152850141-612x612-1.jpg\"><\/a><br \/>\nPublicada <a href=\"http:\/\/sepie.es\/doc\/convocatoria\/2024\/resoluciones\/julio_2024\/KA1_def\/resolucion.pdf\">la resoluci\u00f3 definitiva\u00a0<\/a>de\u00a0sol\u00b7licituds seleccionades, no seleccionades i en llista de reserva\u00a0de\u00a0l\u2019Acci\u00f3 Clau 1 \u2013 KA121 i KA122 (SCH i ADU)\u00a0corresponents a la\u00a0convocat\u00f2ria de 2024.\u00a0<\/p>\n<ul>\n<li>Sol\u00b7licituds en l\u2019\u00e0mbit de l\u2019educaci\u00f3 escolar (KA121-SCH)\n<ul>\n<li><a href=\"http:\/\/sepie.es\/doc\/convocatoria\/2024\/resoluciones\/julio_2024\/KA1_def\/report_fondosdefinitiva-2024-KA121-SCH-s.pdf\">Llistat definitiu de sol\u00b7licituds seleccionades<\/a><\/li>\n<\/ul>\n<\/li>\n<\/ul>\n<ul>\n<li>Sol\u00b7licituds en l\u2019\u00e0mbit de l\u2019educaci\u00f3 escolar (KA122-SCH)\n<ul>\n<li><a href=\"http:\/\/sepie.es\/doc\/convocatoria\/2024\/resoluciones\/julio_2024\/KA1_def\/report_fondosdefinitiva-2024-KA122-SCH-s.pdf\">Llistat&hellip;  <a href=\"https:\/\/projectes.xtec.cat\/internacional\/general\/resolucio-definitiva-de-sollicituds-seleccionades-no-seleccionades-i-llista-de-reserva-ka121-i-ka122-sch-i-adu-conv-24\/\" title=\"Read Resoluci\u00f3 definitiva de sol\u00b7licituds seleccionades, no seleccionades i llista de reserva KA121 i KA122 (SCH i ADU) conv.24\">Llegeix m\u00e9s\u00bb<\/a><br \/>\n","protected":false},"author":1,"featured_media":13999,"comment_status":"open","ping_status":"closed","sticky":false,"template":"","format":"standard","meta":{"_bbp_topic_count":0,"_bbp_reply_count":0,"_bbp_total_topic_count":0,"_bbp_total_reply_count":0,"_bbp_voice_count":0,"_bbp_anonymous_reply_count":0,"_bbp_topic_count_hidden":0,"_bbp_reply_count_hidden":0,"_bbp_forum_subforum_count":0,"footnotes":""},"categories":[311,1,29,309],"tags":[],"class_list":["post-13992","post","type-post","status-publish","format-standard","has-post-thumbnail","hentry","category-erasmus","category-general","category-portada","category-programa-erasmus-2021-2027"],"post_mailing_queue_ids":[],"_links":{"self":[{"href":"https:\/\/projectes.xtec.cat\/internacional\/wp-json\/wp\/v2\/posts\/13992","targetHints":{"allow":["GET"]}}],"collection":[{"href":"https:\/\/projectes.xtec.cat\/internacional\/wp-json\/wp\/v2\/posts"}],"about":[{"href":"https:\/\/projectes.xtec.cat\/internacional\/wp-json\/wp\/v2\/types\/post"}],"author":[{"embeddable":true,"href":"https:\/\/projectes.xtec.cat\/internacional\/wp-json\/wp\/v2\/users\/1"}],"replies":[{"embeddable":true,"href":"https:\/\/projectes.xtec.cat\/internacional\/wp-json\/wp\/v2\/comments?post=13992"}],"version-history":[{"count":7,"href":"https:\/\/projectes.xtec.cat\/internacional\/wp-json\/wp\/v2\/posts\/13992\/revisions"}],"predecessor-version":[{"id":14006,"href":"https:\/\/projectes.xtec.cat\/internacional\/wp-json\/wp\/v2\/posts\/13992\/revisions\/14006"}],"wp:featuredmedia":[{"embeddable":true,"href":"https:\/\/projectes.xtec.cat\/internacional\/wp-json\/wp\/v2\/media\/13999"}],"wp:attachment":[{"href":"https:\/\/projectes.xtec.cat\/internacional\/wp-json\/wp\/v2\/media?parent=13992"}],"wp:term":[{"taxonomy":"category","embeddable":true,"href":"https:\/\/projectes.xtec.cat\/internacional\/wp-json\/wp\/v2\/categories?post=13992"},{"taxonomy":"post_tag","embeddable":true,"href":"https:\/\/projectes.xtec.cat\/internacional\/wp-json\/wp\/v2\/tags?post=13992"}],"curies":[{"name":"wp","href":"https:\/\/api.w.org\/{rel}","templated":true}]}}