{"id":14360,"date":"2024-09-23T16:35:43","date_gmt":"2024-09-23T14:35:43","guid":{"rendered":"https:\/\/projectes.xtec.cat\/internacional\/?p=14360"},"modified":"2024-09-23T16:56:42","modified_gmt":"2024-09-23T14:56:42","slug":"barcelona-celebra-el-dia-europeu-de-les-llengues-2024","status":"publish","type":"post","link":"https:\/\/projectes.xtec.cat\/internacional\/general\/barcelona-celebra-el-dia-europeu-de-les-llengues-2024\/","title":{"rendered":"Barcelona celebra el Dia Europeu de les Lleng\u00fces 2024"},"content":{"rendered":"<p style=\"text-align: center;\"><a href=\"https:\/\/projectes.xtec.cat\/internacional\/wp-content\/uploads\/usu1767\/2024\/09\/image004.png\"><img loading=\"lazy\" decoding=\"async\" class=\"alignnone size-full wp-image-14389\" src=\"https:\/\/projectes.xtec.cat\/internacional\/wp-content\/uploads\/usu1767\/2024\/09\/image004.png\" alt=\"\" width=\"511\" height=\"153\" srcset=\"https:\/\/projectes.xtec.cat\/internacional\/wp-content\/uploads\/usu1767\/2024\/09\/image004.png 511w, https:\/\/projectes.xtec.cat\/internacional\/wp-content\/uploads\/usu1767\/2024\/09\/image004-300x90.png 300w\" sizes=\"auto, (max-width: 511px) 100vw, 511px\" \/><\/a><\/p>\n<p>El 26 de setembre \u00e9s el <strong>Dia Europeu de les Lleng\u00fces<\/strong>, una iniciativa del <a href=\"https:\/\/edl.ecml.at\/Home\/tabid\/1455\/language\/ca-ES\/Default.aspx\">Consell d&#8217;Europa<\/a> per celebrar el pluriling\u00fcisme que la Comissi\u00f3 Europea commemora cada any amb diverses <a href=\"https:\/\/commission.europa.eu\/about-european-commission\/departments-and-executive-agencies\/translation\/edl_en\">activitats arreu d&#8217;Europa<\/a>.<\/p>\n<p>Des de la Direcci\u00f3 General de Traducci\u00f3 de la Comissi\u00f3 Europea i EUNIC Barcelona organitzen els actes de celebraci\u00f3 del <strong>Dia Europeu de les Lleng\u00fces 2024 a Barcelona<\/strong> i us conviden a participar-hi. <a href=\"https:\/\/projectes.xtec.cat\/internacional\/wp-content\/uploads\/usu1767\/2024\/09\/DiaEuropeudelesLlengues.png\"><img loading=\"lazy\" decoding=\"async\" class=\"wp-image-14373 alignright\" src=\"https:\/\/projectes.xtec.cat\/internacional\/wp-content\/uploads\/usu1767\/2024\/09\/DiaEuropeudelesLlengues.png\" alt=\"\" width=\"436\" height=\"666\" srcset=\"https:\/\/projectes.xtec.cat\/internacional\/wp-content\/uploads\/usu1767\/2024\/09\/DiaEuropeudelesLlengues.png 604w, https:\/\/projectes.xtec.cat\/internacional\/wp-content\/uploads\/usu1767\/2024\/09\/DiaEuropeudelesLlengues-196x300.png 196w\" sizes=\"auto, (max-width: 436px) 100vw, 436px\" \/><\/a><\/p>\n<p>La celebraci\u00f3 comen\u00e7a el mateix dijous, <strong>26 de setembre<\/strong>, amb la <strong>taula rodona &#8220;<em>Traducci\u00f3 i pluriling\u00fcisme<\/em><\/strong>&#8221; en el marc de la Setmana del Llibre en Catal\u00e0, i compta amb la participaci\u00f3 de la poeta i traductora su\u00efssa Jessica Zuan, el professor i escriptor Ricard Ripoll i l&#8217;editor brit\u00e0nic Rory Williamson, i que estar\u00e0 moderada pel traductor i professor Miquel Cabal.<\/p>\n<p>Divendres,<strong> 27 de setembre<\/strong>, la <strong>confer\u00e8ncia <em>&#8220;What can AI do for you? AI for language teachers and learners&#8221; <\/em><\/strong>us endinsar\u00e0 en les oportunitats que obren les noves tecnologies per a l&#8217;aprenentatge d&#8217;idiomes. L&#8217;activitat compta amb la Catherine Morley, professora d&#8217;angl\u00e8s i experta en aquest \u00e0mbit, i es dur\u00e0 a terme en angl\u00e8s al Goethe-Institut Barcelona.<\/p>\n<p>El fi de festa ser\u00e0 dissabte, <strong>28 de setembre<\/strong> al mat\u00ed, amb la Fira del Dia Europeu de les Lleng\u00fces que es celebrar\u00e0 a l&#8217;Institut fran\u00e7ais de Barcelona i que inclou un programa ben interessant:<\/p>\n<ul>\n<li style=\"list-style-type: none;\">\n<ul>\n<li style=\"list-style-type: none;\">\n<ul>\n<li>Lectura de poesia en romanx i catal\u00e0<\/li>\n<li>Contacontes per a infants en alemany, angl\u00e8s, franc\u00e8s i itali\u00e0<\/li>\n<li>Taller de c\u00f2mic per a infants de 8 a 12 anys<\/li>\n<li>Speak dating<\/li>\n<li>Mercat de llibreries col\u00b7laboradores (Alibri, Jaimes, Le nuvole i La piccola)<\/li>\n<li>Estands informatius de les entitats organitzadores<\/li>\n<li>Tastet gastron\u00f2mic<\/li>\n<\/ul>\n<\/li>\n<\/ul>\n<\/li>\n<\/ul>\n<p>Animeu-vos i participeu-hi!<\/p>\n","protected":false},"excerpt":{"rendered":"<p><a href=\"https:\/\/projectes.xtec.cat\/internacional\/wp-content\/uploads\/usu1767\/2024\/09\/image004.png\"><\/a><br \/>\nEl 26 de setembre \u00e9s el Dia Europeu de les Lleng\u00fces, una iniciativa del <a href=\"https:\/\/edl.ecml.at\/Home\/tabid\/1455\/language\/ca-ES\/Default.aspx\">Consell d&#8217;Europa<\/a> per celebrar el pluriling\u00fcisme que la Comissi\u00f3 Europea commemora cada any amb diverses <a href=\"https:\/\/commission.europa.eu\/about-european-commission\/departments-and-executive-agencies\/translation\/edl_en\">activitats arreu d&#8217;Europa<\/a>.<br \/>\nDes de la Direcci\u00f3 General de Traducci\u00f3 de la Comissi\u00f3 Europea&hellip;  <a href=\"https:\/\/projectes.xtec.cat\/internacional\/general\/barcelona-celebra-el-dia-europeu-de-les-llengues-2024\/\" title=\"Read Barcelona celebra el Dia Europeu de les Lleng\u00fces 2024\">Llegeix m\u00e9s\u00bb<\/a><\/p>\n","protected":false},"author":1,"featured_media":14389,"comment_status":"open","ping_status":"closed","sticky":false,"template":"","format":"standard","meta":{"_bbp_topic_count":0,"_bbp_reply_count":0,"_bbp_total_topic_count":0,"_bbp_total_reply_count":0,"_bbp_voice_count":0,"_bbp_anonymous_reply_count":0,"_bbp_topic_count_hidden":0,"_bbp_reply_count_hidden":0,"_bbp_forum_subforum_count":0,"footnotes":""},"categories":[1,29,76],"tags":[],"class_list":["post-14360","post","type-post","status-publish","format-standard","has-post-thumbnail","hentry","category-general","category-portada","category-recursos"],"post_mailing_queue_ids":[],"_links":{"self":[{"href":"https:\/\/projectes.xtec.cat\/internacional\/wp-json\/wp\/v2\/posts\/14360","targetHints":{"allow":["GET"]}}],"collection":[{"href":"https:\/\/projectes.xtec.cat\/internacional\/wp-json\/wp\/v2\/posts"}],"about":[{"href":"https:\/\/projectes.xtec.cat\/internacional\/wp-json\/wp\/v2\/types\/post"}],"author":[{"embeddable":true,"href":"https:\/\/projectes.xtec.cat\/internacional\/wp-json\/wp\/v2\/users\/1"}],"replies":[{"embeddable":true,"href":"https:\/\/projectes.xtec.cat\/internacional\/wp-json\/wp\/v2\/comments?post=14360"}],"version-history":[{"count":6,"href":"https:\/\/projectes.xtec.cat\/internacional\/wp-json\/wp\/v2\/posts\/14360\/revisions"}],"predecessor-version":[{"id":14393,"href":"https:\/\/projectes.xtec.cat\/internacional\/wp-json\/wp\/v2\/posts\/14360\/revisions\/14393"}],"wp:featuredmedia":[{"embeddable":true,"href":"https:\/\/projectes.xtec.cat\/internacional\/wp-json\/wp\/v2\/media\/14389"}],"wp:attachment":[{"href":"https:\/\/projectes.xtec.cat\/internacional\/wp-json\/wp\/v2\/media?parent=14360"}],"wp:term":[{"taxonomy":"category","embeddable":true,"href":"https:\/\/projectes.xtec.cat\/internacional\/wp-json\/wp\/v2\/categories?post=14360"},{"taxonomy":"post_tag","embeddable":true,"href":"https:\/\/projectes.xtec.cat\/internacional\/wp-json\/wp\/v2\/tags?post=14360"}],"curies":[{"name":"wp","href":"https:\/\/api.w.org\/{rel}","templated":true}]}}