{"id":14465,"date":"2024-10-04T13:37:37","date_gmt":"2024-10-04T11:37:37","guid":{"rendered":"https:\/\/projectes.xtec.cat\/internacional\/?p=14465"},"modified":"2024-10-04T13:40:48","modified_gmt":"2024-10-04T11:40:48","slug":"comunitat-epale-club-de-lectura-i-congres-anual-2024","status":"publish","type":"post","link":"https:\/\/projectes.xtec.cat\/internacional\/general\/comunitat-epale-club-de-lectura-i-congres-anual-2024\/","title":{"rendered":"Comunitat EPALE: club de lectura i Congr\u00e9s anual 2024"},"content":{"rendered":"<p><a href=\"https:\/\/projectes.xtec.cat\/internacional\/wp-content\/uploads\/usu1767\/2024\/10\/EPALE-octubre.png\"><img loading=\"lazy\" decoding=\"async\" class=\"wp-image-14479 aligncenter\" src=\"https:\/\/projectes.xtec.cat\/internacional\/wp-content\/uploads\/usu1767\/2024\/10\/EPALE-octubre.png\" alt=\"\" width=\"619\" height=\"304\" srcset=\"https:\/\/projectes.xtec.cat\/internacional\/wp-content\/uploads\/usu1767\/2024\/10\/EPALE-octubre.png 765w, https:\/\/projectes.xtec.cat\/internacional\/wp-content\/uploads\/usu1767\/2024\/10\/EPALE-octubre-300x147.png 300w\" sizes=\"auto, (max-width: 619px) 100vw, 619px\" \/><\/a><\/p>\n<p>T&#8217;agradaria compartir la teva experi\u00e8ncia com a docent i aprofundir en el protagonisme de l&#8217;educaci\u00f3 com instrument de transformaci\u00f3? Alguna vegada has pensat en reinventar-te, participar en un aprenentatge que sigui una revoluci\u00f3 i ser protagonista del canvi i d&#8217;un futur diferent?<\/p>\n<p>La plataforma <strong>EPALE<\/strong> organitza activitats que segur seran del teu inter\u00e8s:<\/p>\n<ul>\n<li><strong>08 d&#8217;octubre de 2024<\/strong>: <a href=\"https:\/\/epale.ec.europa.eu\/es\/blog\/el-club-de-lectura-de-la-comunidad-epale-el-poder-transformador-de-la-educacion-congreso-de-la#\">Taller interactiu<\/a> <em>&#8220;El club de lectura de la comunitat EPALE: el poder transformador de l&#8217;educaci\u00f3&#8221;. <\/em>\u00c9s un taller obert a tothom, no cal haver llegit els llibres de refer\u00e8ncia, simplement s&#8217;ha de gaudir de l&#8217;experi\u00e8ncia.<\/li>\n<li><strong>15, 16 i 17 d&#8217;octubre de 2024<\/strong>: EPALE <a href=\"https:\/\/epale.ec.europa.eu\/es\/blog\/congreso-de-la-comunidad-epale-2024-forward-aprendizaje-de-adultos-encender-el-cambio-dar\">organitza el seu Congr\u00e9s de la Comunitat anual<\/a>, l&#8217;aprenentatge continua, cada persona adulta t\u00e9 el poder de reinventar-se a s\u00ed mateixa, t\u00e9 el poder del canvi i de participar en la creaci\u00f3 del futur.<\/li>\n<\/ul>\n<p>En els enlla\u00e7os podeu obtenir m\u00e9s informaci\u00f3 dels diferents esdeveniments.<\/p>\n<p>Us animem a participar!<\/p>\n","protected":false},"excerpt":{"rendered":"<p><a href=\"https:\/\/projectes.xtec.cat\/internacional\/wp-content\/uploads\/usu1767\/2024\/10\/EPALE-octubre.png\"><\/a><br \/>\nT&#8217;agradaria compartir la teva experi\u00e8ncia com a docent i aprofundir en el protagonisme de l&#8217;educaci\u00f3 com instrument de transformaci\u00f3? Alguna vegada has pensat en reinventar-te, participar en un aprenentatge que sigui una revoluci\u00f3 i ser protagonista del canvi i d&#8217;un futur diferent?<br \/>\nLa plataforma EPALE&hellip;  <a href=\"https:\/\/projectes.xtec.cat\/internacional\/general\/comunitat-epale-club-de-lectura-i-congres-anual-2024\/\" title=\"Read Comunitat EPALE: club de lectura i Congr\u00e9s anual 2024\">Llegeix m\u00e9s\u00bb<\/a><\/p>\n","protected":false},"author":1,"featured_media":14479,"comment_status":"open","ping_status":"closed","sticky":false,"template":"","format":"standard","meta":{"_bbp_topic_count":0,"_bbp_reply_count":0,"_bbp_total_topic_count":0,"_bbp_total_reply_count":0,"_bbp_voice_count":0,"_bbp_anonymous_reply_count":0,"_bbp_topic_count_hidden":0,"_bbp_reply_count_hidden":0,"_bbp_forum_subforum_count":0,"footnotes":""},"categories":[311,290,1,312,318,29,309,76],"tags":[],"class_list":["post-14465","post","type-post","status-publish","format-standard","has-post-thumbnail","hentry","category-erasmus","category-erasmus-i-el-covid-19","category-general","category-ka1","category-ka2","category-portada","category-programa-erasmus-2021-2027","category-recursos"],"post_mailing_queue_ids":[],"_links":{"self":[{"href":"https:\/\/projectes.xtec.cat\/internacional\/wp-json\/wp\/v2\/posts\/14465","targetHints":{"allow":["GET"]}}],"collection":[{"href":"https:\/\/projectes.xtec.cat\/internacional\/wp-json\/wp\/v2\/posts"}],"about":[{"href":"https:\/\/projectes.xtec.cat\/internacional\/wp-json\/wp\/v2\/types\/post"}],"author":[{"embeddable":true,"href":"https:\/\/projectes.xtec.cat\/internacional\/wp-json\/wp\/v2\/users\/1"}],"replies":[{"embeddable":true,"href":"https:\/\/projectes.xtec.cat\/internacional\/wp-json\/wp\/v2\/comments?post=14465"}],"version-history":[{"count":7,"href":"https:\/\/projectes.xtec.cat\/internacional\/wp-json\/wp\/v2\/posts\/14465\/revisions"}],"predecessor-version":[{"id":14486,"href":"https:\/\/projectes.xtec.cat\/internacional\/wp-json\/wp\/v2\/posts\/14465\/revisions\/14486"}],"wp:featuredmedia":[{"embeddable":true,"href":"https:\/\/projectes.xtec.cat\/internacional\/wp-json\/wp\/v2\/media\/14479"}],"wp:attachment":[{"href":"https:\/\/projectes.xtec.cat\/internacional\/wp-json\/wp\/v2\/media?parent=14465"}],"wp:term":[{"taxonomy":"category","embeddable":true,"href":"https:\/\/projectes.xtec.cat\/internacional\/wp-json\/wp\/v2\/categories?post=14465"},{"taxonomy":"post_tag","embeddable":true,"href":"https:\/\/projectes.xtec.cat\/internacional\/wp-json\/wp\/v2\/tags?post=14465"}],"curies":[{"name":"wp","href":"https:\/\/api.w.org\/{rel}","templated":true}]}}