{"id":14580,"date":"2024-10-23T20:24:12","date_gmt":"2024-10-23T18:24:12","guid":{"rendered":"https:\/\/projectes.xtec.cat\/internacional\/?p=14580"},"modified":"2024-10-23T20:24:12","modified_gmt":"2024-10-23T18:24:12","slug":"cicle-de-capsules-formatives-programa-erasmus","status":"publish","type":"post","link":"https:\/\/projectes.xtec.cat\/internacional\/general\/cicle-de-capsules-formatives-programa-erasmus\/","title":{"rendered":"Cicle de c\u00e0psules formatives Programa Erasmus+"},"content":{"rendered":"<p style=\"text-align: left;\"><a href=\"https:\/\/projectes.xtec.cat\/internacional\/wp-content\/uploads\/usu1767\/2024\/10\/Cover-1.jpg\"><img loading=\"lazy\" decoding=\"async\" class=\"aligncenter wp-image-14777\" src=\"https:\/\/projectes.xtec.cat\/internacional\/wp-content\/uploads\/usu1767\/2024\/10\/Cover-1.jpg\" alt=\"\" width=\"510\" height=\"285\" \/><\/a><\/p>\n<p style=\"text-align: left;\">El<strong> 17 d&#8217;octubre<\/strong> va comen\u00e7ar el cicle de sessions formatives per donar suport a la implementaci\u00f3 i gesti\u00f3 dels projectes internacionals actius als centres sobre temes espec\u00edfics.<\/p>\n<p><strong>Com est\u00e0 organitzada i quins continguts trobareu?<\/strong><\/p>\n<p>Aquesta formaci\u00f3 es divideix en deu sessions <strong>en l\u00ednia<\/strong>, que es realitzaran els <strong>dijous,<\/strong> <strong>de 18:00 h a 19:30 h,\u00a0<\/strong>amb els continguts seg\u00fcents:<\/p>\n<table class=\" aligncenter\" style=\"border-collapse: collapse; width: 90.8157%; height: 511px;\">\n<tbody>\n<tr style=\"height: 32px;\">\n<td style=\"width: 7.20497%; height: 32px;\"><strong>\u00a0 Sessi\u00f3\u00a0<\/strong><\/td>\n<td style=\"width: 6.09568%; height: 32px;\"><strong>\u00a0 \u00a0 Data<\/strong><\/td>\n<td style=\"width: 42.8768%; height: 32px;\"><strong>\u00a0 \u00a0 \u00a0 \u00a0 \u00a0 \u00a0 \u00a0 \u00a0 \u00a0 \u00a0 \u00a0 \u00a0 \u00a0 \u00a0 \u00a0 Contingut<\/strong><\/td>\n<td style=\"width: 15.0744%; height: 32px;\"><strong>\u00a0 \u00a0 \u00a0 Nivell<\/strong><\/td>\n<\/tr>\n<tr style=\"height: 32px;\">\n<td style=\"width: 7.20497%; height: 18px; text-align: left;\">Sessi\u00f3 1<\/td>\n<td style=\"width: 6.09568%; height: 18px;\">17\/10\/2024<\/td>\n<td style=\"width: 42.8768%; height: 18px;\">La internacionalitzaci\u00f3 (Compet\u00e8ncia global, i eines Global Scholars i eTwinning)<\/td>\n<td style=\"width: 15.0744%; height: 18px;\">C\u00e0psula nivell inicial<\/td>\n<\/tr>\n<tr style=\"height: 32px;\">\n<td style=\"width: 7.20497%; height: 32px; background-color: #97dfe8; text-align: left;\">Sessi\u00f3 2<\/td>\n<td style=\"width: 6.09568%; height: 32px; background-color: #97dfe8;\">24\/10\/2024<\/td>\n<td style=\"width: 42.8768%; height: 32px; background-color: #97dfe8;\">Activitats h\u00edbrides (Blended Learning activities) i mobilitat de grup\u00a0 d&#8217;alumnes<\/td>\n<td style=\"width: 15.0744%; height: 32px; background-color: #97dfe8;\">C\u00e0psula nivell avan\u00e7at<\/td>\n<\/tr>\n<tr style=\"height: 32px;\">\n<td style=\"width: 7.20497%; height: 10px; text-align: left;\">Sessi\u00f3 3<\/td>\n<td style=\"width: 6.09568%; height: 10px;\">21\/11\/2024<\/td>\n<td style=\"width: 42.8768%; height: 10px;\">Cerca de socis i cursos estructurats 1<\/td>\n<td style=\"width: 15.0744%; height: 10px;\">C\u00e0psula nivell inicial<\/td>\n<\/tr>\n<tr style=\"height: 32px;\">\n<td style=\"width: 7.20497%; height: 32px; background-color: #97dfe8; text-align: left;\">Sessi\u00f3 4<\/td>\n<td style=\"width: 6.09568%; height: 32px; background-color: #97dfe8;\">28\/11\/2024<\/td>\n<td style=\"width: 42.8768%; height: 32px; background-color: #97dfe8;\">Cerca de socis i cursos 2<\/td>\n<td style=\"width: 15.0744%; height: 32px; background-color: #97dfe8;\">C\u00e0psula nivell avan\u00e7at<\/td>\n<\/tr>\n<tr style=\"height: 32px;\">\n<td style=\"width: 7.20497%; height: 32px; text-align: left;\">Sessi\u00f3 5<\/td>\n<td style=\"width: 6.09568%; height: 32px;\">23\/01\/2025<\/td>\n<td style=\"width: 42.8768%; height: 32px;\">Mobilitats de l\u2019alumnat llarga i curta durada 1<\/td>\n<td style=\"width: 15.0744%; height: 32px;\">C\u00e0psula nivell inicial<\/td>\n<\/tr>\n<tr style=\"height: 32px;\">\n<td style=\"width: 7.20497%; height: 32px; background-color: #97dfe8; text-align: left;\">Sessi\u00f3 6<\/td>\n<td style=\"width: 6.09568%; height: 32px; background-color: #97dfe8;\">30\/01\/2025<\/td>\n<td style=\"width: 42.8768%; height: 32px; background-color: #97dfe8;\">Mobilitats de l\u2019alumnat llarga i curta durada 2<\/td>\n<td style=\"width: 15.0744%; height: 32px; background-color: #97dfe8;\">C\u00e0psula nivell avan\u00e7at<\/td>\n<\/tr>\n<tr style=\"height: 32px;\">\n<td style=\"width: 7.20497%; height: 32px; text-align: left;\">Sessi\u00f3 7<\/td>\n<td style=\"width: 6.09568%; height: 32px;\">27\/02\/2025<\/td>\n<td style=\"width: 42.8768%; height: 32px;\">Per\u00edodes d\u2019observaci\u00f3 (job shadowing)1<\/td>\n<td style=\"width: 15.0744%; height: 32px;\">C\u00e0psula nivell inicial<\/td>\n<\/tr>\n<tr style=\"height: 32px;\">\n<td style=\"width: 7.20497%; height: 32px; text-align: left;\">Sessi\u00f3 8<\/td>\n<td style=\"width: 6.09568%; height: 32px;\">20\/03\/2025<\/td>\n<td style=\"width: 42.8768%; height: 32px;\">Gesti\u00f3 econ\u00f2mica\/BM 1<\/td>\n<td style=\"width: 15.0744%; height: 32px;\">C\u00e0psula nivell inicial<\/td>\n<\/tr>\n<tr style=\"height: 32px;\">\n<td style=\"width: 7.20497%; height: 32px; background-color: #97dfe8; text-align: left;\">Sessi\u00f3 9<\/td>\n<td style=\"width: 6.09568%; height: 32px; background-color: #97dfe8;\">10\/04\/2025<\/td>\n<td style=\"width: 42.8768%; height: 32px; background-color: #97dfe8;\">Gesti\u00f3 econ\u00f2mica\/BM 2<\/td>\n<td style=\"width: 15.0744%; height: 32px; background-color: #97dfe8;\">C\u00e0psula nivell avan\u00e7at<\/td>\n<\/tr>\n<tr style=\"height: 47px;\">\n<td style=\"width: 7.20497%; text-align: left; height: 35px; background-color: #97dfe8;\">Sessi\u00f3 10<\/td>\n<td style=\"width: 6.09568%; height: 35px; background-color: #97dfe8;\">08\/05\/2025<\/td>\n<td style=\"width: 42.8768%; height: 35px; background-color: #97dfe8;\">Certificaci\u00f3 Europass Mobility \/ experts convidats<\/td>\n<td style=\"width: 15.0744%; height: 35px; background-color: #97dfe8;\">C\u00e0psula nivell avan\u00e7at<\/td>\n<\/tr>\n<\/tbody>\n<\/table>\n<p>&nbsp;<\/p>\n<p>Esperem que les gaudiu!<\/p>\n","protected":false},"excerpt":{"rendered":"<p><a href=\"https:\/\/projectes.xtec.cat\/internacional\/wp-content\/uploads\/usu1767\/2024\/10\/Cover-1.jpg\"><\/a><br \/>\nEl 17 d&#8217;octubre va comen\u00e7ar el cicle de sessions formatives per donar suport a la implementaci\u00f3 i gesti\u00f3 dels projectes internacionals actius als centres sobre temes espec\u00edfics.<br \/>\nCom est\u00e0 organitzada i quins continguts trobareu?<br \/>\nAquesta formaci\u00f3 es divideix en deu sessions en l\u00ednia, que es realitzaran&hellip;  <a href=\"https:\/\/projectes.xtec.cat\/internacional\/general\/cicle-de-capsules-formatives-programa-erasmus\/\" title=\"Read Cicle de c\u00e0psules formatives Programa Erasmus+\">Llegeix m\u00e9s\u00bb<\/a><\/p>\n","protected":false},"author":1,"featured_media":14777,"comment_status":"open","ping_status":"closed","sticky":false,"template":"","format":"standard","meta":{"_bbp_topic_count":0,"_bbp_reply_count":0,"_bbp_total_topic_count":0,"_bbp_total_reply_count":0,"_bbp_voice_count":0,"_bbp_anonymous_reply_count":0,"_bbp_topic_count_hidden":0,"_bbp_reply_count_hidden":0,"_bbp_forum_subforum_count":0,"footnotes":""},"categories":[311,154,1,312,318,29,309,76],"tags":[],"class_list":["post-14580","post","type-post","status-publish","format-standard","has-post-thumbnail","hentry","category-erasmus","category-formacio","category-general","category-ka1","category-ka2","category-portada","category-programa-erasmus-2021-2027","category-recursos"],"post_mailing_queue_ids":[],"_links":{"self":[{"href":"https:\/\/projectes.xtec.cat\/internacional\/wp-json\/wp\/v2\/posts\/14580","targetHints":{"allow":["GET"]}}],"collection":[{"href":"https:\/\/projectes.xtec.cat\/internacional\/wp-json\/wp\/v2\/posts"}],"about":[{"href":"https:\/\/projectes.xtec.cat\/internacional\/wp-json\/wp\/v2\/types\/post"}],"author":[{"embeddable":true,"href":"https:\/\/projectes.xtec.cat\/internacional\/wp-json\/wp\/v2\/users\/1"}],"replies":[{"embeddable":true,"href":"https:\/\/projectes.xtec.cat\/internacional\/wp-json\/wp\/v2\/comments?post=14580"}],"version-history":[{"count":7,"href":"https:\/\/projectes.xtec.cat\/internacional\/wp-json\/wp\/v2\/posts\/14580\/revisions"}],"predecessor-version":[{"id":14842,"href":"https:\/\/projectes.xtec.cat\/internacional\/wp-json\/wp\/v2\/posts\/14580\/revisions\/14842"}],"wp:featuredmedia":[{"embeddable":true,"href":"https:\/\/projectes.xtec.cat\/internacional\/wp-json\/wp\/v2\/media\/14777"}],"wp:attachment":[{"href":"https:\/\/projectes.xtec.cat\/internacional\/wp-json\/wp\/v2\/media?parent=14580"}],"wp:term":[{"taxonomy":"category","embeddable":true,"href":"https:\/\/projectes.xtec.cat\/internacional\/wp-json\/wp\/v2\/categories?post=14580"},{"taxonomy":"post_tag","embeddable":true,"href":"https:\/\/projectes.xtec.cat\/internacional\/wp-json\/wp\/v2\/tags?post=14580"}],"curies":[{"name":"wp","href":"https:\/\/api.w.org\/{rel}","templated":true}]}}