{"id":14692,"date":"2024-10-18T12:40:22","date_gmt":"2024-10-18T10:40:22","guid":{"rendered":"https:\/\/projectes.xtec.cat\/internacional\/?p=14692"},"modified":"2024-10-18T15:00:38","modified_gmt":"2024-10-18T13:00:38","slug":"1a-trobada-de-professionals-de-la-mobilitat-internacional-juvenil-de-catalunya","status":"publish","type":"post","link":"https:\/\/projectes.xtec.cat\/internacional\/general\/1a-trobada-de-professionals-de-la-mobilitat-internacional-juvenil-de-catalunya\/","title":{"rendered":"1a trobada de professionals de la mobilitat internacional juvenil de Catalunya"},"content":{"rendered":"<p><a href=\"https:\/\/projectes.xtec.cat\/internacional\/wp-content\/uploads\/usu1767\/2024\/10\/XNEJ_mobiltiatinternacional-1.png\"><img loading=\"lazy\" decoding=\"async\" class=\"wp-image-14712 aligncenter\" src=\"https:\/\/projectes.xtec.cat\/internacional\/wp-content\/uploads\/usu1767\/2024\/10\/XNEJ_mobiltiatinternacional-1-1024x639.png\" alt=\"\" width=\"580\" height=\"362\" srcset=\"https:\/\/projectes.xtec.cat\/internacional\/wp-content\/uploads\/usu1767\/2024\/10\/XNEJ_mobiltiatinternacional-1-1024x639.png 1024w, https:\/\/projectes.xtec.cat\/internacional\/wp-content\/uploads\/usu1767\/2024\/10\/XNEJ_mobiltiatinternacional-1-300x187.png 300w, https:\/\/projectes.xtec.cat\/internacional\/wp-content\/uploads\/usu1767\/2024\/10\/XNEJ_mobiltiatinternacional-1-768x480.png 768w, https:\/\/projectes.xtec.cat\/internacional\/wp-content\/uploads\/usu1767\/2024\/10\/XNEJ_mobiltiatinternacional-1.png 1145w\" sizes=\"auto, (max-width: 580px) 100vw, 580px\" \/><\/a><\/p>\n<p>El passat 16 d&#8217;octubre de 2024 la Unitat de Programes Internacionals del Servei de Lleng\u00fces Estrangers i d&#8217;Origen\u00a0 en representaci\u00f3 del Departament d&#8217;Educaci\u00f3 i Formaci\u00f3 Professional, va participar en la jornada organitzada per <a href=\"https:\/\/jovecat.gencat.cat\/ca\/orfes\/xnej\/index.html\">Xarxa Nacional d\u2019Emancipaci\u00f3 Juvenil<\/a>,\u00a0 en l&#8217;Espai Jove Fontana de Barcelona de 10:00 h a 13:30 h. Van participar una cinquantena de professionals entre <strong>assessors i assessores de mobilitat d\u2019Oficines i Punts Joves<\/strong>, institucions que fan projectes internacionals i altres professionals de joventut. La trobada va ser facilitada per <a href=\"https:\/\/vibria.org\/\">La V\u00edbria Intercultural<\/a>.<\/p>\n<p>Durant la jornada es van portar a terme diferents din\u00e0miques:<\/p>\n<ul>\n<li><strong>Presentacions<\/strong>: per part dels organitzadors i dels agents que fan projectes de mobilitat internacional, que van poder presentar les seves organitzacions de forma breu:\n<ul>\n<li style=\"list-style-type: none;\">\n<ol style=\"list-style-type: lower-alpha;\">\n<li>Eures Catalunya<\/li>\n<li>Mobilitat ESO, Batxillerat i Escola Adults de la Conselleria d\u2019Educaci\u00f3 i FP: Sra. Covadonga Gonz\u00e1lez<\/li>\n<li>Mobilitat Formaci\u00f3 Professional de la Conselleria d\u2019Educaci\u00f3 i FP: Sra. Anna Cabedo<\/li>\n<li>SOC Internacional<\/li>\n<li>LaFede.Cat<\/li>\n<li>Erasmus + joventut i Cos Europeu de Solidaritat<\/li>\n<li>Humboldt Comunicaci\u00f3 Intercultural<\/li>\n<li>Consell Interuniversitari de Catalunya<\/li>\n<\/ol>\n<\/li>\n<\/ul>\n<\/li>\n<li><strong>Speed Dating:<\/strong>\u00a0activitat que va permetre intercanviar paraules entre professionals que no es coneixien i comen\u00e7ar a establir vincles i confian\u00e7a entre ells i elles.<\/li>\n<li><strong>Biblioteca Humana:<\/strong> va ser un espai que va ajudar a connectar idees, entendre amb m\u00e9s profunditat a qu\u00e8 es dedicaven els agents generadors de projectes i a poder fer els primers intercanvis de contactes.<\/li>\n<li><strong>Connecta&#8217;t:\u00a0<\/strong>activitat de clausura entre els professionals, en la que van compartir els seus contactes personals.<\/li>\n<\/ul>\n<p><span style=\"font-family: inherit; font-size: 1em;\">Va ser una jornada molt \u00fatil i profitosa pels participants i \u00e9s per aix\u00f2 que, des de l&#8217;organitzaci\u00f3, es plantegen tornar a fer una altra trobada igualment profitosa.<\/span><\/p>\n\r\n\t<div class=\"slideshow_container slideshow_container_style-light\" style=\" \" data-slideshow-id=\"14714\" data-style-name=\"style-light\" data-style-version=\"2.3.1\" >\r\n\r\n\t\t\t\t\t<div class=\"slideshow_loading_icon\"><\/div>\r\n\t\t\r\n\t\t<div class=\"slideshow_content\" style=\"display: none;\">\r\n\r\n\t\t\t<div class=\"slideshow_view\">\r\n\t\t\t\t<div class=\"slideshow_slide slideshow_slide_image\">\r\n\t\t\t\t\t\t\t\t\t\t\t<img src=\"https:\/\/projectes.xtec.cat\/internacional\/wp-content\/uploads\/usu1767\/2024\/10\/XNEJ_3.png\" alt=\"XNEJ_3\" width=\"604\" height=\"805\" \/>\r\n\t\t\t\t\t\t\t\t\t\t<div class=\"slideshow_description_box slideshow_transparent\">\r\n\t\t\t\t\t\t<div class=\"slideshow_title\">XNEJ_3<\/div>\t\t\t\t\t\t\t\t\t\t\t<\/div>\r\n\t\t\t\t<\/div>\r\n\r\n\t\t\t\t\t\t<div style=\"clear: both;\"><\/div><\/div><div class=\"slideshow_view\">\r\n\t\t\t\t<div class=\"slideshow_slide slideshow_slide_image\">\r\n\t\t\t\t\t\t\t\t\t\t\t<img src=\"https:\/\/projectes.xtec.cat\/internacional\/wp-content\/uploads\/usu1767\/2024\/10\/XNEJ_2.png\" alt=\"XNEJ_2\" width=\"634\" height=\"845\" \/>\r\n\t\t\t\t\t\t\t\t\t\t<div class=\"slideshow_description_box slideshow_transparent\">\r\n\t\t\t\t\t\t<div class=\"slideshow_title\">XNEJ_2<\/div>\t\t\t\t\t\t\t\t\t\t\t<\/div>\r\n\t\t\t\t<\/div>\r\n\r\n\t\t\t\t\t\t<div style=\"clear: both;\"><\/div><\/div><div class=\"slideshow_view\">\r\n\t\t\t\t<div class=\"slideshow_slide slideshow_slide_image\">\r\n\t\t\t\t\t\t\t\t\t\t\t<img src=\"https:\/\/projectes.xtec.cat\/internacional\/wp-content\/uploads\/usu1767\/2024\/10\/XNEJ_1.png\" alt=\"XNEJ_1\" width=\"762\" height=\"1016\" \/>\r\n\t\t\t\t\t\t\t\t\t\t<div class=\"slideshow_description_box slideshow_transparent\">\r\n\t\t\t\t\t\t<div class=\"slideshow_title\">XNEJ_1<\/div>\t\t\t\t\t\t\t\t\t\t\t<\/div>\r\n\t\t\t\t<\/div>\r\n\r\n\t\t\t\t\t\t<div style=\"clear: both;\"><\/div><\/div>\r\n\t\t<\/div>\r\n\r\n\t\t<div class=\"slideshow_controlPanel slideshow_transparent\" style=\"display: none;\"><ul><li class=\"slideshow_togglePlay\" data-play-text=\"Visualitza\" data-pause-text=\"Pausa\"><\/li><\/ul><\/div>\r\n\r\n\t\t<div class=\"slideshow_button slideshow_previous slideshow_transparent\" role=\"button\" data-previous-text=\"Anterior\" style=\"display: none;\"><\/div>\r\n\t\t<div class=\"slideshow_button slideshow_next slideshow_transparent\" role=\"button\" data-next-text=\"Seg\u00fcent\" style=\"display: none;\"><\/div>\r\n\r\n\t\t<div class=\"slideshow_pagination\" style=\"display: none;\" data-go-to-text=\"V\u00e9s a la diapositiva\"><div class=\"slideshow_pagination_center\"><\/div><\/div>\r\n\r\n\t\t<!-- WordPress Slideshow Version 2.3.1 -->\r\n\r\n\t\t\t<\/div>\r\n\r\n\n<p>&nbsp;<\/p>\n","protected":false},"excerpt":{"rendered":"<p><a href=\"https:\/\/projectes.xtec.cat\/internacional\/wp-content\/uploads\/usu1767\/2024\/10\/XNEJ_mobiltiatinternacional-1.png\"><\/a><br \/>\nEl passat 16 d&#8217;octubre de 2024 la Unitat de Programes Internacionals del Servei de Lleng\u00fces Estrangers i d&#8217;Origen\u00a0 en representaci\u00f3 del Departament d&#8217;Educaci\u00f3 i Formaci\u00f3 Professional, va participar en la jornada organitzada per <a href=\"https:\/\/jovecat.gencat.cat\/ca\/orfes\/xnej\/index.html\">Xarxa Nacional d\u2019Emancipaci\u00f3 Juvenil<\/a>,\u00a0 en l&#8217;Espai Jove Fontana de Barcelona&hellip;  <a href=\"https:\/\/projectes.xtec.cat\/internacional\/general\/1a-trobada-de-professionals-de-la-mobilitat-internacional-juvenil-de-catalunya\/\" title=\"Read 1a trobada de professionals de la mobilitat internacional juvenil de Catalunya\">Llegeix m\u00e9s\u00bb<\/a><\/p>\n","protected":false},"author":1,"featured_media":14712,"comment_status":"open","ping_status":"closed","sticky":false,"template":"","format":"standard","meta":{"_bbp_topic_count":0,"_bbp_reply_count":0,"_bbp_total_topic_count":0,"_bbp_total_reply_count":0,"_bbp_voice_count":0,"_bbp_anonymous_reply_count":0,"_bbp_topic_count_hidden":0,"_bbp_reply_count_hidden":0,"_bbp_forum_subforum_count":0,"footnotes":""},"categories":[311,154,1,29,309],"tags":[],"class_list":["post-14692","post","type-post","status-publish","format-standard","has-post-thumbnail","hentry","category-erasmus","category-formacio","category-general","category-portada","category-programa-erasmus-2021-2027"],"post_mailing_queue_ids":[],"_links":{"self":[{"href":"https:\/\/projectes.xtec.cat\/internacional\/wp-json\/wp\/v2\/posts\/14692","targetHints":{"allow":["GET"]}}],"collection":[{"href":"https:\/\/projectes.xtec.cat\/internacional\/wp-json\/wp\/v2\/posts"}],"about":[{"href":"https:\/\/projectes.xtec.cat\/internacional\/wp-json\/wp\/v2\/types\/post"}],"author":[{"embeddable":true,"href":"https:\/\/projectes.xtec.cat\/internacional\/wp-json\/wp\/v2\/users\/1"}],"replies":[{"embeddable":true,"href":"https:\/\/projectes.xtec.cat\/internacional\/wp-json\/wp\/v2\/comments?post=14692"}],"version-history":[{"count":6,"href":"https:\/\/projectes.xtec.cat\/internacional\/wp-json\/wp\/v2\/posts\/14692\/revisions"}],"predecessor-version":[{"id":14750,"href":"https:\/\/projectes.xtec.cat\/internacional\/wp-json\/wp\/v2\/posts\/14692\/revisions\/14750"}],"wp:featuredmedia":[{"embeddable":true,"href":"https:\/\/projectes.xtec.cat\/internacional\/wp-json\/wp\/v2\/media\/14712"}],"wp:attachment":[{"href":"https:\/\/projectes.xtec.cat\/internacional\/wp-json\/wp\/v2\/media?parent=14692"}],"wp:term":[{"taxonomy":"category","embeddable":true,"href":"https:\/\/projectes.xtec.cat\/internacional\/wp-json\/wp\/v2\/categories?post=14692"},{"taxonomy":"post_tag","embeddable":true,"href":"https:\/\/projectes.xtec.cat\/internacional\/wp-json\/wp\/v2\/tags?post=14692"}],"curies":[{"name":"wp","href":"https:\/\/api.w.org\/{rel}","templated":true}]}}