{"id":14871,"date":"2024-10-25T11:25:42","date_gmt":"2024-10-25T09:25:42","guid":{"rendered":"https:\/\/projectes.xtec.cat\/internacional\/?p=14871"},"modified":"2024-10-25T11:26:27","modified_gmt":"2024-10-25T09:26:27","slug":"lassignatura-dhistoria-en-la-plataforma-europea-deducacio-escolar-esep","status":"publish","type":"post","link":"https:\/\/projectes.xtec.cat\/internacional\/general\/lassignatura-dhistoria-en-la-plataforma-europea-deducacio-escolar-esep\/","title":{"rendered":"L&#8217;assignatura d&#8217;hist\u00f2ria en la Plataforma Europea d&#8217;Educaci\u00f3 Escolar (ESEP)"},"content":{"rendered":"<p><a href=\"https:\/\/projectes.xtec.cat\/internacional\/wp-content\/uploads\/usu1767\/2024\/10\/SEPIE_ESEP2-1.png\"><img loading=\"lazy\" decoding=\"async\" class=\"wp-image-14886 aligncenter\" src=\"https:\/\/projectes.xtec.cat\/internacional\/wp-content\/uploads\/usu1767\/2024\/10\/SEPIE_ESEP2-1.png\" alt=\"\" width=\"483\" height=\"219\" srcset=\"https:\/\/projectes.xtec.cat\/internacional\/wp-content\/uploads\/usu1767\/2024\/10\/SEPIE_ESEP2-1.png 911w, https:\/\/projectes.xtec.cat\/internacional\/wp-content\/uploads\/usu1767\/2024\/10\/SEPIE_ESEP2-1-300x136.png 300w, https:\/\/projectes.xtec.cat\/internacional\/wp-content\/uploads\/usu1767\/2024\/10\/SEPIE_ESEP2-1-768x348.png 768w\" sizes=\"auto, (max-width: 483px) 100vw, 483px\" \/><\/a>Ets docent d&#8217;hist\u00f2ria o vols promoure, dins l&#8217;aula, la ciutadania activa, fomentar el pensament cr\u00edtic, enfortir l&#8217;educaci\u00f3 per la pau o contrarestar la desinformaci\u00f3 o abordar el discurs d&#8217;odi entre d&#8217;altres temes? Des del SEPIE comparteixen tot un llistat de recursos, que trobar\u00e0s en la Plataforma Europea d&#8217;Educaci\u00f3 Escolar (ESEP), que pots trobar a continuaci\u00f3:<\/p>\n<ul>\n<li style=\"list-style-type: none;\">\n<ul style=\"font-weight: 400;\">\n<li><strong>Expert article:<\/strong>\u00a0<a href=\"https:\/\/school-education.ec.europa.eu\/en\/discover\/viewpoints\/tomorrows-narrative-2030\" data-saferedirecturl=\"https:\/\/www.google.com\/url?q=https:\/\/school-education.ec.europa.eu\/en\/discover\/viewpoints\/tomorrows-narrative-2030&amp;source=gmail&amp;ust=1729932760994000&amp;usg=AOvVaw0daiePvkaIA2YdBouJ_nnl\">Tomorrow&#8217;s narrative: (re)imagining history education in 2030<\/a>\u00a0<em>by Aurora Ailincai, Council of Europe<\/em><\/li>\n<li><strong>Practice article:\u00a0<\/strong><a href=\"https:\/\/school-education.ec.europa.eu\/en\/discover\/practices\/rediscovering-history\" data-saferedirecturl=\"https:\/\/www.google.com\/url?q=https:\/\/school-education.ec.europa.eu\/en\/discover\/practices\/rediscovering-history&amp;source=gmail&amp;ust=1729932760994000&amp;usg=AOvVaw3Y-V6tcMMxus3YMUdU0YY_\">Rediscovering history: Innovative educational strategies<\/a><\/li>\n<li><strong>News article:\u00a0<\/strong><a href=\"https:\/\/school-education.ec.europa.eu\/en\/discover\/news\/shaping-european-identity-through-history-education\" data-saferedirecturl=\"https:\/\/www.google.com\/url?q=https:\/\/school-education.ec.europa.eu\/en\/discover\/news\/shaping-european-identity-through-history-education&amp;source=gmail&amp;ust=1729932760994000&amp;usg=AOvVaw2QRY2FnB3oBOA-9orGah-i\">Shaping European identity through history education<\/a><\/li>\n<li><strong>News article:\u00a0<\/strong><a href=\"https:\/\/school-education.ec.europa.eu\/en\/discover\/news\/building-commitment-peace\" data-saferedirecturl=\"https:\/\/www.google.com\/url?q=https:\/\/school-education.ec.europa.eu\/en\/discover\/news\/building-commitment-peace&amp;source=gmail&amp;ust=1729932760994000&amp;usg=AOvVaw2TMYPdIhyHcH688sxo2O52\">Building a commitment to peace in European history education<\/a><\/li>\n<li><strong>News article:\u00a0<\/strong><a href=\"https:\/\/school-education.ec.europa.eu\/en\/discover\/news\/role-history-education-disinformation\" data-saferedirecturl=\"https:\/\/www.google.com\/url?q=https:\/\/school-education.ec.europa.eu\/en\/discover\/news\/role-history-education-disinformation&amp;source=gmail&amp;ust=1729932760994000&amp;usg=AOvVaw2fwJd6yYG_7VvDazmWlMtm\">The role of history education in countering disinformation and encouraging civic engagement<\/a><\/li>\n<li><strong>News article:\u00a0<\/strong><a href=\"https:\/\/school-education.ec.europa.eu\/en\/discover\/news\/enriching-history-education-ict\" data-saferedirecturl=\"https:\/\/www.google.com\/url?q=https:\/\/school-education.ec.europa.eu\/en\/discover\/news\/enriching-history-education-ict&amp;source=gmail&amp;ust=1729932760994000&amp;usg=AOvVaw1IjvodG6DlqfxGTzzpJHjA\">Enriching history education through ICT<\/a><\/li>\n<li><strong>News article:\u00a0<\/strong><a href=\"https:\/\/school-education.ec.europa.eu\/en\/discover\/news\/teaching-history-shared-cultural-heritage\" data-saferedirecturl=\"https:\/\/www.google.com\/url?q=https:\/\/school-education.ec.europa.eu\/en\/discover\/news\/teaching-history-shared-cultural-heritage&amp;source=gmail&amp;ust=1729932760994000&amp;usg=AOvVaw0bKNAn5P707pkgiW3Gsurn\">Teaching European history using shared cultural heritage<\/a><\/li>\n<li><strong>Publication:<\/strong>\u00a0<a href=\"https:\/\/school-education.ec.europa.eu\/en\/discover\/publications\/parents-sensitive-and-controversial-issues\" data-saferedirecturl=\"https:\/\/www.google.com\/url?q=https:\/\/school-education.ec.europa.eu\/en\/discover\/publications\/parents-sensitive-and-controversial-issues&amp;source=gmail&amp;ust=1729932760994000&amp;usg=AOvVaw2VVe3Hy0lHRWkDEfNDsPyH\">Dealing with parents when teaching sensitive and controversial issues<\/a><\/li>\n<li><strong>Publication:<\/strong>\u00a0<a href=\"https:\/\/school-education.ec.europa.eu\/en\/discover\/publications\/general-report-state-history-teaching-europe\" data-saferedirecturl=\"https:\/\/www.google.com\/url?q=https:\/\/school-education.ec.europa.eu\/en\/discover\/publications\/general-report-state-history-teaching-europe&amp;source=gmail&amp;ust=1729932760994000&amp;usg=AOvVaw152-wJnrMNlWEjSynDyVq8\">General Report on the State of History Teaching in Europe<\/a><\/li>\n<li><strong>Publication:\u00a0<\/strong><a href=\"https:\/\/school-education.ec.europa.eu\/en\/discover\/publications\/euroclio-podcast-series-past-times\" data-saferedirecturl=\"https:\/\/www.google.com\/url?q=https:\/\/school-education.ec.europa.eu\/en\/discover\/publications\/euroclio-podcast-series-past-times&amp;source=gmail&amp;ust=1729932760994000&amp;usg=AOvVaw2VYtMzioPbXcRXz-q6J15K\">EuroClio podcast series: Past Times \u2013 Talking and Teaching History<\/a><\/li>\n<li><strong>Teaching material:<\/strong>\u00a0<a href=\"https:\/\/school-education.ec.europa.eu\/en\/teach\/teaching-materials\/histolab-tutorials-inclusive-history-education\" data-saferedirecturl=\"https:\/\/www.google.com\/url?q=https:\/\/school-education.ec.europa.eu\/en\/teach\/teaching-materials\/histolab-tutorials-inclusive-history-education&amp;source=gmail&amp;ust=1729932760994000&amp;usg=AOvVaw2KtUpbfrz23JqQn3t9lQ07\">HISTOLAB: tutorials for inclusive history education<\/a><\/li>\n<li><strong>Education Talks interview:<\/strong>\u00a0<a href=\"https:\/\/school-education.ec.europa.eu\/en\/discover\/expert-views\/education-talks-house-european-history\" data-saferedirecturl=\"https:\/\/www.google.com\/url?q=https:\/\/school-education.ec.europa.eu\/en\/discover\/expert-views\/education-talks-house-european-history&amp;source=gmail&amp;ust=1729932760994000&amp;usg=AOvVaw2hZHr3Zy4wp0xVxcTL7Xfn\">The House of European History fostering critical thinking and active citizenship<\/a>,\u00a0<em>with Laurence Bragard, the House of European History<\/em><\/li>\n<\/ul>\n<\/li>\n<\/ul>\n<p>Podeu trobar tot aquest contingut i m\u00e9s informaci\u00f3 al respecte en el seg\u00fcent <a href=\"https:\/\/school-education.ec.europa.eu\/en\/discover\/news\/exploring-approaches-history-education\">enlla\u00e7<\/a>.<\/p>\n","protected":false},"excerpt":{"rendered":"<p><a href=\"https:\/\/projectes.xtec.cat\/internacional\/wp-content\/uploads\/usu1767\/2024\/10\/SEPIE_ESEP2-1.png\"><\/a>Ets docent d&#8217;hist\u00f2ria o vols promoure, dins l&#8217;aula, la ciutadania activa, fomentar el pensament cr\u00edtic, enfortir l&#8217;educaci\u00f3 per la pau o contrarestar la desinformaci\u00f3 o abordar el discurs d&#8217;odi entre d&#8217;altres temes? Des del SEPIE comparteixen tot un llistat de recursos, que trobar\u00e0s en&hellip;  <a href=\"https:\/\/projectes.xtec.cat\/internacional\/general\/lassignatura-dhistoria-en-la-plataforma-europea-deducacio-escolar-esep\/\" title=\"Read L&#8217;assignatura d&#8217;hist\u00f2ria en la Plataforma Europea d&#8217;Educaci\u00f3 Escolar (ESEP)\">Llegeix m\u00e9s\u00bb<\/a><\/p>\n","protected":false},"author":1,"featured_media":14886,"comment_status":"open","ping_status":"closed","sticky":false,"template":"","format":"standard","meta":{"_bbp_topic_count":0,"_bbp_reply_count":0,"_bbp_total_topic_count":0,"_bbp_total_reply_count":0,"_bbp_voice_count":0,"_bbp_anonymous_reply_count":0,"_bbp_topic_count_hidden":0,"_bbp_reply_count_hidden":0,"_bbp_forum_subforum_count":0,"footnotes":""},"categories":[154,1,29,76,436],"tags":[],"class_list":["post-14871","post","type-post","status-publish","format-standard","has-post-thumbnail","hentry","category-formacio","category-general","category-portada","category-recursos","category-sepie"],"post_mailing_queue_ids":[],"_links":{"self":[{"href":"https:\/\/projectes.xtec.cat\/internacional\/wp-json\/wp\/v2\/posts\/14871","targetHints":{"allow":["GET"]}}],"collection":[{"href":"https:\/\/projectes.xtec.cat\/internacional\/wp-json\/wp\/v2\/posts"}],"about":[{"href":"https:\/\/projectes.xtec.cat\/internacional\/wp-json\/wp\/v2\/types\/post"}],"author":[{"embeddable":true,"href":"https:\/\/projectes.xtec.cat\/internacional\/wp-json\/wp\/v2\/users\/1"}],"replies":[{"embeddable":true,"href":"https:\/\/projectes.xtec.cat\/internacional\/wp-json\/wp\/v2\/comments?post=14871"}],"version-history":[{"count":6,"href":"https:\/\/projectes.xtec.cat\/internacional\/wp-json\/wp\/v2\/posts\/14871\/revisions"}],"predecessor-version":[{"id":14888,"href":"https:\/\/projectes.xtec.cat\/internacional\/wp-json\/wp\/v2\/posts\/14871\/revisions\/14888"}],"wp:featuredmedia":[{"embeddable":true,"href":"https:\/\/projectes.xtec.cat\/internacional\/wp-json\/wp\/v2\/media\/14886"}],"wp:attachment":[{"href":"https:\/\/projectes.xtec.cat\/internacional\/wp-json\/wp\/v2\/media?parent=14871"}],"wp:term":[{"taxonomy":"category","embeddable":true,"href":"https:\/\/projectes.xtec.cat\/internacional\/wp-json\/wp\/v2\/categories?post=14871"},{"taxonomy":"post_tag","embeddable":true,"href":"https:\/\/projectes.xtec.cat\/internacional\/wp-json\/wp\/v2\/tags?post=14871"}],"curies":[{"name":"wp","href":"https:\/\/api.w.org\/{rel}","templated":true}]}}