{"id":15040,"date":"2024-11-05T10:49:33","date_gmt":"2024-11-05T09:49:33","guid":{"rendered":"https:\/\/projectes.xtec.cat\/internacional\/?p=15040"},"modified":"2025-01-16T12:21:51","modified_gmt":"2025-01-16T11:21:51","slug":"conferencies-en-angles-de-becaris-fulbright-a-catalunya","status":"publish","type":"post","link":"https:\/\/projectes.xtec.cat\/internacional\/general\/conferencies-en-angles-de-becaris-fulbright-a-catalunya\/","title":{"rendered":"Confer\u00e8ncies en angl\u00e8s de becaris Fulbright a Catalunya"},"content":{"rendered":"<p><span style=\"font-weight: 400;\">El Departament d\u2019Educaci\u00f3, en col\u00b7laboraci\u00f3 amb el Consolat dels Estats Units, ofereix una s\u00e8rie de confer\u00e8ncies impartides per estudiants i doctorands que gaudeixen d&#8217;una beca Fulbright durant la seva estada a Catalunya.<\/span><\/p>\n<p><span style=\"font-weight: 400;\">Aquestes xerrades, que es realitzen <strong>en llengua anglesa<\/strong>, estan dirigides a l\u2019alumnat de 4t d\u2019ESO i Batxillerat, i aborden tem\u00e0tiques diverses, segons el camp d\u2019investigaci\u00f3 del becari o bec\u00e0ria.<\/span><\/p>\n<p><span style=\"font-weight: 400;\">At\u00e8s que els becaris Fulbright solen residir a Barcelona i voltants, i generalment no disposen de vehicle privat, un requisit per a la celebraci\u00f3 de les confer\u00e8ncies \u00e9s que els centres educatius participants siguin f\u00e0cilment accessibles amb transport p\u00fablic.<\/span><\/p>\n<p><span style=\"font-weight: 400;\">Els equips directius interessats a oferir aquesta oportunitat als seus estudiants poden sol\u00b7licitar-ho emplenant aquest <\/span><a href=\"https:\/\/docs.google.com\/forms\/d\/e\/1FAIpQLSfrI59lgEQkSHvrqb6lV-h709sPh249w7ezpp2cBqc7M184Zg\/viewform?usp=sharing\"><span style=\"font-weight: 400;\">formulari.<\/span><\/a><a href=\"https:\/\/projectes.xtec.cat\/internacional\/wp-content\/uploads\/usu1767\/2024\/11\/usm-seal-small-1.png\"><img loading=\"lazy\" decoding=\"async\" class=\"wp-image-15046 aligncenter\" src=\"https:\/\/projectes.xtec.cat\/internacional\/wp-content\/uploads\/usu1767\/2024\/11\/usm-seal-small-1.png\" alt=\"\" width=\"81\" height=\"81\" srcset=\"https:\/\/projectes.xtec.cat\/internacional\/wp-content\/uploads\/usu1767\/2024\/11\/usm-seal-small-1.png 200w, https:\/\/projectes.xtec.cat\/internacional\/wp-content\/uploads\/usu1767\/2024\/11\/usm-seal-small-1-150x150.png 150w\" sizes=\"auto, (max-width: 81px) 100vw, 81px\" \/><\/a><a href=\"https:\/\/projectes.xtec.cat\/internacional\/wp-content\/uploads\/usu1767\/2024\/11\/educacio_h3-1.png\"><img loading=\"lazy\" decoding=\"async\" class=\"wp-image-15047 aligncenter\" src=\"https:\/\/projectes.xtec.cat\/internacional\/wp-content\/uploads\/usu1767\/2024\/11\/educacio_h3-1.png\" alt=\"\" width=\"214\" height=\"43\" srcset=\"https:\/\/projectes.xtec.cat\/internacional\/wp-content\/uploads\/usu1767\/2024\/11\/educacio_h3-1.png 497w, https:\/\/projectes.xtec.cat\/internacional\/wp-content\/uploads\/usu1767\/2024\/11\/educacio_h3-1-300x60.png 300w\" sizes=\"auto, (max-width: 214px) 100vw, 214px\" \/><\/a><\/p>\n","protected":false},"excerpt":{"rendered":"<p>El Departament d\u2019Educaci\u00f3, en col\u00b7laboraci\u00f3 amb el Consolat dels Estats Units, ofereix una s\u00e8rie de confer\u00e8ncies impartides per estudiants i doctorands que gaudeixen d&#8217;una beca Fulbright durant la seva estada a Catalunya.<br \/>\nAquestes xerrades, que es realitzen en llengua anglesa, estan dirigides a l\u2019alumnat de 4t&hellip;  <a href=\"https:\/\/projectes.xtec.cat\/internacional\/general\/conferencies-en-angles-de-becaris-fulbright-a-catalunya\/\" title=\"Read Confer\u00e8ncies en angl\u00e8s de becaris Fulbright a Catalunya\">Llegeix m\u00e9s\u00bb<\/a><\/p>\n","protected":false},"author":1,"featured_media":0,"comment_status":"open","ping_status":"closed","sticky":false,"template":"","format":"standard","meta":{"_bbp_topic_count":0,"_bbp_reply_count":0,"_bbp_total_topic_count":0,"_bbp_total_reply_count":0,"_bbp_voice_count":0,"_bbp_anonymous_reply_count":0,"_bbp_topic_count_hidden":0,"_bbp_reply_count_hidden":0,"_bbp_forum_subforum_count":0,"footnotes":""},"categories":[308,1],"tags":[],"class_list":["post-15040","post","type-post","status-publish","format-standard","hentry","category-accions-dentorn","category-general"],"post_mailing_queue_ids":[],"_links":{"self":[{"href":"https:\/\/projectes.xtec.cat\/internacional\/wp-json\/wp\/v2\/posts\/15040","targetHints":{"allow":["GET"]}}],"collection":[{"href":"https:\/\/projectes.xtec.cat\/internacional\/wp-json\/wp\/v2\/posts"}],"about":[{"href":"https:\/\/projectes.xtec.cat\/internacional\/wp-json\/wp\/v2\/types\/post"}],"author":[{"embeddable":true,"href":"https:\/\/projectes.xtec.cat\/internacional\/wp-json\/wp\/v2\/users\/1"}],"replies":[{"embeddable":true,"href":"https:\/\/projectes.xtec.cat\/internacional\/wp-json\/wp\/v2\/comments?post=15040"}],"version-history":[{"count":6,"href":"https:\/\/projectes.xtec.cat\/internacional\/wp-json\/wp\/v2\/posts\/15040\/revisions"}],"predecessor-version":[{"id":15050,"href":"https:\/\/projectes.xtec.cat\/internacional\/wp-json\/wp\/v2\/posts\/15040\/revisions\/15050"}],"wp:attachment":[{"href":"https:\/\/projectes.xtec.cat\/internacional\/wp-json\/wp\/v2\/media?parent=15040"}],"wp:term":[{"taxonomy":"category","embeddable":true,"href":"https:\/\/projectes.xtec.cat\/internacional\/wp-json\/wp\/v2\/categories?post=15040"},{"taxonomy":"post_tag","embeddable":true,"href":"https:\/\/projectes.xtec.cat\/internacional\/wp-json\/wp\/v2\/tags?post=15040"}],"curies":[{"name":"wp","href":"https:\/\/api.w.org\/{rel}","templated":true}]}}