{"id":15159,"date":"2024-11-08T18:38:53","date_gmt":"2024-11-08T17:38:53","guid":{"rendered":"https:\/\/projectes.xtec.cat\/internacional\/?p=15159"},"modified":"2024-11-08T18:38:53","modified_gmt":"2024-11-08T17:38:53","slug":"professorat-visitant-convocatoria-de-places-per-al-curs-2025-2026","status":"publish","type":"post","link":"https:\/\/projectes.xtec.cat\/internacional\/general\/professorat-visitant-convocatoria-de-places-per-al-curs-2025-2026\/","title":{"rendered":"Professorat visitant: Convocat\u00f2ria de places per al curs 2025-2026"},"content":{"rendered":"<p><a href=\"https:\/\/projectes.xtec.cat\/internacional\/wp-content\/uploads\/usu1767\/2024\/11\/informacioProfvisitants.png\"><img loading=\"lazy\" decoding=\"async\" class=\"wp-image-15167 aligncenter\" src=\"https:\/\/projectes.xtec.cat\/internacional\/wp-content\/uploads\/usu1767\/2024\/11\/informacioProfvisitants-1024x577.png\" alt=\"\" width=\"540\" height=\"304\" srcset=\"https:\/\/projectes.xtec.cat\/internacional\/wp-content\/uploads\/usu1767\/2024\/11\/informacioProfvisitants-1024x577.png 1024w, https:\/\/projectes.xtec.cat\/internacional\/wp-content\/uploads\/usu1767\/2024\/11\/informacioProfvisitants-300x169.png 300w, https:\/\/projectes.xtec.cat\/internacional\/wp-content\/uploads\/usu1767\/2024\/11\/informacioProfvisitants-768x433.png 768w, https:\/\/projectes.xtec.cat\/internacional\/wp-content\/uploads\/usu1767\/2024\/11\/informacioProfvisitants.png 1251w\" sizes=\"auto, (max-width: 540px) 100vw, 540px\" \/><\/a><\/p>\n<p>T&#8217;has plantejat fer de professor o professora visitant en un altre pa\u00eds? Ara tens l&#8217;oportunitat amb la <strong>Convocat\u00f2ria del Programa de Professorat Visitant<\/strong> a Estats Units, Canad\u00e0, Alemanya i Xina per al curs 2025-2026.<\/p>\n<ul>\n<li>Termini de presentaci\u00f3 de sol\u00b7licituds: <strong>7 de novembre al 27 de novembre de 2024 (a les 14:30 h)<\/strong>.<\/li>\n<li>Acc\u00e9s a la <a href=\"https:\/\/www.educacionfpydeportes.gob.es\/servicios-al-ciudadano\/catalogo\/general\/05\/051070\/ficha.html\">inscripci\u00f3<\/a><\/li>\n<li>Enlla\u00e7 a la <a href=\"https:\/\/www.educacionfpydeportes.gob.es\/servicios-al-ciudadano\/catalogo\/general\/05\/051070\/ficha.html\">convocat\u00f2ria<\/a><\/li>\n<\/ul>\n<p><a href=\"https:\/\/projectes.xtec.cat\/internacional\/wp-content\/uploads\/usu1767\/2024\/11\/inforProfvisit2-1.png\"><img loading=\"lazy\" decoding=\"async\" class=\"wp-image-15169 alignright\" src=\"https:\/\/projectes.xtec.cat\/internacional\/wp-content\/uploads\/usu1767\/2024\/11\/inforProfvisit2-1.png\" alt=\"\" width=\"237\" height=\"217\" srcset=\"https:\/\/projectes.xtec.cat\/internacional\/wp-content\/uploads\/usu1767\/2024\/11\/inforProfvisit2-1.png 704w, https:\/\/projectes.xtec.cat\/internacional\/wp-content\/uploads\/usu1767\/2024\/11\/inforProfvisit2-1-300x275.png 300w\" sizes=\"auto, (max-width: 237px) 100vw, 237px\" \/><\/a>La Unitat d&#8217;Acci\u00f3 Educativa en Exterior organitza una sessi\u00f3 informativa en l\u00ednia el proper <strong>12 de novembre, a les 17:00 h<\/strong> (hora peninsular). Per accedir a la sessi\u00f3 clica el seg\u00fcent enlla\u00e7: <a href=\"https:\/\/run.gob.es\/uqhPPVV25-26\" data-saferedirecturl=\"https:\/\/www.google.com\/url?q=https:\/\/run.gob.es\/uqhPPVV25-26&amp;source=gmail&amp;ust=1731133632316000&amp;usg=AOvVaw083BcI6il98N4YoNN1tvAl\">https:\/\/run.gob.es\/uqhPPVV25-26<\/a><\/p>\n<p>La secci\u00f3 de <a href=\"https:\/\/aee.educacionfpydeportes.gob.es\/actualidad\/centros-programas\/2024\/profesorado-visitante.html\">not\u00edcies<\/a> de la p\u00e0gina web de la UAEE informa de la convocat\u00f2ria i proporciona enlla\u00e7os d&#8217;inter\u00e8s a guies, preguntes freq\u00fcents i la pr\u00f2pia convocat\u00f2ria.<\/p>\n<p style=\"font-weight: 400;\">Anima&#8217;t i participa!<\/p>\n<p>&nbsp;<\/p>\n","protected":false},"excerpt":{"rendered":"<p><a href=\"https:\/\/projectes.xtec.cat\/internacional\/wp-content\/uploads\/usu1767\/2024\/11\/informacioProfvisitants.png\"><\/a><br \/>\nT&#8217;has plantejat fer de professor o professora visitant en un altre pa\u00eds? Ara tens l&#8217;oportunitat amb la Convocat\u00f2ria del Programa de Professorat Visitant a Estats Units, Canad\u00e0, Alemanya i Xina per al curs 2025-2026.<\/p>\n<ul>\n<li>Termini de presentaci\u00f3 de sol\u00b7licituds: 7 de novembre al 27 de&hellip;  <a href=\"https:\/\/projectes.xtec.cat\/internacional\/general\/professorat-visitant-convocatoria-de-places-per-al-curs-2025-2026\/\" title=\"Read Professorat visitant: Convocat\u00f2ria de places per al curs 2025-2026\">Llegeix m\u00e9s\u00bb<\/a><br \/>\n","protected":false},"author":1,"featured_media":15167,"comment_status":"open","ping_status":"closed","sticky":false,"template":"","format":"standard","meta":{"_bbp_topic_count":0,"_bbp_reply_count":0,"_bbp_total_topic_count":0,"_bbp_total_reply_count":0,"_bbp_voice_count":0,"_bbp_anonymous_reply_count":0,"_bbp_topic_count_hidden":0,"_bbp_reply_count_hidden":0,"_bbp_forum_subforum_count":0,"footnotes":""},"categories":[64,437,1,29],"tags":[],"class_list":["post-15159","post","type-post","status-publish","format-standard","has-post-thumbnail","hentry","category-comunitat","category-coopera","category-general","category-portada"],"post_mailing_queue_ids":[],"_links":{"self":[{"href":"https:\/\/projectes.xtec.cat\/internacional\/wp-json\/wp\/v2\/posts\/15159","targetHints":{"allow":["GET"]}}],"collection":[{"href":"https:\/\/projectes.xtec.cat\/internacional\/wp-json\/wp\/v2\/posts"}],"about":[{"href":"https:\/\/projectes.xtec.cat\/internacional\/wp-json\/wp\/v2\/types\/post"}],"author":[{"embeddable":true,"href":"https:\/\/projectes.xtec.cat\/internacional\/wp-json\/wp\/v2\/users\/1"}],"replies":[{"embeddable":true,"href":"https:\/\/projectes.xtec.cat\/internacional\/wp-json\/wp\/v2\/comments?post=15159"}],"version-history":[{"count":6,"href":"https:\/\/projectes.xtec.cat\/internacional\/wp-json\/wp\/v2\/posts\/15159\/revisions"}],"predecessor-version":[{"id":15172,"href":"https:\/\/projectes.xtec.cat\/internacional\/wp-json\/wp\/v2\/posts\/15159\/revisions\/15172"}],"wp:featuredmedia":[{"embeddable":true,"href":"https:\/\/projectes.xtec.cat\/internacional\/wp-json\/wp\/v2\/media\/15167"}],"wp:attachment":[{"href":"https:\/\/projectes.xtec.cat\/internacional\/wp-json\/wp\/v2\/media?parent=15159"}],"wp:term":[{"taxonomy":"category","embeddable":true,"href":"https:\/\/projectes.xtec.cat\/internacional\/wp-json\/wp\/v2\/categories?post=15159"},{"taxonomy":"post_tag","embeddable":true,"href":"https:\/\/projectes.xtec.cat\/internacional\/wp-json\/wp\/v2\/tags?post=15159"}],"curies":[{"name":"wp","href":"https:\/\/api.w.org\/{rel}","templated":true}]}}