{"id":15452,"date":"2024-11-27T12:37:34","date_gmt":"2024-11-27T11:37:34","guid":{"rendered":"https:\/\/projectes.xtec.cat\/internacional\/?p=15452"},"modified":"2024-12-02T07:56:06","modified_gmt":"2024-12-02T06:56:06","slug":"fira-de-recerca-de-socis-etwinning-per-a-docents-de-secundaria-i-dfp","status":"publish","type":"post","link":"https:\/\/projectes.xtec.cat\/internacional\/general\/fira-de-recerca-de-socis-etwinning-per-a-docents-de-secundaria-i-dfp\/","title":{"rendered":"Fira de recerca de socis eTwinning per a docents de secund\u00e0ria i d&#8217;FP"},"content":{"rendered":"<p><a href=\"https:\/\/projectes.xtec.cat\/internacional\/wp-content\/uploads\/usu1767\/2024\/11\/portadaFeriarecercasocis-1.png\"><img loading=\"lazy\" decoding=\"async\" class=\"size-full wp-image-15528 aligncenter\" src=\"https:\/\/projectes.xtec.cat\/internacional\/wp-content\/uploads\/usu1767\/2024\/11\/portadaFeriarecercasocis-1.png\" alt=\"\" width=\"631\" height=\"330\" srcset=\"https:\/\/projectes.xtec.cat\/internacional\/wp-content\/uploads\/usu1767\/2024\/11\/portadaFeriarecercasocis-1.png 631w, https:\/\/projectes.xtec.cat\/internacional\/wp-content\/uploads\/usu1767\/2024\/11\/portadaFeriarecercasocis-1-300x157.png 300w\" sizes=\"auto, (max-width: 631px) 100vw, 631px\" \/><\/a><\/p>\n<p>Est\u00e0s pensant en crear un projecte eTwinning amb el teu alumnat i necessites socis? Vols participar en un projecte eTwinning per\u00f2 encara no saps com ni amb qui?<\/p>\n<p>La<strong> Fira de recerca<\/strong> de socis \u00e9s un seminari web que et dona l&#8217;oportunitat per connectar amb socis, explorar noves idees i fomentar la col\u00b7laboraci\u00f3 dins la xarxa eTwinning, en definitiva, trobar socis per poder portar a terme el projecte amb el teu alumnat.<\/p>\n<h6><strong>Informaci\u00f3 de l&#8217;esdeveniment:<\/strong><\/h6>\n<ul>\n<li style=\"list-style-type: none;\">\n<ul>\n<li><strong>Data i hora:<\/strong> 09 de desembre, a les 16:30 h (plataforma Zoom)<\/li>\n<li><strong>Durada:<\/strong> 90 minuts<\/li>\n<li><strong>Pa\u00efsos participants:<\/strong> Est\u00f2nia, Malta i Espanya<\/li>\n<li><strong>Idioma:<\/strong> angl\u00e8s<\/li>\n<li><strong>Places:<\/strong> 20<\/li>\n<li><strong style=\"font-family: inherit; font-size: 1em;\">Formulari d&#8217;inscripci\u00f3:<\/strong><span style=\"font-family: inherit; font-size: 1em;\">\u00a0<\/span><a style=\"font-family: inherit; font-size: 1em;\" href=\"https:\/\/forms.office.com\/e\/imreJ9mbwm\">https:\/\/forms.office.com\/e\/imreJ9mbwm<\/a><\/li>\n<\/ul>\n<\/li>\n<\/ul>\n<h6><strong>Requisits dels participants:<\/strong><\/h6>\n<ul>\n<li style=\"list-style-type: none;\">\n<ul>\n<li>Edat de l&#8217;alumnat: de 12 a 18 anys<\/li>\n<li>Mat\u00e8ries: totes<\/li>\n<li>Experi\u00e8ncia recomanada: \u00fas de la llengua anglesa amb <strong>flu\u00efdesa<\/strong> i estar enregistrar en la <strong>plataforma eTwinning<\/strong><\/li>\n<\/ul>\n<\/li>\n<\/ul>\n<p>Pots trobar m\u00e9s informaci\u00f3 en el seg\u00fcent <a href=\"https:\/\/etwinning.es\/feria-de-busqueda-de-socios-etwinning-para-docentes-de-educacion-secundaria-y-formacion-profesional\/\">enlla\u00e7<\/a>.<\/p>\n<p>Inscriu-te i no perdis aquesta oportunitat!<\/p>\n","protected":false},"excerpt":{"rendered":"<p><a href=\"https:\/\/projectes.xtec.cat\/internacional\/wp-content\/uploads\/usu1767\/2024\/11\/portadaFeriarecercasocis-1.png\"><\/a><br \/>\nEst\u00e0s pensant en crear un projecte eTwinning amb el teu alumnat i necessites socis? Vols participar en un projecte eTwinning per\u00f2 encara no saps com ni amb qui?<br \/>\nLa Fira de recerca de socis \u00e9s un seminari web que et dona l&#8217;oportunitat per connectar amb&hellip;  <a href=\"https:\/\/projectes.xtec.cat\/internacional\/general\/fira-de-recerca-de-socis-etwinning-per-a-docents-de-secundaria-i-dfp\/\" title=\"Read Fira de recerca de socis eTwinning per a docents de secund\u00e0ria i d&#8217;FP\">Llegeix m\u00e9s\u00bb<\/a><\/p>\n","protected":false},"author":1,"featured_media":15528,"comment_status":"open","ping_status":"closed","sticky":false,"template":"","format":"standard","meta":{"_bbp_topic_count":0,"_bbp_reply_count":0,"_bbp_total_topic_count":0,"_bbp_total_reply_count":0,"_bbp_voice_count":0,"_bbp_anonymous_reply_count":0,"_bbp_topic_count_hidden":0,"_bbp_reply_count_hidden":0,"_bbp_forum_subforum_count":0,"footnotes":""},"categories":[295,298,1,367,29,299,76],"tags":[],"class_list":["post-15452","post","type-post","status-publish","format-standard","has-post-thumbnail","hentry","category-etwinning","category-etwinning-projectes-des-de-casa","category-general","category-noticies-etwinning-etwinning","category-portada","category-projectes","category-recursos"],"post_mailing_queue_ids":[],"_links":{"self":[{"href":"https:\/\/projectes.xtec.cat\/internacional\/wp-json\/wp\/v2\/posts\/15452","targetHints":{"allow":["GET"]}}],"collection":[{"href":"https:\/\/projectes.xtec.cat\/internacional\/wp-json\/wp\/v2\/posts"}],"about":[{"href":"https:\/\/projectes.xtec.cat\/internacional\/wp-json\/wp\/v2\/types\/post"}],"author":[{"embeddable":true,"href":"https:\/\/projectes.xtec.cat\/internacional\/wp-json\/wp\/v2\/users\/1"}],"replies":[{"embeddable":true,"href":"https:\/\/projectes.xtec.cat\/internacional\/wp-json\/wp\/v2\/comments?post=15452"}],"version-history":[{"count":6,"href":"https:\/\/projectes.xtec.cat\/internacional\/wp-json\/wp\/v2\/posts\/15452\/revisions"}],"predecessor-version":[{"id":15529,"href":"https:\/\/projectes.xtec.cat\/internacional\/wp-json\/wp\/v2\/posts\/15452\/revisions\/15529"}],"wp:featuredmedia":[{"embeddable":true,"href":"https:\/\/projectes.xtec.cat\/internacional\/wp-json\/wp\/v2\/media\/15528"}],"wp:attachment":[{"href":"https:\/\/projectes.xtec.cat\/internacional\/wp-json\/wp\/v2\/media?parent=15452"}],"wp:term":[{"taxonomy":"category","embeddable":true,"href":"https:\/\/projectes.xtec.cat\/internacional\/wp-json\/wp\/v2\/categories?post=15452"},{"taxonomy":"post_tag","embeddable":true,"href":"https:\/\/projectes.xtec.cat\/internacional\/wp-json\/wp\/v2\/tags?post=15452"}],"curies":[{"name":"wp","href":"https:\/\/api.w.org\/{rel}","templated":true}]}}