{"id":15486,"date":"2024-11-29T10:30:26","date_gmt":"2024-11-29T09:30:26","guid":{"rendered":"https:\/\/projectes.xtec.cat\/internacional\/?p=15486"},"modified":"2024-11-29T18:15:25","modified_gmt":"2024-11-29T17:15:25","slug":"newsletter-especial-per-a-associacions-per-a-la-cooperacio-ka2","status":"publish","type":"post","link":"https:\/\/projectes.xtec.cat\/internacional\/general\/newsletter-especial-per-a-associacions-per-a-la-cooperacio-ka2\/","title":{"rendered":"Newsletter especial per a Associacions per a la cooperaci\u00f3 (KA2)"},"content":{"rendered":"<p><a href=\"https:\/\/projectes.xtec.cat\/internacional\/wp-content\/uploads\/usu1767\/2024\/11\/NewslettersepieKA2.png\"><img loading=\"lazy\" decoding=\"async\" class=\"wp-image-15491 aligncenter\" src=\"https:\/\/projectes.xtec.cat\/internacional\/wp-content\/uploads\/usu1767\/2024\/11\/NewslettersepieKA2.png\" alt=\"\" width=\"779\" height=\"258\" srcset=\"https:\/\/projectes.xtec.cat\/internacional\/wp-content\/uploads\/usu1767\/2024\/11\/NewslettersepieKA2.png 910w, https:\/\/projectes.xtec.cat\/internacional\/wp-content\/uploads\/usu1767\/2024\/11\/NewslettersepieKA2-300x99.png 300w, https:\/\/projectes.xtec.cat\/internacional\/wp-content\/uploads\/usu1767\/2024\/11\/NewslettersepieKA2-768x254.png 768w\" sizes=\"auto, (max-width: 779px) 100vw, 779px\" \/><\/a>Des del SEPIE comparteixen amb tots nosaltres la informaci\u00f3 en format <strong>butllet\u00ed digital<\/strong>, un recurs en el que podeu trobar tota la informaci\u00f3 sobre el programa Erasmus+ de la UE aix\u00ed com d&#8217;altres iniciatives i projectes internacionals.<\/p>\n<p>La <a href=\"http:\/\/www.sepie.es\/doc\/newsletter\/2024\/especial_ka2\/sepie_especial_ka2.html\">Newsletter<\/a> que us compartim \u00e9s una edici\u00f3 especial sobre l&#8217;Acci\u00f3 Clau 2 del programa Erasmus+, i inclou informaci\u00f3 relacionada amb el canvi clim\u00e0tic i KA220, les difer\u00e8ncies entre KA210 i KA220 i els grups d&#8217;activitats en aquesta tipologia de projectes, un podcast resum, entre d&#8217;altres not\u00edcies d&#8217;aquesta Acci\u00f3 que poden ser del vostre inter\u00e8s.<\/p>\n<p>Podeu trobar molta m\u00e9s informaci\u00f3 accedint al seg\u00fcent <a href=\"http:\/\/www.sepie.es\/comunicacion\/newsletter.html\">enlla\u00e7<\/a>.<\/p>\n","protected":false},"excerpt":{"rendered":"<p><a href=\"https:\/\/projectes.xtec.cat\/internacional\/wp-content\/uploads\/usu1767\/2024\/11\/NewslettersepieKA2.png\"><\/a>Des del SEPIE comparteixen amb tots nosaltres la informaci\u00f3 en format butllet\u00ed digital, un recurs en el que podeu trobar tota la informaci\u00f3 sobre el programa Erasmus+ de la UE aix\u00ed com d&#8217;altres iniciatives i projectes internacionals.<br \/>\nLa <a href=\"http:\/\/www.sepie.es\/doc\/newsletter\/2024\/especial_ka2\/sepie_especial_ka2.html\">Newsletter<\/a> que us compartim \u00e9s una&hellip;  <a href=\"https:\/\/projectes.xtec.cat\/internacional\/general\/newsletter-especial-per-a-associacions-per-a-la-cooperacio-ka2\/\" title=\"Read Newsletter especial per a Associacions per a la cooperaci\u00f3 (KA2)\">Llegeix m\u00e9s\u00bb<\/a><\/p>\n","protected":false},"author":1,"featured_media":15491,"comment_status":"open","ping_status":"closed","sticky":false,"template":"","format":"standard","meta":{"_bbp_topic_count":0,"_bbp_reply_count":0,"_bbp_total_topic_count":0,"_bbp_total_reply_count":0,"_bbp_voice_count":0,"_bbp_anonymous_reply_count":0,"_bbp_topic_count_hidden":0,"_bbp_reply_count_hidden":0,"_bbp_forum_subforum_count":0,"footnotes":""},"categories":[311,1,318,29,309,76,436],"tags":[],"class_list":["post-15486","post","type-post","status-publish","format-standard","has-post-thumbnail","hentry","category-erasmus","category-general","category-ka2","category-portada","category-programa-erasmus-2021-2027","category-recursos","category-sepie"],"post_mailing_queue_ids":[],"_links":{"self":[{"href":"https:\/\/projectes.xtec.cat\/internacional\/wp-json\/wp\/v2\/posts\/15486","targetHints":{"allow":["GET"]}}],"collection":[{"href":"https:\/\/projectes.xtec.cat\/internacional\/wp-json\/wp\/v2\/posts"}],"about":[{"href":"https:\/\/projectes.xtec.cat\/internacional\/wp-json\/wp\/v2\/types\/post"}],"author":[{"embeddable":true,"href":"https:\/\/projectes.xtec.cat\/internacional\/wp-json\/wp\/v2\/users\/1"}],"replies":[{"embeddable":true,"href":"https:\/\/projectes.xtec.cat\/internacional\/wp-json\/wp\/v2\/comments?post=15486"}],"version-history":[{"count":6,"href":"https:\/\/projectes.xtec.cat\/internacional\/wp-json\/wp\/v2\/posts\/15486\/revisions"}],"predecessor-version":[{"id":15493,"href":"https:\/\/projectes.xtec.cat\/internacional\/wp-json\/wp\/v2\/posts\/15486\/revisions\/15493"}],"wp:featuredmedia":[{"embeddable":true,"href":"https:\/\/projectes.xtec.cat\/internacional\/wp-json\/wp\/v2\/media\/15491"}],"wp:attachment":[{"href":"https:\/\/projectes.xtec.cat\/internacional\/wp-json\/wp\/v2\/media?parent=15486"}],"wp:term":[{"taxonomy":"category","embeddable":true,"href":"https:\/\/projectes.xtec.cat\/internacional\/wp-json\/wp\/v2\/categories?post=15486"},{"taxonomy":"post_tag","embeddable":true,"href":"https:\/\/projectes.xtec.cat\/internacional\/wp-json\/wp\/v2\/tags?post=15486"}],"curies":[{"name":"wp","href":"https:\/\/api.w.org\/{rel}","templated":true}]}}