{"id":15494,"date":"2024-12-04T09:09:59","date_gmt":"2024-12-04T08:09:59","guid":{"rendered":"https:\/\/projectes.xtec.cat\/internacional\/?p=15494"},"modified":"2024-12-04T09:11:28","modified_gmt":"2024-12-04T08:11:28","slug":"prop-de-5-000-milions-deuros-de-pressupost-per-a-erasmus-el-2025","status":"publish","type":"post","link":"https:\/\/projectes.xtec.cat\/internacional\/general\/prop-de-5-000-milions-deuros-de-pressupost-per-a-erasmus-el-2025\/","title":{"rendered":"Prop de 5.000 milions d&#8217;euros de pressupost per a Erasmus+ el 2025!"},"content":{"rendered":"<p class=\"hide-if-no-js\"><a href=\"https:\/\/projectes.xtec.cat\/internacional\/wp-content\/uploads\/usu1767\/2024\/11\/5meurosnotapremsa-e1733299270380.png\"><img loading=\"lazy\" decoding=\"async\" class=\"size-full wp-image-15520 aligncenter\" src=\"https:\/\/projectes.xtec.cat\/internacional\/wp-content\/uploads\/usu1767\/2024\/11\/5meurosnotapremsa-e1733299270380.png\" alt=\"\" width=\"1624\" height=\"341\" srcset=\"https:\/\/projectes.xtec.cat\/internacional\/wp-content\/uploads\/usu1767\/2024\/11\/5meurosnotapremsa-e1733299270380.png 1624w, https:\/\/projectes.xtec.cat\/internacional\/wp-content\/uploads\/usu1767\/2024\/11\/5meurosnotapremsa-e1733299270380-300x63.png 300w, https:\/\/projectes.xtec.cat\/internacional\/wp-content\/uploads\/usu1767\/2024\/11\/5meurosnotapremsa-e1733299270380-1024x215.png 1024w, https:\/\/projectes.xtec.cat\/internacional\/wp-content\/uploads\/usu1767\/2024\/11\/5meurosnotapremsa-e1733299270380-768x161.png 768w, https:\/\/projectes.xtec.cat\/internacional\/wp-content\/uploads\/usu1767\/2024\/11\/5meurosnotapremsa-e1733299270380-1536x323.png 1536w\" sizes=\"auto, (max-width: 1624px) 100vw, 1624px\" \/><\/a><\/p>\n<h5><\/h5>\n<h5>El 28 de novembre de 2024, la Comissi\u00f3 Europea va publicar la<strong> nova convocat\u00f2ria del programa Erasmus+ per al 2025,<\/strong> amb un pressupost de gaireb\u00e9<strong> 5.000 milions d&#8217;euros<\/strong>, un 6,5% m\u00e9s que l&#8217;any anterior. Aquest programa promou la mobilitat i la cooperaci\u00f3 transnacional en els \u00e0mbits de l&#8217;educaci\u00f3, la formaci\u00f3, la joventut i l&#8217;esport a Europa. Els pa\u00efsos participants inclouen els 27 membres de la UE i els tercer pa\u00efsos associats al Programa seg\u00fcents: Isl\u00e0ndia, Liechtenstein, Maced\u00f2nia del Nord, Noruega, S\u00e8rbia i Turquia.<\/h5>\n<p>A Espanya, el SEPIE gestionar\u00e0 uns <strong>329,75 milions<\/strong> d&#8217;euros per finan\u00e7ar projectes de<strong> mobilitat educativa (Acci\u00f3 Clau 1- KA1<\/strong>) i de <strong>cooperaci\u00f3 (Acci\u00f3 Clau 2-KA2<\/strong>). Les oportunitats estan adre\u00e7ades a <strong>tots els nivells educatius<\/strong>, incloent l&#8217;educaci\u00f3 superior, la formaci\u00f3 professional i l&#8217;educaci\u00f3 d&#8217;adults, amb possibilitats tant per a estudiants com per al personal docent i administratiu. Erasmus+ ha donat suport a m\u00e9s de 16 milions de mobilitats des del 1987, i segueix promovent la inclusi\u00f3, garantint que les persones amb menys oportunitats tamb\u00e9 hi puguin participar.<\/p>\n<p>A m\u00e9s, el programa aposta per un <strong>sistema educatiu europeu m\u00e9s integrat <\/strong>amb el reconeixement autom\u00e0tic de les qualificacions i una millor cooperaci\u00f3 entre institucions d&#8217;educaci\u00f3 superior. Tamb\u00e9 promou pr\u00e0ctiques respectuoses amb el medi ambient i la digitalitzaci\u00f3, amb l&#8217;objectiu de garantir que tots els ciutadans europeus tinguin les compet\u00e8ncies digitals necess\u00e0ries. Erasmus+ tamb\u00e9 fomenta la ciutadania activa i la cohesi\u00f3 social, contribuint a construir una <strong>Europa m\u00e9s unida i democr\u00e0tica<\/strong>.<\/p>\n<p>Els projectes de mobilitat es poden presentar\u00a0 en aquests terminis segons l&#8217;acci\u00f3 i tipus de projecte:<\/p>\n<ul>\n<li style=\"list-style-type: none;\">\n<ul>\n<li style=\"list-style-type: none;\">\n<ul>\n<li style=\"list-style-type: none;\">\n<ul>\n<li><strong>Acci\u00f3 KA1, Projectes KA121 i KA122:<\/strong> Mobilitat de les persones en els \u00e0mbits d&#8217;Educaci\u00f3 Superior, Formaci\u00f3 Professional, Educaci\u00f3 Escolar i Educaci\u00f3 de Persones Adultes: <strong>19 de febrer de 2025 (12 h CET).<\/strong><\/li>\n<li><strong>Acci\u00f3 KA1, Projectes KA120<\/strong>: Acreditacions Erasmus en Formaci\u00f3 Professional, Educaci\u00f3 Escolar i Educaci\u00f3 de Persones Adultes: <strong>1 d&#8217;octubre de 2025 (12 h CET).<\/strong><\/li>\n<li><strong>Acci\u00f3 KA2, Projectes KA220:<\/strong> Associacions de cooperaci\u00f3 en els \u00e0mbits de l&#8217;educaci\u00f3 i la formaci\u00f3: <strong>5 de mar\u00e7 de 2025 (12 h CET).<\/strong><\/li>\n<li><strong>Acci\u00f3 KA2, Projectes 210:<\/strong> Associacions a petita escala en els \u00e0mbits de la Formaci\u00f3 Professional, Educaci\u00f3 Escolar i Educaci\u00f3 de Persones Adultes: <strong style=\"font-family: inherit; font-size: 1em;\">5 de mar\u00e7 de 2025 (12h CET).<\/strong><\/li>\n<\/ul>\n<\/li>\n<\/ul>\n<\/li>\n<\/ul>\n<\/li>\n<\/ul>\n<p>Pots llegir la not\u00edcia sencera en la <a href=\"http:\/\/sepie.es\/doc\/comunicacion\/prensa\/2024\/NdP_E+2025.pdf\">nota de premsa.<\/a><\/p>\n","protected":false},"excerpt":{"rendered":"<p><a href=\"https:\/\/projectes.xtec.cat\/internacional\/wp-content\/uploads\/usu1767\/2024\/11\/5meurosnotapremsa-e1733299270380.png\"><\/a><\/p>\n<p>El 28 de novembre de 2024, la Comissi\u00f3 Europea va publicar la nova convocat\u00f2ria del programa Erasmus+ per al 2025, amb un pressupost de gaireb\u00e9 5.000 milions d&#8217;euros, un 6,5% m\u00e9s que l&#8217;any anterior. Aquest programa promou la mobilitat i la cooperaci\u00f3 transnacional en&hellip;  <a href=\"https:\/\/projectes.xtec.cat\/internacional\/general\/prop-de-5-000-milions-deuros-de-pressupost-per-a-erasmus-el-2025\/\" title=\"Read Prop de 5.000 milions d&#8217;euros de pressupost per a Erasmus+ el 2025!\">Llegeix m\u00e9s\u00bb<\/a><\/p>\n","protected":false},"author":1,"featured_media":15520,"comment_status":"open","ping_status":"closed","sticky":false,"template":"","format":"standard","meta":{"_bbp_topic_count":0,"_bbp_reply_count":0,"_bbp_total_topic_count":0,"_bbp_total_reply_count":0,"_bbp_voice_count":0,"_bbp_anonymous_reply_count":0,"_bbp_topic_count_hidden":0,"_bbp_reply_count_hidden":0,"_bbp_forum_subforum_count":0,"footnotes":""},"categories":[311,1,312,29,309,436],"tags":[],"class_list":["post-15494","post","type-post","status-publish","format-standard","has-post-thumbnail","hentry","category-erasmus","category-general","category-ka1","category-portada","category-programa-erasmus-2021-2027","category-sepie"],"post_mailing_queue_ids":[],"_links":{"self":[{"href":"https:\/\/projectes.xtec.cat\/internacional\/wp-json\/wp\/v2\/posts\/15494","targetHints":{"allow":["GET"]}}],"collection":[{"href":"https:\/\/projectes.xtec.cat\/internacional\/wp-json\/wp\/v2\/posts"}],"about":[{"href":"https:\/\/projectes.xtec.cat\/internacional\/wp-json\/wp\/v2\/types\/post"}],"author":[{"embeddable":true,"href":"https:\/\/projectes.xtec.cat\/internacional\/wp-json\/wp\/v2\/users\/1"}],"replies":[{"embeddable":true,"href":"https:\/\/projectes.xtec.cat\/internacional\/wp-json\/wp\/v2\/comments?post=15494"}],"version-history":[{"count":6,"href":"https:\/\/projectes.xtec.cat\/internacional\/wp-json\/wp\/v2\/posts\/15494\/revisions"}],"predecessor-version":[{"id":15616,"href":"https:\/\/projectes.xtec.cat\/internacional\/wp-json\/wp\/v2\/posts\/15494\/revisions\/15616"}],"wp:featuredmedia":[{"embeddable":true,"href":"https:\/\/projectes.xtec.cat\/internacional\/wp-json\/wp\/v2\/media\/15520"}],"wp:attachment":[{"href":"https:\/\/projectes.xtec.cat\/internacional\/wp-json\/wp\/v2\/media?parent=15494"}],"wp:term":[{"taxonomy":"category","embeddable":true,"href":"https:\/\/projectes.xtec.cat\/internacional\/wp-json\/wp\/v2\/categories?post=15494"},{"taxonomy":"post_tag","embeddable":true,"href":"https:\/\/projectes.xtec.cat\/internacional\/wp-json\/wp\/v2\/tags?post=15494"}],"curies":[{"name":"wp","href":"https:\/\/api.w.org\/{rel}","templated":true}]}}