{"id":15915,"date":"2025-01-23T07:48:31","date_gmt":"2025-01-23T06:48:31","guid":{"rendered":"https:\/\/projectes.xtec.cat\/internacional\/?p=15915"},"modified":"2025-02-10T15:50:15","modified_gmt":"2025-02-10T14:50:15","slug":"samplia-el-termini-per-participar-en-el-concurs-escolar-europass-2024","status":"publish","type":"post","link":"https:\/\/projectes.xtec.cat\/internacional\/general\/samplia-el-termini-per-participar-en-el-concurs-escolar-europass-2024\/","title":{"rendered":"S&#8217;amplia el termini per participar en el concurs Escolar Europass 2024!"},"content":{"rendered":"<p><a href=\"https:\/\/projectes.xtec.cat\/internacional\/wp-content\/uploads\/usu1767\/2024\/11\/concursEuropass2024.png\"><img loading=\"lazy\" decoding=\"async\" class=\"wp-image-15506 alignleft\" src=\"https:\/\/projectes.xtec.cat\/internacional\/wp-content\/uploads\/usu1767\/2024\/11\/concursEuropass2024.png\" alt=\"\" width=\"293\" height=\"240\" srcset=\"https:\/\/projectes.xtec.cat\/internacional\/wp-content\/uploads\/usu1767\/2024\/11\/concursEuropass2024.png 1007w, https:\/\/projectes.xtec.cat\/internacional\/wp-content\/uploads\/usu1767\/2024\/11\/concursEuropass2024-300x246.png 300w, https:\/\/projectes.xtec.cat\/internacional\/wp-content\/uploads\/usu1767\/2024\/11\/concursEuropass2024-768x631.png 768w\" sizes=\"auto, (max-width: 293px) 100vw, 293px\" \/><\/a><\/p>\n<p>A petici\u00f3 de diferents centres, des del SEPIE han decidit <strong>ampliar el termini de participaci\u00f3<\/strong>, aix\u00ed que encara esteu a temps. El termini finalitzar\u00e0 el proper <strong>3 de febrer de 2025!<\/strong><\/p>\n<p>Si vols m\u00e9s informaci\u00f3, pots trobar-la en la <a href=\"https:\/\/projectes.xtec.cat\/internacional\/general\/concurs-escolar-europass-2024\/\" target=\"_blank\" rel=\"noopener\">not\u00edcia <\/a>publicada el passat mes de novembre o en la <a href=\"http:\/\/www.sepie.es\/iniciativas\/europass\/concursos.html\" target=\"_blank\" rel=\"noopener\">p\u00e0gina web del SEPIE.<\/a><\/p>\n<p>Anima l&#8217;alumnat i participeu!<\/p>\n<p>&nbsp;<\/p>\n<p>&nbsp;<\/p>\n","protected":false},"excerpt":{"rendered":"<p><a href=\"https:\/\/projectes.xtec.cat\/internacional\/wp-content\/uploads\/usu1767\/2024\/11\/concursEuropass2024.png\"><\/a><br \/>\nA petici\u00f3 de diferents centres, des del SEPIE han decidit ampliar el termini de participaci\u00f3, aix\u00ed que encara esteu a temps. El termini finalitzar\u00e0 el proper 3 de febrer de 2025!<br \/>\nSi vols m\u00e9s informaci\u00f3, pots trobar-la en la <a href=\"https:\/\/projectes.xtec.cat\/internacional\/general\/concurs-escolar-europass-2024\/\" target=\"_blank\" rel=\"noopener\">not\u00edcia <\/a>publicada el&hellip;  <a href=\"https:\/\/projectes.xtec.cat\/internacional\/general\/samplia-el-termini-per-participar-en-el-concurs-escolar-europass-2024\/\" title=\"Read S&#8217;amplia el termini per participar en el concurs Escolar Europass 2024!\">Llegeix m\u00e9s\u00bb<\/a><\/p>\n","protected":false},"author":1,"featured_media":15506,"comment_status":"open","ping_status":"closed","sticky":false,"template":"","format":"standard","meta":{"_bbp_topic_count":0,"_bbp_reply_count":0,"_bbp_total_topic_count":0,"_bbp_total_reply_count":0,"_bbp_voice_count":0,"_bbp_anonymous_reply_count":0,"_bbp_topic_count_hidden":0,"_bbp_reply_count_hidden":0,"_bbp_forum_subforum_count":0,"footnotes":""},"categories":[311,1,461,29,309,436],"tags":[],"class_list":["post-15915","post","type-post","status-publish","format-standard","has-post-thumbnail","hentry","category-erasmus","category-general","category-noticies-erasmus","category-portada","category-programa-erasmus-2021-2027","category-sepie"],"post_mailing_queue_ids":[],"_links":{"self":[{"href":"https:\/\/projectes.xtec.cat\/internacional\/wp-json\/wp\/v2\/posts\/15915","targetHints":{"allow":["GET"]}}],"collection":[{"href":"https:\/\/projectes.xtec.cat\/internacional\/wp-json\/wp\/v2\/posts"}],"about":[{"href":"https:\/\/projectes.xtec.cat\/internacional\/wp-json\/wp\/v2\/types\/post"}],"author":[{"embeddable":true,"href":"https:\/\/projectes.xtec.cat\/internacional\/wp-json\/wp\/v2\/users\/1"}],"replies":[{"embeddable":true,"href":"https:\/\/projectes.xtec.cat\/internacional\/wp-json\/wp\/v2\/comments?post=15915"}],"version-history":[{"count":5,"href":"https:\/\/projectes.xtec.cat\/internacional\/wp-json\/wp\/v2\/posts\/15915\/revisions"}],"predecessor-version":[{"id":15920,"href":"https:\/\/projectes.xtec.cat\/internacional\/wp-json\/wp\/v2\/posts\/15915\/revisions\/15920"}],"wp:featuredmedia":[{"embeddable":true,"href":"https:\/\/projectes.xtec.cat\/internacional\/wp-json\/wp\/v2\/media\/15506"}],"wp:attachment":[{"href":"https:\/\/projectes.xtec.cat\/internacional\/wp-json\/wp\/v2\/media?parent=15915"}],"wp:term":[{"taxonomy":"category","embeddable":true,"href":"https:\/\/projectes.xtec.cat\/internacional\/wp-json\/wp\/v2\/categories?post=15915"},{"taxonomy":"post_tag","embeddable":true,"href":"https:\/\/projectes.xtec.cat\/internacional\/wp-json\/wp\/v2\/tags?post=15915"}],"curies":[{"name":"wp","href":"https:\/\/api.w.org\/{rel}","templated":true}]}}