{"id":15921,"date":"2025-01-23T16:11:50","date_gmt":"2025-01-23T15:11:50","guid":{"rendered":"https:\/\/projectes.xtec.cat\/internacional\/?p=15921"},"modified":"2025-01-23T16:11:50","modified_gmt":"2025-01-23T15:11:50","slug":"alumnat-de-frances-arriben-les-nuits-de-la-lecture","status":"publish","type":"post","link":"https:\/\/projectes.xtec.cat\/internacional\/general\/alumnat-de-frances-arriben-les-nuits-de-la-lecture\/","title":{"rendered":"Alumnat de franc\u00e8s: arriben les &#8220;Nuits de la lecture&#8221;"},"content":{"rendered":"<p><a href=\"https:\/\/projectes.xtec.cat\/internacional\/wp-content\/uploads\/usu1767\/2025\/01\/Les-nuit-frances.png\"><img loading=\"lazy\" decoding=\"async\" class=\"wp-image-15923 aligncenter\" src=\"https:\/\/projectes.xtec.cat\/internacional\/wp-content\/uploads\/usu1767\/2025\/01\/Les-nuit-frances-1024x589.png\" alt=\"\" width=\"598\" height=\"344\" srcset=\"https:\/\/projectes.xtec.cat\/internacional\/wp-content\/uploads\/usu1767\/2025\/01\/Les-nuit-frances-1024x589.png 1024w, https:\/\/projectes.xtec.cat\/internacional\/wp-content\/uploads\/usu1767\/2025\/01\/Les-nuit-frances-300x173.png 300w, https:\/\/projectes.xtec.cat\/internacional\/wp-content\/uploads\/usu1767\/2025\/01\/Les-nuit-frances-768x442.png 768w, https:\/\/projectes.xtec.cat\/internacional\/wp-content\/uploads\/usu1767\/2025\/01\/Les-nuit-frances-1536x884.png 1536w, https:\/\/projectes.xtec.cat\/internacional\/wp-content\/uploads\/usu1767\/2025\/01\/Les-nuit-frances.png 1547w\" sizes=\"auto, (max-width: 598px) 100vw, 598px\" \/><\/a><\/p>\n<p style=\"font-weight: 400;\">Tens alumnat de franc\u00e8s? Volem compartir amb vosaltres una iniciativa que l&#8217;equip de cooperaci\u00f3 educativa i ling\u00fc\u00edstica de l\u2019Ambaixada de Fran\u00e7a a Espanya ha organitzat.<\/p>\n<p style=\"font-weight: 400;\">En el marc de l\u2019esdeveniment <strong>Les Nuits de la Lecture 2025<\/strong> (del 23 al 26 de gener), l&#8217;Institut de fran\u00e7ais d\u2019Espagne ofereix tres recorreguts pedag\u00f2gics centrats en la lectura de fragments literaris i convida l&#8217;alumnat de franc\u00e8s a descobrir la riquesa i diversitat de la llengua.<\/p>\n<ul>\n<li style=\"list-style-type: none;\">\n<ul>\n<li><strong>Per a prim\u00e0ria (7-10 anys): <\/strong><a href=\"https:\/\/view.genially.com\/675dbcc0c0848da4a9e0465f\" data-saferedirecturl=\"https:\/\/www.google.com\/url?q=https:\/\/view.genially.com\/675dbcc0c0848da4a9e0465f&amp;source=gmail&amp;ust=1737700331075000&amp;usg=AOvVaw3vtQGeqWswLY9Su-jT2n7m\">\u00c0 la d\u00e9couverte de Notre-Dame de Paris : patrimoine et \u00e9motions<\/a><\/li>\n<li><strong>Per a secund\u00e0ria (nivells A2+\/B1): <\/strong><a href=\"https:\/\/view.genially.com\/675ffbf25290467af6bc1ab8\" data-saferedirecturl=\"https:\/\/www.google.com\/url?q=https:\/\/view.genially.com\/675ffbf25290467af6bc1ab8&amp;source=gmail&amp;ust=1737700331075000&amp;usg=AOvVaw1yO3pdVmEOvzNG9aUvndHB\">Patrimoine et r\u00e9cits : la magie de Notre-Dame de Paris<\/a><\/li>\n<li style=\"font-weight: 400;\"><strong>Per a secund\u00e0ria (nivells B1+\/B2)<\/strong>, per participar cal escriure el seu nom: <a href=\"https:\/\/view.genially.com\/67609b58698f535da7f1dee1\" data-saferedirecturl=\"https:\/\/www.google.com\/url?q=https:\/\/view.genially.com\/67609b58698f535da7f1dee1&amp;source=gmail&amp;ust=1737700331076000&amp;usg=AOvVaw2gbQ8i-YNCQlBgN5Yp-5Pd\">Patrimoine et transmission : art, m\u00e9moire et enjeux d\u2019aujourd\u2019hui<\/a><\/li>\n<li style=\"font-weight: 400;\"><strong>Un escape room educatiu i <\/strong>l\u00fadic sobre la construcci\u00f3 de Notre-dame: <a href=\"https:\/\/view.genially.com\/67420fa16a3180ae20ed0922\" data-saferedirecturl=\"https:\/\/www.google.com\/url?q=https:\/\/view.genially.com\/67420fa16a3180ae20ed0922&amp;source=gmail&amp;ust=1737700331076000&amp;usg=AOvVaw0F2RaWjW3Bgj0ZxgvF98p9\">https:\/\/view.genially.com\/67420fa16a3180ae20ed0922<\/a><\/li>\n<\/ul>\n<\/li>\n<\/ul>\n<p style=\"font-weight: 400;\">Si hi participeu, compartiu les\u00a0vostres experi\u00e8ncies despr\u00e9s d\u2019utilitzar aquests kits pedag\u00f2gics a <a href=\"mailto:educacion@institutfrancais.es\">educacion@institutfrancais.es<\/a>.<\/p>\n<p style=\"font-weight: 400;\">Animeu al vostre alumnat a participar-hi!<\/p>\n","protected":false},"excerpt":{"rendered":"<p><a href=\"https:\/\/projectes.xtec.cat\/internacional\/wp-content\/uploads\/usu1767\/2025\/01\/Les-nuit-frances.png\"><\/a><br \/>\nTens alumnat de franc\u00e8s? Volem compartir amb vosaltres una iniciativa que l&#8217;equip de cooperaci\u00f3 educativa i ling\u00fc\u00edstica de l\u2019Ambaixada de Fran\u00e7a a Espanya ha organitzat.<br \/>\nEn el marc de l\u2019esdeveniment Les Nuits de la Lecture 2025 (del 23 al 26 de gener), l&#8217;Institut de fran\u00e7ais&hellip;  <a href=\"https:\/\/projectes.xtec.cat\/internacional\/general\/alumnat-de-frances-arriben-les-nuits-de-la-lecture\/\" title=\"Read Alumnat de franc\u00e8s: arriben les &#8220;Nuits de la lecture&#8221;\">Llegeix m\u00e9s\u00bb<\/a><\/p>\n","protected":false},"author":1,"featured_media":15923,"comment_status":"open","ping_status":"closed","sticky":false,"template":"","format":"standard","meta":{"_bbp_topic_count":0,"_bbp_reply_count":0,"_bbp_total_topic_count":0,"_bbp_total_reply_count":0,"_bbp_voice_count":0,"_bbp_anonymous_reply_count":0,"_bbp_topic_count_hidden":0,"_bbp_reply_count_hidden":0,"_bbp_forum_subforum_count":0,"footnotes":""},"categories":[1,379,29,76],"tags":[],"class_list":["post-15921","post","type-post","status-publish","format-standard","has-post-thumbnail","hentry","category-general","category-noticies-de-frances","category-portada","category-recursos"],"post_mailing_queue_ids":[],"_links":{"self":[{"href":"https:\/\/projectes.xtec.cat\/internacional\/wp-json\/wp\/v2\/posts\/15921","targetHints":{"allow":["GET"]}}],"collection":[{"href":"https:\/\/projectes.xtec.cat\/internacional\/wp-json\/wp\/v2\/posts"}],"about":[{"href":"https:\/\/projectes.xtec.cat\/internacional\/wp-json\/wp\/v2\/types\/post"}],"author":[{"embeddable":true,"href":"https:\/\/projectes.xtec.cat\/internacional\/wp-json\/wp\/v2\/users\/1"}],"replies":[{"embeddable":true,"href":"https:\/\/projectes.xtec.cat\/internacional\/wp-json\/wp\/v2\/comments?post=15921"}],"version-history":[{"count":6,"href":"https:\/\/projectes.xtec.cat\/internacional\/wp-json\/wp\/v2\/posts\/15921\/revisions"}],"predecessor-version":[{"id":15928,"href":"https:\/\/projectes.xtec.cat\/internacional\/wp-json\/wp\/v2\/posts\/15921\/revisions\/15928"}],"wp:featuredmedia":[{"embeddable":true,"href":"https:\/\/projectes.xtec.cat\/internacional\/wp-json\/wp\/v2\/media\/15923"}],"wp:attachment":[{"href":"https:\/\/projectes.xtec.cat\/internacional\/wp-json\/wp\/v2\/media?parent=15921"}],"wp:term":[{"taxonomy":"category","embeddable":true,"href":"https:\/\/projectes.xtec.cat\/internacional\/wp-json\/wp\/v2\/categories?post=15921"},{"taxonomy":"post_tag","embeddable":true,"href":"https:\/\/projectes.xtec.cat\/internacional\/wp-json\/wp\/v2\/tags?post=15921"}],"curies":[{"name":"wp","href":"https:\/\/api.w.org\/{rel}","templated":true}]}}