{"id":15946,"date":"2025-01-24T14:28:42","date_gmt":"2025-01-24T13:28:42","guid":{"rendered":"https:\/\/projectes.xtec.cat\/internacional\/?p=15946"},"modified":"2025-01-24T14:28:42","modified_gmt":"2025-01-24T13:28:42","slug":"programa-recuperacio-i-utilitzacio-educativa-de-pobles-abandonats","status":"publish","type":"post","link":"https:\/\/projectes.xtec.cat\/internacional\/general\/programa-recuperacio-i-utilitzacio-educativa-de-pobles-abandonats\/","title":{"rendered":"Programa &#8220;Recuperaci\u00f3 i utilitzaci\u00f3 educativa de pobles abandonats&#8221;"},"content":{"rendered":"<p><a href=\"https:\/\/projectes.xtec.cat\/internacional\/wp-content\/uploads\/usu1767\/2025\/01\/ProgramaRecuperacionpueblosabandonados.png\"><img loading=\"lazy\" decoding=\"async\" class=\"wp-image-15949 aligncenter\" src=\"https:\/\/projectes.xtec.cat\/internacional\/wp-content\/uploads\/usu1767\/2025\/01\/ProgramaRecuperacionpueblosabandonados-1024x268.png\" alt=\"\" width=\"823\" height=\"215\" srcset=\"https:\/\/projectes.xtec.cat\/internacional\/wp-content\/uploads\/usu1767\/2025\/01\/ProgramaRecuperacionpueblosabandonados-1024x268.png 1024w, https:\/\/projectes.xtec.cat\/internacional\/wp-content\/uploads\/usu1767\/2025\/01\/ProgramaRecuperacionpueblosabandonados-300x78.png 300w, https:\/\/projectes.xtec.cat\/internacional\/wp-content\/uploads\/usu1767\/2025\/01\/ProgramaRecuperacionpueblosabandonados-768x201.png 768w, https:\/\/projectes.xtec.cat\/internacional\/wp-content\/uploads\/usu1767\/2025\/01\/ProgramaRecuperacionpueblosabandonados-1536x402.png 1536w, https:\/\/projectes.xtec.cat\/internacional\/wp-content\/uploads\/usu1767\/2025\/01\/ProgramaRecuperacionpueblosabandonados.png 1850w\" sizes=\"auto, (max-width: 823px) 100vw, 823px\" \/><\/a><\/p>\n<p>T&#8217;agradaria fomentar, dins l&#8217;aula, aspectes relacionats amb la sostenibilitat, la conviv\u00e8ncia i la toler\u00e0ncia, la salut, la recuperaci\u00f3 del medi ambient&#8230;? El\u00a0programa de <strong>Recuperaci\u00f3 i Utilitzaci\u00f3 Educativa de Pobles Abandonats (per\u00edode lectiu)<\/strong> et dona l&#8217;oportunitat treballant els dos objectius principals que inclou:<\/p>\n<ul>\n<li style=\"list-style-type: none;\">\n<ul>\n<li>Facilitar als estudiants la comprensi\u00f3 de la necessitat d&#8217;un canvi per garantir l&#8217;equilibri entre les persones i el seu entorn, mitjan\u00e7ant activitats en pobles rurals amb hist\u00f2ria<\/li>\n<li>Contribuir a la recuperaci\u00f3 d&#8217;aquests llocs mitjan\u00e7ant t\u00e8cniques sostenibles respectuoses amb els m\u00e8todes tradicionals.<\/li>\n<\/ul>\n<\/li>\n<\/ul>\n<p>A trav\u00e9s de l&#8217;educaci\u00f3 ambiental, la salut, la toler\u00e0ncia i la cooperaci\u00f3, els estudiants treballen diferents \u00e0rees, promovent la <strong>interdisciplinarietat<\/strong> i implicant habilitats com la ci\u00e8ncia, la tecnologia, la cultura i les arts, alineant-se amb els objectius de l&#8217;Agenda 2030.<\/p>\n<h5>Destinataris<\/h5>\n<p>Alumnat de centres docents sostinguts amb fons p\u00fablics:<\/p>\n<ul>\n<li style=\"list-style-type: none;\">\n<ul>\n<li>3r i 4t d&#8217;ESO i Formaci\u00f3 Professional B\u00e0sica.<\/li>\n<li>Batxillerat, Cicles formatius de Grau Mitj\u00e0 de Formaci\u00f3 Professional i Cicles formatius de Grau Mitj\u00e0 d&#8217;Ensenyaments Art\u00edstics.<\/li>\n<li>Transici\u00f3 a la vida adulta i formaci\u00f3 professional per a l&#8217;alumnat amb necessitats educatives especials.<\/li>\n<\/ul>\n<\/li>\n<\/ul>\n<h5>Presentaci\u00f3 de sol\u00b7licituds<\/h5>\n<p>Des del 10 de gener de 2025 fins el <strong>04 de febrer<\/strong> de 2025 a les 12:00 h.<\/p>\n<p>Tota la informaci\u00f3 en el seg\u00fcent <a href=\"https:\/\/www.educacionfpydeportes.gob.es\/servicios-al-ciudadano\/catalogo\/general\/99\/996081\/ficha\/996081-2025.html#dg1\" target=\"_blank\" rel=\"noopener\">enlla\u00e7<\/a>.<\/p>\n<p>Cas de tenir dubtes, pots contactar directament a l&#8217;adre\u00e7a de correu electr\u00f2nic <a href=\"mailto:programas@educacion.gob.es\" target=\"_blank\" rel=\"noopener\">programas<span class=\"\"><span class=\"\">@educacion.gob.es.<\/span><\/span><\/a><\/p>\n<p>Anima&#8217;t!<\/p>\n","protected":false},"excerpt":{"rendered":"<p><a href=\"https:\/\/projectes.xtec.cat\/internacional\/wp-content\/uploads\/usu1767\/2025\/01\/ProgramaRecuperacionpueblosabandonados.png\"><\/a><br \/>\nT&#8217;agradaria fomentar, dins l&#8217;aula, aspectes relacionats amb la sostenibilitat, la conviv\u00e8ncia i la toler\u00e0ncia, la salut, la recuperaci\u00f3 del medi ambient&#8230;? El\u00a0programa de Recuperaci\u00f3 i Utilitzaci\u00f3 Educativa de Pobles Abandonats (per\u00edode lectiu) et dona l&#8217;oportunitat treballant els dos objectius principals que inclou:<\/p>\n<ul>\n<li style=\"list-style-type: none;\">\n<ul>\n<li>Facilitar&hellip;  <a href=\"https:\/\/projectes.xtec.cat\/internacional\/general\/programa-recuperacio-i-utilitzacio-educativa-de-pobles-abandonats\/\" title=\"Read Programa &#8220;Recuperaci\u00f3 i utilitzaci\u00f3 educativa de pobles abandonats&#8221;\">Llegeix m\u00e9s\u00bb<\/a><br \/>\n","protected":false},"author":1,"featured_media":15949,"comment_status":"open","ping_status":"closed","sticky":false,"template":"","format":"standard","meta":{"_bbp_topic_count":0,"_bbp_reply_count":0,"_bbp_total_topic_count":0,"_bbp_total_reply_count":0,"_bbp_voice_count":0,"_bbp_anonymous_reply_count":0,"_bbp_topic_count_hidden":0,"_bbp_reply_count_hidden":0,"_bbp_forum_subforum_count":0,"footnotes":""},"categories":[1,29],"tags":[],"class_list":["post-15946","post","type-post","status-publish","format-standard","has-post-thumbnail","hentry","category-general","category-portada"],"post_mailing_queue_ids":[],"_links":{"self":[{"href":"https:\/\/projectes.xtec.cat\/internacional\/wp-json\/wp\/v2\/posts\/15946","targetHints":{"allow":["GET"]}}],"collection":[{"href":"https:\/\/projectes.xtec.cat\/internacional\/wp-json\/wp\/v2\/posts"}],"about":[{"href":"https:\/\/projectes.xtec.cat\/internacional\/wp-json\/wp\/v2\/types\/post"}],"author":[{"embeddable":true,"href":"https:\/\/projectes.xtec.cat\/internacional\/wp-json\/wp\/v2\/users\/1"}],"replies":[{"embeddable":true,"href":"https:\/\/projectes.xtec.cat\/internacional\/wp-json\/wp\/v2\/comments?post=15946"}],"version-history":[{"count":6,"href":"https:\/\/projectes.xtec.cat\/internacional\/wp-json\/wp\/v2\/posts\/15946\/revisions"}],"predecessor-version":[{"id":15952,"href":"https:\/\/projectes.xtec.cat\/internacional\/wp-json\/wp\/v2\/posts\/15946\/revisions\/15952"}],"wp:featuredmedia":[{"embeddable":true,"href":"https:\/\/projectes.xtec.cat\/internacional\/wp-json\/wp\/v2\/media\/15949"}],"wp:attachment":[{"href":"https:\/\/projectes.xtec.cat\/internacional\/wp-json\/wp\/v2\/media?parent=15946"}],"wp:term":[{"taxonomy":"category","embeddable":true,"href":"https:\/\/projectes.xtec.cat\/internacional\/wp-json\/wp\/v2\/categories?post=15946"},{"taxonomy":"post_tag","embeddable":true,"href":"https:\/\/projectes.xtec.cat\/internacional\/wp-json\/wp\/v2\/tags?post=15946"}],"curies":[{"name":"wp","href":"https:\/\/api.w.org\/{rel}","templated":true}]}}