{"id":16145,"date":"2025-02-07T09:46:48","date_gmt":"2025-02-07T08:46:48","guid":{"rendered":"https:\/\/projectes.xtec.cat\/internacional\/?p=16145"},"modified":"2025-02-10T15:43:32","modified_gmt":"2025-02-10T14:43:32","slug":"oportunitat-per-transformar-el-teu-impacte-en-leducacio-de-persones-adultes","status":"publish","type":"post","link":"https:\/\/projectes.xtec.cat\/internacional\/general\/oportunitat-per-transformar-el-teu-impacte-en-leducacio-de-persones-adultes\/","title":{"rendered":"Oportunitat per transformar el teu impacte en l&#8217;Educaci\u00f3 de Persones Adultes!!"},"content":{"rendered":"<p><a href=\"https:\/\/projectes.xtec.cat\/internacional\/wp-content\/uploads\/usu1767\/2025\/02\/CercasocisAdults-1.png\"><img loading=\"lazy\" decoding=\"async\" class=\"wp-image-16152 aligncenter\" src=\"https:\/\/projectes.xtec.cat\/internacional\/wp-content\/uploads\/usu1767\/2025\/02\/CercasocisAdults-1-1024x492.png\" alt=\"\" width=\"748\" height=\"359\" srcset=\"https:\/\/projectes.xtec.cat\/internacional\/wp-content\/uploads\/usu1767\/2025\/02\/CercasocisAdults-1-1024x492.png 1024w, https:\/\/projectes.xtec.cat\/internacional\/wp-content\/uploads\/usu1767\/2025\/02\/CercasocisAdults-1-300x144.png 300w, https:\/\/projectes.xtec.cat\/internacional\/wp-content\/uploads\/usu1767\/2025\/02\/CercasocisAdults-1-768x369.png 768w, https:\/\/projectes.xtec.cat\/internacional\/wp-content\/uploads\/usu1767\/2025\/02\/CercasocisAdults-1.png 1377w\" sizes=\"auto, (max-width: 748px) 100vw, 748px\" \/><\/a><\/p>\n<p>Si treballes en l&#8217;\u00e0mbit de l&#8217;Educaci\u00f3 de Persones Adultes no et pots perdre aquesta oportunitat. L&#8217;<strong>Ag\u00e8ncia Nacional Irlandesa<\/strong> organitza un esdeveniment en l\u00ednia per a la cerca de socis per a projectes Erasmus+, espec\u00edficament orientat a aquelles entitats implicades en la <strong>formaci\u00f3 ambiental<\/strong> i <strong>l&#8217;educaci\u00f3 per a adults.<\/strong><\/p>\n<h4>Quan?<\/h4>\n<p>Tindr\u00e0 lloc el <strong>12 de mar\u00e7 de 2025, de 14:30 h a 16:00 hores<\/strong> (CET) i ser\u00e0 una gran oportunitat per establir contactes amb altres organitzacions que comparteixen els teus interessos i objectius.<\/p>\n<h4>Com participar-hi?<\/h4>\n<p>Si est\u00e0s interessat has d&#8217;emplenar i enviar el seg\u00fcent <a href=\"https:\/\/sepie.erasmusplus.gob.es\/comunica\/2025\/busqueda_socios_adultos\/\" target=\"_blank\" rel=\"noopener\">formulari d&#8217;inscripci\u00f3<\/a> <strong>abans del 20 de febrer a les 12:00 h (CET).<\/strong><\/p>\n<p>M\u00e9s informaci\u00f3 sobre l&#8217;esdeveniment en la <a href=\"https:\/\/epale.ec.europa.eu\/en\/content\/erasmus-adult-education-online-partner-finding-event-0\" target=\"_blank\" rel=\"noopener\">pagina web EPALE.<\/a><\/p>\n<p>No et quedis enrere, inscriu-te ara i forma part d&#8217;aquest projecte transformador!<\/p>\n","protected":false},"excerpt":{"rendered":"<p><a href=\"https:\/\/projectes.xtec.cat\/internacional\/wp-content\/uploads\/usu1767\/2025\/02\/CercasocisAdults-1.png\"><\/a><br \/>\nSi treballes en l&#8217;\u00e0mbit de l&#8217;Educaci\u00f3 de Persones Adultes no et pots perdre aquesta oportunitat. L&#8217;Ag\u00e8ncia Nacional Irlandesa organitza un esdeveniment en l\u00ednia per a la cerca de socis per a projectes Erasmus+, espec\u00edficament orientat a aquelles entitats implicades en la formaci\u00f3 ambiental i&hellip;  <a href=\"https:\/\/projectes.xtec.cat\/internacional\/general\/oportunitat-per-transformar-el-teu-impacte-en-leducacio-de-persones-adultes\/\" title=\"Read Oportunitat per transformar el teu impacte en l&#8217;Educaci\u00f3 de Persones Adultes!!\">Llegeix m\u00e9s\u00bb<\/a><\/p>\n","protected":false},"author":1,"featured_media":16152,"comment_status":"open","ping_status":"closed","sticky":false,"template":"","format":"standard","meta":{"_bbp_topic_count":0,"_bbp_reply_count":0,"_bbp_total_topic_count":0,"_bbp_total_reply_count":0,"_bbp_voice_count":0,"_bbp_anonymous_reply_count":0,"_bbp_topic_count_hidden":0,"_bbp_reply_count_hidden":0,"_bbp_forum_subforum_count":0,"footnotes":""},"categories":[311,1,312,318,461,29,309],"tags":[],"class_list":["post-16145","post","type-post","status-publish","format-standard","has-post-thumbnail","hentry","category-erasmus","category-general","category-ka1","category-ka2","category-noticies-erasmus","category-portada","category-programa-erasmus-2021-2027"],"post_mailing_queue_ids":[],"_links":{"self":[{"href":"https:\/\/projectes.xtec.cat\/internacional\/wp-json\/wp\/v2\/posts\/16145","targetHints":{"allow":["GET"]}}],"collection":[{"href":"https:\/\/projectes.xtec.cat\/internacional\/wp-json\/wp\/v2\/posts"}],"about":[{"href":"https:\/\/projectes.xtec.cat\/internacional\/wp-json\/wp\/v2\/types\/post"}],"author":[{"embeddable":true,"href":"https:\/\/projectes.xtec.cat\/internacional\/wp-json\/wp\/v2\/users\/1"}],"replies":[{"embeddable":true,"href":"https:\/\/projectes.xtec.cat\/internacional\/wp-json\/wp\/v2\/comments?post=16145"}],"version-history":[{"count":6,"href":"https:\/\/projectes.xtec.cat\/internacional\/wp-json\/wp\/v2\/posts\/16145\/revisions"}],"predecessor-version":[{"id":16156,"href":"https:\/\/projectes.xtec.cat\/internacional\/wp-json\/wp\/v2\/posts\/16145\/revisions\/16156"}],"wp:featuredmedia":[{"embeddable":true,"href":"https:\/\/projectes.xtec.cat\/internacional\/wp-json\/wp\/v2\/media\/16152"}],"wp:attachment":[{"href":"https:\/\/projectes.xtec.cat\/internacional\/wp-json\/wp\/v2\/media?parent=16145"}],"wp:term":[{"taxonomy":"category","embeddable":true,"href":"https:\/\/projectes.xtec.cat\/internacional\/wp-json\/wp\/v2\/categories?post=16145"},{"taxonomy":"post_tag","embeddable":true,"href":"https:\/\/projectes.xtec.cat\/internacional\/wp-json\/wp\/v2\/tags?post=16145"}],"curies":[{"name":"wp","href":"https:\/\/api.w.org\/{rel}","templated":true}]}}