{"id":16168,"date":"2025-02-10T08:33:29","date_gmt":"2025-02-10T07:33:29","guid":{"rendered":"https:\/\/projectes.xtec.cat\/internacional\/?p=16168"},"modified":"2025-02-10T08:33:29","modified_gmt":"2025-02-10T07:33:29","slug":"uneix-te-al-nooc-etwinning-en-fp-i-innova-els-teus-projectes-educatius","status":"publish","type":"post","link":"https:\/\/projectes.xtec.cat\/internacional\/general\/uneix-te-al-nooc-etwinning-en-fp-i-innova-els-teus-projectes-educatius\/","title":{"rendered":"Uneix-te al NOOC eTwinning en FP i innova els teus projectes educatius"},"content":{"rendered":"<p><a href=\"https:\/\/projectes.xtec.cat\/internacional\/wp-content\/uploads\/usu1767\/2025\/02\/NOCCFP.png\"><img loading=\"lazy\" decoding=\"async\" class=\"wp-image-16175 aligncenter\" src=\"https:\/\/projectes.xtec.cat\/internacional\/wp-content\/uploads\/usu1767\/2025\/02\/NOCCFP-1024x577.png\" alt=\"\" width=\"697\" height=\"393\" srcset=\"https:\/\/projectes.xtec.cat\/internacional\/wp-content\/uploads\/usu1767\/2025\/02\/NOCCFP-1024x577.png 1024w, https:\/\/projectes.xtec.cat\/internacional\/wp-content\/uploads\/usu1767\/2025\/02\/NOCCFP-300x169.png 300w, https:\/\/projectes.xtec.cat\/internacional\/wp-content\/uploads\/usu1767\/2025\/02\/NOCCFP-768x433.png 768w, https:\/\/projectes.xtec.cat\/internacional\/wp-content\/uploads\/usu1767\/2025\/02\/NOCCFP.png 1221w\" sizes=\"auto, (max-width: 697px) 100vw, 697px\" \/><\/a><\/p>\n<p>T&#8217;agradaria <strong>innovar<\/strong> les teves sessions dins l&#8217;aula i <strong>connectar<\/strong> <strong>amb docents d&#8217;arreu d&#8217;Europa<\/strong>?<\/p>\n<p>Participa en el <strong>NOOC eTwinning en FP<\/strong>, nano experi\u00e8ncia d&#8217;aprenentatge dissenyada per a que, en nom\u00e9s 10 dies, puguis descobrir el potencial d&#8217;eTwinning com a eina per a desenvolupar projectes educatius innovadors.<\/p>\n<h4>Qu\u00e8 pots aprendre?<\/h4>\n<ul>\n<li style=\"list-style-type: none;\">\n<ul>\n<li style=\"list-style-type: none;\">\n<ul>\n<li><strong>Dissenyar i planificar<\/strong> projectes eTwinning alineats amb el curr\u00edculum d&#8217;FP<\/li>\n<li><strong>Gestionar i fer seguiment<\/strong> d&#8217;un projecte col\u00b7laboratiu<\/li>\n<li><strong>Avaluar i aprofundir<\/strong> els resultats del projecte per poder maximitzar el seu impacte<\/li>\n<\/ul>\n<\/li>\n<\/ul>\n<\/li>\n<\/ul>\n<p>En finalitzar les activitats rebr\u00e0s una <strong>credencial digital oberta<\/strong>, que podr\u00e0s emmagatzemar en la teva motxilla d&#8217;ins\u00edgnies INTEF i compartir en altres espais digitals, tot desenvolupant la <strong>Compet\u00e8ncia Digital Docent<\/strong> en les \u00e0rees definides en el <a href=\"https:\/\/www.boe.es\/boe\/dias\/2022\/05\/16\/pdfs\/BOE-A-2022-8042.pdf\" target=\"_blank\" rel=\"noopener\">Marc de refer\u00e8ncia de la compet\u00e8ncia digital docent<\/a> (BOE, 16 de maig de 2022).<\/p>\n<h4>Quan?<\/h4>\n<ul>\n<li style=\"list-style-type: none;\">\n<ul>\n<li style=\"list-style-type: none;\">\n<ul>\n<li>Inici de les classes: <strong>12 de febrer<\/strong> de 2025<\/li>\n<li>Finalitzaci\u00f3 de les classes: <strong>21 de febrer<\/strong> de 2025<\/li>\n<li>Esfor\u00e7 estimat: 180 minuts<\/li>\n<\/ul>\n<\/li>\n<\/ul>\n<\/li>\n<\/ul>\n<p>&nbsp;<\/p>\n<p>Pots obtenir m\u00e9s informaci\u00f3 sobre el NOOC <a href=\"https:\/\/enlinea.intef.es\/courses\/course-v1:INTEF+nooceTwFP+2025_ET1\/about\" target=\"_blank\" rel=\"noopener\">aqu\u00ed<\/a>.<\/p>\n<p>No te&#8217;l pots perdre!<\/p>\n<p>&nbsp;<\/p>\n","protected":false},"excerpt":{"rendered":"<p><a href=\"https:\/\/projectes.xtec.cat\/internacional\/wp-content\/uploads\/usu1767\/2025\/02\/NOCCFP.png\"><\/a><br \/>\nT&#8217;agradaria innovar les teves sessions dins l&#8217;aula i connectar amb docents d&#8217;arreu d&#8217;Europa?<br \/>\nParticipa en el NOOC eTwinning en FP, nano experi\u00e8ncia d&#8217;aprenentatge dissenyada per a que, en nom\u00e9s 10 dies, puguis descobrir el potencial d&#8217;eTwinning com a eina per a desenvolupar projectes educatius innovadors.<br \/>\nQu\u00e8&hellip;  <a href=\"https:\/\/projectes.xtec.cat\/internacional\/general\/uneix-te-al-nooc-etwinning-en-fp-i-innova-els-teus-projectes-educatius\/\" title=\"Read Uneix-te al NOOC eTwinning en FP i innova els teus projectes educatius\">Llegeix m\u00e9s\u00bb<\/a><\/p>\n","protected":false},"author":1,"featured_media":16175,"comment_status":"open","ping_status":"closed","sticky":false,"template":"","format":"standard","meta":{"_bbp_topic_count":0,"_bbp_reply_count":0,"_bbp_total_topic_count":0,"_bbp_total_reply_count":0,"_bbp_voice_count":0,"_bbp_anonymous_reply_count":0,"_bbp_topic_count_hidden":0,"_bbp_reply_count_hidden":0,"_bbp_forum_subforum_count":0,"footnotes":""},"categories":[295,154,1,367,458,29,76],"tags":[],"class_list":["post-16168","post","type-post","status-publish","format-standard","has-post-thumbnail","hentry","category-etwinning","category-formacio","category-general","category-noticies-etwinning-etwinning","category-noticies-formacio-etwinning","category-portada","category-recursos"],"post_mailing_queue_ids":[],"_links":{"self":[{"href":"https:\/\/projectes.xtec.cat\/internacional\/wp-json\/wp\/v2\/posts\/16168","targetHints":{"allow":["GET"]}}],"collection":[{"href":"https:\/\/projectes.xtec.cat\/internacional\/wp-json\/wp\/v2\/posts"}],"about":[{"href":"https:\/\/projectes.xtec.cat\/internacional\/wp-json\/wp\/v2\/types\/post"}],"author":[{"embeddable":true,"href":"https:\/\/projectes.xtec.cat\/internacional\/wp-json\/wp\/v2\/users\/1"}],"replies":[{"embeddable":true,"href":"https:\/\/projectes.xtec.cat\/internacional\/wp-json\/wp\/v2\/comments?post=16168"}],"version-history":[{"count":6,"href":"https:\/\/projectes.xtec.cat\/internacional\/wp-json\/wp\/v2\/posts\/16168\/revisions"}],"predecessor-version":[{"id":16182,"href":"https:\/\/projectes.xtec.cat\/internacional\/wp-json\/wp\/v2\/posts\/16168\/revisions\/16182"}],"wp:featuredmedia":[{"embeddable":true,"href":"https:\/\/projectes.xtec.cat\/internacional\/wp-json\/wp\/v2\/media\/16175"}],"wp:attachment":[{"href":"https:\/\/projectes.xtec.cat\/internacional\/wp-json\/wp\/v2\/media?parent=16168"}],"wp:term":[{"taxonomy":"category","embeddable":true,"href":"https:\/\/projectes.xtec.cat\/internacional\/wp-json\/wp\/v2\/categories?post=16168"},{"taxonomy":"post_tag","embeddable":true,"href":"https:\/\/projectes.xtec.cat\/internacional\/wp-json\/wp\/v2\/tags?post=16168"}],"curies":[{"name":"wp","href":"https:\/\/api.w.org\/{rel}","templated":true}]}}