{"id":16252,"date":"2025-02-14T10:34:43","date_gmt":"2025-02-14T09:34:43","guid":{"rendered":"https:\/\/projectes.xtec.cat\/internacional\/?p=16252"},"modified":"2025-02-14T10:34:43","modified_gmt":"2025-02-14T09:34:43","slug":"resolucio-llistats-definitius-erasmus-ka122-adu-conv-2024-2a-volta","status":"publish","type":"post","link":"https:\/\/projectes.xtec.cat\/internacional\/general\/resolucio-llistats-definitius-erasmus-ka122-adu-conv-2024-2a-volta\/","title":{"rendered":"Resoluci\u00f3 llistats definitius Erasmus+ KA122-ADU conv. 2024 (2a volta)"},"content":{"rendered":"<p><a href=\"https:\/\/projectes.xtec.cat\/internacional\/wp-content\/uploads\/usu1767\/2025\/02\/KA122ADUvolta2.png\"><img loading=\"lazy\" decoding=\"async\" class=\"wp-image-16256 aligncenter\" src=\"https:\/\/projectes.xtec.cat\/internacional\/wp-content\/uploads\/usu1767\/2025\/02\/KA122ADUvolta2-1024x377.png\" alt=\"\" width=\"789\" height=\"291\" srcset=\"https:\/\/projectes.xtec.cat\/internacional\/wp-content\/uploads\/usu1767\/2025\/02\/KA122ADUvolta2-1024x377.png 1024w, https:\/\/projectes.xtec.cat\/internacional\/wp-content\/uploads\/usu1767\/2025\/02\/KA122ADUvolta2-300x110.png 300w, https:\/\/projectes.xtec.cat\/internacional\/wp-content\/uploads\/usu1767\/2025\/02\/KA122ADUvolta2-768x283.png 768w, https:\/\/projectes.xtec.cat\/internacional\/wp-content\/uploads\/usu1767\/2025\/02\/KA122ADUvolta2.png 1361w\" sizes=\"auto, (max-width: 789px) 100vw, 789px\" \/><\/a><\/p>\n<p>Ja s\u2019han publicat els llistats definitius de les sol\u00b7licituds seleccionades i rebutjades de l\u2019<strong>Acci\u00f3 Clau1<\/strong> \u2013 Mobilitat educativa de les persones en l&#8217; <strong>\u00e0mbit de l&#8217;Educaci\u00f3 de Persones Adultes (KA122-ADU), <\/strong>en segona volta,\u00a0corresponents a la Convocat\u00f2ria de Propostes del programa Erasmus+ 2024, per al per\u00edode 2025-2027.<\/p>\n<p>Tota la informaci\u00f3 sobre la resoluci\u00f3 la pots veure en el seg\u00fcent <a href=\"http:\/\/www.sepie.es\/doc\/convocatoria\/2024\/resoluciones\/febrero_2025\/ka122\/resolucion.pdf\" target=\"_blank\" rel=\"noopener\">enlla\u00e7<\/a>.<\/p>\n","protected":false},"excerpt":{"rendered":"<p><a href=\"https:\/\/projectes.xtec.cat\/internacional\/wp-content\/uploads\/usu1767\/2025\/02\/KA122ADUvolta2.png\"><\/a><br \/>\nJa s\u2019han publicat els llistats definitius de les sol\u00b7licituds seleccionades i rebutjades de l\u2019Acci\u00f3 Clau1 \u2013 Mobilitat educativa de les persones en l&#8217; \u00e0mbit de l&#8217;Educaci\u00f3 de Persones Adultes (KA122-ADU), en segona volta,\u00a0corresponents a la Convocat\u00f2ria de Propostes del programa Erasmus+ 2024, per al&hellip;  <a href=\"https:\/\/projectes.xtec.cat\/internacional\/general\/resolucio-llistats-definitius-erasmus-ka122-adu-conv-2024-2a-volta\/\" title=\"Read Resoluci\u00f3 llistats definitius Erasmus+ KA122-ADU conv. 2024 (2a volta)\">Llegeix m\u00e9s\u00bb<\/a><\/p>\n","protected":false},"author":1,"featured_media":16256,"comment_status":"open","ping_status":"closed","sticky":false,"template":"","format":"standard","meta":{"_bbp_topic_count":0,"_bbp_reply_count":0,"_bbp_total_topic_count":0,"_bbp_total_reply_count":0,"_bbp_voice_count":0,"_bbp_anonymous_reply_count":0,"_bbp_topic_count_hidden":0,"_bbp_reply_count_hidden":0,"_bbp_forum_subforum_count":0,"footnotes":""},"categories":[311,1,312,461,29,309,436],"tags":[],"class_list":["post-16252","post","type-post","status-publish","format-standard","has-post-thumbnail","hentry","category-erasmus","category-general","category-ka1","category-noticies-erasmus","category-portada","category-programa-erasmus-2021-2027","category-sepie"],"post_mailing_queue_ids":[],"_links":{"self":[{"href":"https:\/\/projectes.xtec.cat\/internacional\/wp-json\/wp\/v2\/posts\/16252","targetHints":{"allow":["GET"]}}],"collection":[{"href":"https:\/\/projectes.xtec.cat\/internacional\/wp-json\/wp\/v2\/posts"}],"about":[{"href":"https:\/\/projectes.xtec.cat\/internacional\/wp-json\/wp\/v2\/types\/post"}],"author":[{"embeddable":true,"href":"https:\/\/projectes.xtec.cat\/internacional\/wp-json\/wp\/v2\/users\/1"}],"replies":[{"embeddable":true,"href":"https:\/\/projectes.xtec.cat\/internacional\/wp-json\/wp\/v2\/comments?post=16252"}],"version-history":[{"count":6,"href":"https:\/\/projectes.xtec.cat\/internacional\/wp-json\/wp\/v2\/posts\/16252\/revisions"}],"predecessor-version":[{"id":16266,"href":"https:\/\/projectes.xtec.cat\/internacional\/wp-json\/wp\/v2\/posts\/16252\/revisions\/16266"}],"wp:featuredmedia":[{"embeddable":true,"href":"https:\/\/projectes.xtec.cat\/internacional\/wp-json\/wp\/v2\/media\/16256"}],"wp:attachment":[{"href":"https:\/\/projectes.xtec.cat\/internacional\/wp-json\/wp\/v2\/media?parent=16252"}],"wp:term":[{"taxonomy":"category","embeddable":true,"href":"https:\/\/projectes.xtec.cat\/internacional\/wp-json\/wp\/v2\/categories?post=16252"},{"taxonomy":"post_tag","embeddable":true,"href":"https:\/\/projectes.xtec.cat\/internacional\/wp-json\/wp\/v2\/tags?post=16252"}],"curies":[{"name":"wp","href":"https:\/\/api.w.org\/{rel}","templated":true}]}}