{"id":16325,"date":"2025-02-17T07:45:48","date_gmt":"2025-02-17T06:45:48","guid":{"rendered":"https:\/\/projectes.xtec.cat\/internacional\/?p=16325"},"modified":"2025-02-17T07:45:48","modified_gmt":"2025-02-17T06:45:48","slug":"enquesta-publica-sobre-el-futur-del-pressupost-de-la-ue","status":"publish","type":"post","link":"https:\/\/projectes.xtec.cat\/internacional\/general\/enquesta-publica-sobre-el-futur-del-pressupost-de-la-ue\/","title":{"rendered":"Enquesta p\u00fablica sobre el futur del pressupost de la UE"},"content":{"rendered":"<p><a href=\"https:\/\/projectes.xtec.cat\/internacional\/wp-content\/uploads\/usu1767\/2025\/02\/Enquestapublica-1.png\"><img loading=\"lazy\" decoding=\"async\" class=\"wp-image-16328 alignright\" src=\"https:\/\/projectes.xtec.cat\/internacional\/wp-content\/uploads\/usu1767\/2025\/02\/Enquestapublica-1-1024x679.png\" alt=\"\" width=\"376\" height=\"249\" srcset=\"https:\/\/projectes.xtec.cat\/internacional\/wp-content\/uploads\/usu1767\/2025\/02\/Enquestapublica-1-1024x679.png 1024w, https:\/\/projectes.xtec.cat\/internacional\/wp-content\/uploads\/usu1767\/2025\/02\/Enquestapublica-1-300x199.png 300w, https:\/\/projectes.xtec.cat\/internacional\/wp-content\/uploads\/usu1767\/2025\/02\/Enquestapublica-1-768x509.png 768w, https:\/\/projectes.xtec.cat\/internacional\/wp-content\/uploads\/usu1767\/2025\/02\/Enquestapublica-1.png 1244w\" sizes=\"auto, (max-width: 376px) 100vw, 376px\" \/><\/a><\/p>\n<p>La Comissi\u00f3 Europea ha llan\u00e7at una <strong>enquesta p\u00fablica sobre el futur del pressupost de la UE<\/strong>, disponible fins <strong>al 6 de maig<\/strong> en les lleng\u00fces oficials de la UE.<\/p>\n<h5>El motiu de la consulta?<\/h5>\n<p>L&#8217;actual marc financer plurianual (MFP), que estableix el pressupost a llarg termini de la UE, estar\u00e0 vigent fins a finals de 2027. El 2025, la Comissi\u00f3 presentar\u00e0 propostes per al nou MFP despr\u00e9s de 2027 i per a la seg\u00fcent generaci\u00f3 de programes financers. Seguint les orientacions pol\u00edtiques de la presidenta Von der Leyen, la Comissi\u00f3 treballa per crear un pressupost m\u00e9s senzill i amb un major impacte, alineat amb les prioritats estrat\u00e8giques de la UE, amb l&#8217;objectiu de ser una &#8220;Comissi\u00f3 d&#8217;inversions&#8221;. En aquest context, l&#8217;enquesta es centra en els fons de la UE dedicats a l&#8217;educaci\u00f3, la formaci\u00f3, la solidaritat transfronterera, els joves, els mitjans de comunicaci\u00f3, la cultura, els sectors creatius, els valors i la societat civil.<\/p>\n<p>Pots accedir a la consulta p\u00fablica <a href=\"https:\/\/ec.europa.eu\/info\/law\/better-regulation\/have-your-say\/initiatives\/14523-Proximo-presupuesto-a-largo-plazo-MFP-de-la-UE-financiacion-de-la-UE-para-la-educacion-la-formacion-y-la-solidaridad-transfronterizas-los-jovenes-los-medios-de-comunicacion-la-cultura-y-los-sectores-creativos-los-valores-y-la-sociedad-civil\/public-consultation_es\" target=\"_blank\" rel=\"noopener\">aqu\u00ed<\/a>.<\/p>\n","protected":false},"excerpt":{"rendered":"<p><a href=\"https:\/\/projectes.xtec.cat\/internacional\/wp-content\/uploads\/usu1767\/2025\/02\/Enquestapublica-1.png\"><\/a><br \/>\nLa Comissi\u00f3 Europea ha llan\u00e7at una enquesta p\u00fablica sobre el futur del pressupost de la UE, disponible fins al 6 de maig en les lleng\u00fces oficials de la UE.<br \/>\nEl motiu de la consulta?<br \/>\nL&#8217;actual marc financer plurianual (MFP), que estableix el pressupost a llarg termini&hellip;  <a href=\"https:\/\/projectes.xtec.cat\/internacional\/general\/enquesta-publica-sobre-el-futur-del-pressupost-de-la-ue\/\" title=\"Read Enquesta p\u00fablica sobre el futur del pressupost de la UE\">Llegeix m\u00e9s\u00bb<\/a><\/p>\n","protected":false},"author":1,"featured_media":16328,"comment_status":"open","ping_status":"closed","sticky":false,"template":"","format":"standard","meta":{"_bbp_topic_count":0,"_bbp_reply_count":0,"_bbp_total_topic_count":0,"_bbp_total_reply_count":0,"_bbp_voice_count":0,"_bbp_anonymous_reply_count":0,"_bbp_topic_count_hidden":0,"_bbp_reply_count_hidden":0,"_bbp_forum_subforum_count":0,"footnotes":""},"categories":[1,29,76,436],"tags":[],"class_list":["post-16325","post","type-post","status-publish","format-standard","has-post-thumbnail","hentry","category-general","category-portada","category-recursos","category-sepie"],"post_mailing_queue_ids":[],"_links":{"self":[{"href":"https:\/\/projectes.xtec.cat\/internacional\/wp-json\/wp\/v2\/posts\/16325","targetHints":{"allow":["GET"]}}],"collection":[{"href":"https:\/\/projectes.xtec.cat\/internacional\/wp-json\/wp\/v2\/posts"}],"about":[{"href":"https:\/\/projectes.xtec.cat\/internacional\/wp-json\/wp\/v2\/types\/post"}],"author":[{"embeddable":true,"href":"https:\/\/projectes.xtec.cat\/internacional\/wp-json\/wp\/v2\/users\/1"}],"replies":[{"embeddable":true,"href":"https:\/\/projectes.xtec.cat\/internacional\/wp-json\/wp\/v2\/comments?post=16325"}],"version-history":[{"count":7,"href":"https:\/\/projectes.xtec.cat\/internacional\/wp-json\/wp\/v2\/posts\/16325\/revisions"}],"predecessor-version":[{"id":16343,"href":"https:\/\/projectes.xtec.cat\/internacional\/wp-json\/wp\/v2\/posts\/16325\/revisions\/16343"}],"wp:featuredmedia":[{"embeddable":true,"href":"https:\/\/projectes.xtec.cat\/internacional\/wp-json\/wp\/v2\/media\/16328"}],"wp:attachment":[{"href":"https:\/\/projectes.xtec.cat\/internacional\/wp-json\/wp\/v2\/media?parent=16325"}],"wp:term":[{"taxonomy":"category","embeddable":true,"href":"https:\/\/projectes.xtec.cat\/internacional\/wp-json\/wp\/v2\/categories?post=16325"},{"taxonomy":"post_tag","embeddable":true,"href":"https:\/\/projectes.xtec.cat\/internacional\/wp-json\/wp\/v2\/tags?post=16325"}],"curies":[{"name":"wp","href":"https:\/\/api.w.org\/{rel}","templated":true}]}}